{"id":260087,"date":"2025-11-28T10:00:09","date_gmt":"2025-11-28T10:00:09","guid":{"rendered":"https:\/\/www.europesays.com\/es\/260087\/"},"modified":"2025-11-28T10:00:09","modified_gmt":"2025-11-28T10:00:09","slug":"mikel-serrano-del-promesas-se-postula-como-novedad-en-la-convocatoria-de-osasuna","status":"publish","type":"post","link":"https:\/\/www.europesays.com\/es\/260087\/","title":{"rendered":"Mikel Serrano, del Promesas, se postula como novedad en la convocatoria de Osasuna"},"content":{"rendered":"<p class=\"paragraph\"><b>La convocatoria de Osasuna apunta a tener este viernes una cara nueva: Mikel Serrano Garc\u00eda (Zaragoza, 2003).<\/b> La sanci\u00f3n de I\u00f1igo Arguibide, en la din\u00e1mica de entrenamientos desde la lesi\u00f3n de Iker Benito, le abre la puerta a este jugador que lleg\u00f3 del Unionistas de Salamanca este verano.<b> Puede jugar tanto de central como de lateral derecho<\/b>, por lo que se ajusta al perfil que busca Lisci para cubrir posibles contratiempos. Adem\u00e1s, <b>su condici\u00f3n de sub 23 le permitir\u00eda alternar minutos entre el primer equipo y el filial<\/b>. Osasuna regresar\u00e1 de Mallorca ma\u00f1ana mismo, por lo que podr\u00eda jugar el domingo con el filial.\u00a0<\/p>\n<p class=\"paragraph\"><b>Lisci esperar\u00e1 al \u00faltimo entrenamiento de esta ma\u00f1ana<\/b> para confirmar su presencia, ya que lleva un mes <b>fuera de los terrenos de juego por un problema m\u00e9dico<\/b>. Salvo sorpresa, cuenta para entrar en la lista de convocados. Su \u00faltima aparici\u00f3n con el filial que dirige Castillejo fue el pasado 18 de octubre contra el Pontevedra. <b>Ha completado siete encuentros.\u00a0<\/b><\/p>\n<p class=\"paragraph\">Formado en la cantera del Real Zaragoza, pas\u00f3 por el Tudelano antes de recalar en el Unionistas, desde donde dio el salto a Pamplona. Tiene contrato hasta junio, pero el club puede ampliarlo dos a\u00f1os m\u00e1s de forma unilateral.<\/p>\n","protected":false},"excerpt":{"rendered":"La convocatoria de Osasuna apunta a tener este viernes una cara nueva: Mikel Serrano Garc\u00eda (Zaragoza, 2003). La&hellip;\n","protected":false},"author":2,"featured_media":260088,"comment_status":"","ping_status":"","sticky":false,"template":"","format":"standard","meta":{"footnotes":""},"categories":[268],"tags":[168,25,24,280,282,5484,25295,34415,13156,1515,281,23,167],"class_list":{"0":"post-260087","1":"post","2":"type-post","3":"status-publish","4":"format-standard","5":"has-post-thumbnail","7":"category-futbol","8":"tag-deportes","9":"tag-es","10":"tag-espana","11":"tag-football","12":"tag-futbol","13":"tag-mikel","14":"tag-novedad","15":"tag-postula","16":"tag-promesas","17":"tag-serrano","18":"tag-soccer","19":"tag-spain","20":"tag-sports"},"share_on_mastodon":{"url":"https:\/\/pubeurope.com\/@es\/115626745884175026","error":""},"_links":{"self":[{"href":"https:\/\/www.europesays.com\/es\/wp-json\/wp\/v2\/posts\/260087","targetHints":{"allow":["GET"]}}],"collection":[{"href":"https:\/\/www.europesays.com\/es\/wp-json\/wp\/v2\/posts"}],"about":[{"href":"https:\/\/www.europesays.com\/es\/wp-json\/wp\/v2\/types\/post"}],"author":[{"embeddable":true,"href":"https:\/\/www.europesays.com\/es\/wp-json\/wp\/v2\/users\/2"}],"replies":[{"embeddable":true,"href":"https:\/\/www.europesays.com\/es\/wp-json\/wp\/v2\/comments?post=260087"}],"version-history":[{"count":0,"href":"https:\/\/www.europesays.com\/es\/wp-json\/wp\/v2\/posts\/260087\/revisions"}],"wp:featuredmedia":[{"embeddable":true,"href":"https:\/\/www.europesays.com\/es\/wp-json\/wp\/v2\/media\/260088"}],"wp:attachment":[{"href":"https:\/\/www.europesays.com\/es\/wp-json\/wp\/v2\/media?parent=260087"}],"wp:term":[{"taxonomy":"category","embeddable":true,"href":"https:\/\/www.europesays.com\/es\/wp-json\/wp\/v2\/categories?post=260087"},{"taxonomy":"post_tag","embeddable":true,"href":"https:\/\/www.europesays.com\/es\/wp-json\/wp\/v2\/tags?post=260087"}],"curies":[{"name":"wp","href":"https:\/\/api.w.org\/{rel}","templated":true}]}}