{"id":260089,"date":"2025-11-28T10:01:12","date_gmt":"2025-11-28T10:01:12","guid":{"rendered":"https:\/\/www.europesays.com\/es\/260089\/"},"modified":"2025-11-28T10:01:12","modified_gmt":"2025-11-28T10:01:12","slug":"fallecio-conrado-osorio-recordado-actor-de-padres-e-hijos-a-los-49-anos","status":"publish","type":"post","link":"https:\/\/www.europesays.com\/es\/260089\/","title":{"rendered":"Falleci\u00f3 Conrado Osorio, recordado actor de Padres e Hijos, a los 49 a\u00f1os"},"content":{"rendered":"\n<p>El mundo de la televisi\u00f3n lamenta la muerte del actor <b>Conrado Osorio<\/b>, de 49 a\u00f1os, quien batall\u00f3 contra un c\u00e1ncer de colon que hab\u00eda hecho met\u00e1stasis en su cuello y lo oblig\u00f3 a someterse a radioterapia. Sin embargo, su salud se fue deteriorando paulatinamente hasta terminar con su vida.<\/p>\n<p>A \u00e9l lo recordamos por su participaci\u00f3n en Padres e Hijos, una serie colombiana que estuvo al aire durante 16 a\u00f1os \u2014desde su estreno en 1993 hasta su final en 2009\u2014.<\/p>\n<p><b>Ent\u00e9rese: <a rel=\"noopener noreferrer nofollow\" href=\"https:\/\/www.elcolombiano.com\/entretenimiento\/fiscalia-confirma-investigacion-contra-raul-rocha-copropietario-miss-universo-OJ31290907\" target=\"_blank\">Fiscal\u00eda mexicana confirm\u00f3 investigaci\u00f3n contra Ra\u00fal Rocha, copropietario de Miss Universo por tr\u00e1fico de drogas y armas<\/a><\/b><\/p>\n<p>La noticia fue confirmada en la tarde de este jueves por su hermano, el periodista deportivo <b>Jhon Jairo Osorio,<\/b> quien a trav\u00e9s de sus redes sociales expres\u00f3 su tristeza y su deseo de recordarlo como un ser especial que entreg\u00f3 su talento a la televisi\u00f3n colombiana.<\/p>\n<p>\u201cTe voy a extra\u00f1ar, per sobre todo te voy a recordar feliz y te voy a honrar siempre. La vida me premi\u00f3 con un hermano que fue un parcero, un c\u00f3mplice, un amigo, un confidente y un referente. Buen viaje. Me siento orgulloso de ti, de tus pel\u00edculas, de tus terquedades, de tus rega\u00f1os y de tus ense\u00f1anzas\u201d, escribi\u00f3 en un post el periodista y comparti\u00f3 una foto de ambos.<\/p>\n<p>Y agreg\u00f3: \u201cLa diste toda. En alg\u00fan momento seguiremos las conversaciones de hospital&#8230; <b>\u00a1Te qued\u00e9 debiendo varios cuentos! <\/b>Te amo, hermano\u201d.<\/p>\n<p>El actor hab\u00eda celebrado sus cumplea\u00f1os recientemente, exactamente el 26 de octubre, un momento en el que agradeci\u00f3 a Dios por los momentos vivis cerca a su familia y amigos.<\/p>\n<p>\u201cEn este dia que est\u00e1 terminando solo quiero decir: <b>DIOS GRACIASSSSS <\/b>Por tanto por estos a\u00f1os de vida, por mi Familia y Amigos por tantas personas regalandome una oraci\u00f3n por mi recuperaci\u00f3n ; se siente bonito y llena el alma. <b>DIOS PADRE <\/b>que se haga tu voluntad (sic)\u201d, hab\u00eda escrito el d\u00eda de sus cumplea\u00f1os.<\/p>\n","protected":false},"excerpt":{"rendered":"El mundo de la televisi\u00f3n lamenta la muerte del actor Conrado Osorio, de 49 a\u00f1os, quien batall\u00f3 contra&hellip;\n","protected":false},"author":2,"featured_media":260090,"comment_status":"","ping_status":"","sticky":false,"template":"","format":"standard","meta":{"footnotes":""},"categories":[174],"tags":[255,146,147,25,24,256,1267,23],"class_list":{"0":"post-260089","1":"post","2":"type-post","3":"status-publish","4":"format-standard","5":"has-post-thumbnail","7":"category-famosos","8":"tag-celebrities","9":"tag-entertainment","10":"tag-entretenimiento","11":"tag-es","12":"tag-espana","13":"tag-famosos","14":"tag-noticias-el-colombiano","15":"tag-spain"},"share_on_mastodon":{"url":"https:\/\/pubeurope.com\/@es\/115626749819123533","error":""},"_links":{"self":[{"href":"https:\/\/www.europesays.com\/es\/wp-json\/wp\/v2\/posts\/260089","targetHints":{"allow":["GET"]}}],"collection":[{"href":"https:\/\/www.europesays.com\/es\/wp-json\/wp\/v2\/posts"}],"about":[{"href":"https:\/\/www.europesays.com\/es\/wp-json\/wp\/v2\/types\/post"}],"author":[{"embeddable":true,"href":"https:\/\/www.europesays.com\/es\/wp-json\/wp\/v2\/users\/2"}],"replies":[{"embeddable":true,"href":"https:\/\/www.europesays.com\/es\/wp-json\/wp\/v2\/comments?post=260089"}],"version-history":[{"count":0,"href":"https:\/\/www.europesays.com\/es\/wp-json\/wp\/v2\/posts\/260089\/revisions"}],"wp:featuredmedia":[{"embeddable":true,"href":"https:\/\/www.europesays.com\/es\/wp-json\/wp\/v2\/media\/260090"}],"wp:attachment":[{"href":"https:\/\/www.europesays.com\/es\/wp-json\/wp\/v2\/media?parent=260089"}],"wp:term":[{"taxonomy":"category","embeddable":true,"href":"https:\/\/www.europesays.com\/es\/wp-json\/wp\/v2\/categories?post=260089"},{"taxonomy":"post_tag","embeddable":true,"href":"https:\/\/www.europesays.com\/es\/wp-json\/wp\/v2\/tags?post=260089"}],"curies":[{"name":"wp","href":"https:\/\/api.w.org\/{rel}","templated":true}]}}