{"id":260091,"date":"2025-11-28T10:02:10","date_gmt":"2025-11-28T10:02:10","guid":{"rendered":"https:\/\/www.europesays.com\/es\/260091\/"},"modified":"2025-11-28T10:02:10","modified_gmt":"2025-11-28T10:02:10","slug":"vandalizan-el-mural-del-guernica-horas-antes-de-los-actos-institucionales","status":"publish","type":"post","link":"https:\/\/www.europesays.com\/es\/260091\/","title":{"rendered":"Vandalizan el mural del Guernica horas antes de los actos institucionales"},"content":{"rendered":"<p><img fetchpriority=\"high\" class=\"v-a-img\" src=\"https:\/\/www.europesays.com\/es\/wp-content\/uploads\/2025\/11\/mural-gernika-kDDI-U2403847866060q-1200x840@El Correo.jpg\" loading=\"eager\" decoding=\"async\" alt=\"Vandalizan el mural del Guernica horas antes de los actos institucionales\"  width=\"1200\" height=\"840\"\/><\/p>\n<p>I. A.        <\/p>\n<p>Las pintadas han aparecido horas antes de que se celebre en la villa foral el homenaje a las v\u00edctimas del bombardeo del 26 de abril de 1937, en el que participar\u00e1n el Rey, el presidente de Alemania y el lehendakari<\/p>\n<p class=\"v-mdl-ath__p v-mdl-ath__p--6\">\nViernes, 28 de noviembre 2025, 10:18<\/p>\n<p>| Actualizado 10:41h.<\/p>\n<p class=\"v-p\">La r\u00e9plica del cuadro del Guernica que hace a\u00f1os se instal\u00f3 en la calle Allende Salazar de la villa foral ha amanecido este viernes llena de pintadas. Sobre las baldosas que componen el ic\u00f3nico mural han aparecido las frases \u00abErregea kanpora\u00bb (Fuera el rey), \u00abPedirnos perd\u00f3n\u00bb y \u00abQueremos libertad\u00bb, que los servicios de limpieza municipales han limpiado con las primeras horas del d\u00eda.<\/p>\n<blockquote class=\"twitter-tweet\">\n<p lang=\"eu\" dir=\"ltr\">\u274c Gorrotoan hezteak eta indarkeriaren kultura bultzatzeak horrelako gertaerak ekartzen ditu. Gure memoria iraintzea. <\/p>\n<p>\u270b Utilizar un s\u00edmbolo de paz como es Gernika es inaceptable. <a href=\"https:\/\/t.co\/T5bnlQTyEz\" rel=\"nofollow\">pic.twitter.com\/T5bnlQTyEz<\/a><\/p>\n<p>\u2014 I\u00f1igo Ansola Kareaga (@inigo_ansola) <a href=\"https:\/\/twitter.com\/inigo_ansola\/status\/1994316649189568574?ref_src=twsrc%5Etfw\" rel=\"nofollow noopener\" target=\"_blank\">November 28, 2025<\/a><\/p><\/blockquote>\n<p class=\"v-p\">Uno de los primeros en condenar el ataque ha sido I\u00f1igo Ansola, presidente del Bizkai Buru Batzar. Con un post publicado en su cuenta de &#8216;X&#8217;, el jeltzale ha calificado las pintadas de \u00abinsulto a nuestra memoria\u00bb. \u00abEducar en el odio y promover una cultura de violencia conduce a hechos como este\u00bb, ha criticado antes de advertir que \u00abutilizar un s\u00edmbolo de paz como es Gernika es inaceptable\u00ab.<\/p>\n<p class=\"v-p\">El acto vand\u00e1lico se ha producido a pocas horas de que se celebre en la localidad el homenaje . Una ceremonia en la que participar\u00e1n el Rey Felipe VI, el presidente de la Rep\u00fablica Federal de Alemania, Frank-Walter Steinmeier, y el lehendakari, Imanol Pradales. <\/p>\n<p class=\"v-p\">El mural, ubicado cerca de los juzgados de la villa, es una r\u00e9plica del cuadro pintado por Picasso para denunciar los horrores de la guerra. Con un simbolismo fuera de duda, la reproducci\u00f3n es uno de los puntos m\u00e1s fotografiados por los turistas que visitan la localidad cada a\u00f1o.<\/p>\n<p>Reporta un error<\/p>\n<p><script async src=\"https:\/\/platform.twitter.com\/widgets.js\" charset=\"utf-8\"><\/script><\/p>\n","protected":false},"excerpt":{"rendered":"I. A. Las pintadas han aparecido horas antes de que se celebre en la villa foral el homenaje&hellip;\n","protected":false},"author":2,"featured_media":260092,"comment_status":"","ping_status":"","sticky":false,"template":"","format":"standard","meta":{"footnotes":""},"categories":[173],"tags":[7309,229,233,231,230,232,234,146,147,25,24,13378,297,57274,15050,23,55031],"class_list":{"0":"post-260091","1":"post","2":"type-post","3":"status-publish","4":"format-standard","5":"has-post-thumbnail","7":"category-arte-y-diseno","8":"tag-actos","9":"tag-arte","10":"tag-arte-y-diseno","11":"tag-arts","12":"tag-arts-and-design","13":"tag-design","14":"tag-diseno","15":"tag-entertainment","16":"tag-entretenimiento","17":"tag-es","18":"tag-espana","19":"tag-guernica","20":"tag-horas","21":"tag-institucionales","22":"tag-mural","23":"tag-spain","24":"tag-vandalizan"},"share_on_mastodon":{"url":"https:\/\/pubeurope.com\/@es\/115626753929166899","error":""},"_links":{"self":[{"href":"https:\/\/www.europesays.com\/es\/wp-json\/wp\/v2\/posts\/260091","targetHints":{"allow":["GET"]}}],"collection":[{"href":"https:\/\/www.europesays.com\/es\/wp-json\/wp\/v2\/posts"}],"about":[{"href":"https:\/\/www.europesays.com\/es\/wp-json\/wp\/v2\/types\/post"}],"author":[{"embeddable":true,"href":"https:\/\/www.europesays.com\/es\/wp-json\/wp\/v2\/users\/2"}],"replies":[{"embeddable":true,"href":"https:\/\/www.europesays.com\/es\/wp-json\/wp\/v2\/comments?post=260091"}],"version-history":[{"count":0,"href":"https:\/\/www.europesays.com\/es\/wp-json\/wp\/v2\/posts\/260091\/revisions"}],"wp:featuredmedia":[{"embeddable":true,"href":"https:\/\/www.europesays.com\/es\/wp-json\/wp\/v2\/media\/260092"}],"wp:attachment":[{"href":"https:\/\/www.europesays.com\/es\/wp-json\/wp\/v2\/media?parent=260091"}],"wp:term":[{"taxonomy":"category","embeddable":true,"href":"https:\/\/www.europesays.com\/es\/wp-json\/wp\/v2\/categories?post=260091"},{"taxonomy":"post_tag","embeddable":true,"href":"https:\/\/www.europesays.com\/es\/wp-json\/wp\/v2\/tags?post=260091"}],"curies":[{"name":"wp","href":"https:\/\/api.w.org\/{rel}","templated":true}]}}