{"id":260093,"date":"2025-11-28T10:04:11","date_gmt":"2025-11-28T10:04:11","guid":{"rendered":"https:\/\/www.europesays.com\/es\/260093\/"},"modified":"2025-11-28T10:04:11","modified_gmt":"2025-11-28T10:04:11","slug":"estos-son-hoy-los-invitados-de-de-viernes-el-programa-de-telecinco-28-de-noviembre","status":"publish","type":"post","link":"https:\/\/www.europesays.com\/es\/260093\/","title":{"rendered":"Estos son hoy los invitados de &#8216;\u00a1De viernes!&#8217;, el programa de Telecinco (28 de noviembre)"},"content":{"rendered":"\n<p>  28\/11\/2025 &#8211; 09:41  Actualizado: 28\/11\/2025 &#8211; 09:41   <\/p>\n<p> \u00daltimo <strong>\u00a1De viernes!<\/strong> del mes y Bea Archidona y Santi Acosta ya lo tienen todo listo para ofrecer a los amantes del g\u00e9nero el mejor contenido posible con rostros del coraz\u00f3n desde Telecinco. Acompa\u00f1ados de los periodistas y colaboradores habituales, intentar\u00e1n conseguir en directo las mejores declaraciones de <strong>los siguientes invitados<\/strong>, que ya han sido confirmados por Mediaset Espa\u00f1a. <\/p>\n<p>                Carolina Perles           <\/p>\n<p> Tan solo 24 horas despu\u00e9s de que Jos\u00e9 Luis \u00c1balos se haya convertido en el primer diputado nacional en ejercicio que ingresa en prisi\u00f3n, <a href=\"https:\/\/www.elconfidencial.com\/television\/programas-tv\/2025-09-08\/carolina-perles-exmujer-jose-luis-abalos-telecinco-1qrt_4203870\/\" target=\"_blank\" rel=\"nofollow noopener\"><strong>Carolina Perles<\/strong><\/a>, su exesposa, se sienta en el plat\u00f3 para abordar c\u00f3mo est\u00e1 viviendo esta situaci\u00f3n el entorno del pol\u00edtico y, especialmente, los hijos que tienen en com\u00fan. \u00bfC\u00f3mo han sido sus primeras horas en la c\u00e1rcel? \u00bfHa podido hablar con sus hijos antes de entrar en prisi\u00f3n? \u00bfEn qu\u00e9 punto est\u00e1 la relaci\u00f3n de \u00c1balos con su familia? A estas y otras cuestiones responder\u00e1 en los estudios de la cadena. <\/p>\n<p>                Carolina Perles. (Mediaset Espa\u00f1a)           Dulce Delapiedra           <\/p>\n<p> En un demoledor \u2018Scoop\u2019 tras m\u00e1s de cuatro horas de grabaci\u00f3n, <strong>Dulce, exni\u00f1era de Isa Pantoja<\/strong>, desmontar\u00e1 el discurso que Kiko Rivera ha ofrecido en las \u00faltimas entregas del programa y ofrecer\u00e1 nuevos detalles del desagradable episodio de la manguera. Testigo de lo que suced\u00eda en Cantora, relatar\u00e1 episodios desconocidos ocurridos en la casa de Isabel Pantoja y ofrecer\u00e1 un duro retrato de los hermanos de la artista. <\/p>\n<p>                Dulce Delapiedra. (Mediaset Espa\u00f1a)           Gabriela Guill\u00e9n           <\/p>\n<p> <strong>Gabriela Guill\u00e9n<\/strong> regresa al plat\u00f3 para anunciar su intenci\u00f3n de demandar a Bert\u00edn Osborne, al que acusa de mantenerse al margen de la vida del hijo que ambos tienen en com\u00fan. Asegura haberse intentado acercar al cantante durante meses, sin obtener respuesta alguna: \u201cCuando le escribo no contesta. Le he mandado el convenio regulador hace tiempo y no lo ha firmado. Ya no puedo m\u00e1s, lo siguiente ser\u00e1 una demanda\u201d. Adem\u00e1s, responder\u00e1 a las palabras de Eugenia Osborne, en la entrevista que ha concedido recientemente al programa. <\/p>\n<p>                Gabriela Guill\u00e9n. (Mediaset Espa\u00f1a)           Finalistas de &#8216;Bailando con las estrellas&#8217;           <\/p>\n<p> Por \u00faltimo, los cuatro flamantes finalistas de Bailando con las estrellas &#8211;<strong>Anabel Pantoja, Jorge Gonz\u00e1lez, Nona Sobo y Nerea Rodr\u00edguez<\/strong>&#8211; visitan el plat\u00f3 para hacer balance de la edici\u00f3n, que celebra su gran final este s\u00e1bado en Telecinco. Adem\u00e1s, abordar\u00e1n las pol\u00e9micas surgidas y exhibir\u00e1n las habilidades art\u00edsticas adquiridas durante su paso por el talent show. <\/p>\n<p>                Finalistas de &#8216;Bailando con las estrellas&#8217;. (Mediaset Espa\u00f1a)            <\/p>\n<p> De esta forma el espacio del coraz\u00f3n seguir\u00e1 luchando por conquistar a la audiencia y mantenerse por encima de la actual y debilitada edici\u00f3n de La voz en Antena 3. <strong>Bea y Santi llevan ya tres semanas superando el 14% de share, \u00bflo lograr\u00e1n de nuevo?<\/strong> <\/p>\n<p> \u00daltimo <strong>\u00a1De viernes!<\/strong> del mes y Bea Archidona y Santi Acosta ya lo tienen todo listo para ofrecer a los amantes del g\u00e9nero el mejor contenido posible con rostros del coraz\u00f3n desde Telecinco. Acompa\u00f1ados de los periodistas y colaboradores habituales, intentar\u00e1n conseguir en directo las mejores declaraciones de <strong>los siguientes invitados<\/strong>, que ya han sido confirmados por Mediaset Espa\u00f1a. <\/p>\n","protected":false},"excerpt":{"rendered":"28\/11\/2025 &#8211; 09:41 Actualizado: 28\/11\/2025 &#8211; 09:41 \u00daltimo \u00a1De viernes! del mes y Bea Archidona y Santi Acosta&hellip;\n","protected":false},"author":2,"featured_media":260094,"comment_status":"","ping_status":"","sticky":false,"template":"","format":"standard","meta":{"footnotes":""},"categories":[171],"tags":[146,147,25,24,23,214],"class_list":{"0":"post-260093","1":"post","2":"type-post","3":"status-publish","4":"format-standard","5":"has-post-thumbnail","7":"category-tv","8":"tag-entertainment","9":"tag-entretenimiento","10":"tag-es","11":"tag-espana","12":"tag-spain","13":"tag-tv"},"share_on_mastodon":{"url":"https:\/\/pubeurope.com\/@es\/115626761615778828","error":""},"_links":{"self":[{"href":"https:\/\/www.europesays.com\/es\/wp-json\/wp\/v2\/posts\/260093","targetHints":{"allow":["GET"]}}],"collection":[{"href":"https:\/\/www.europesays.com\/es\/wp-json\/wp\/v2\/posts"}],"about":[{"href":"https:\/\/www.europesays.com\/es\/wp-json\/wp\/v2\/types\/post"}],"author":[{"embeddable":true,"href":"https:\/\/www.europesays.com\/es\/wp-json\/wp\/v2\/users\/2"}],"replies":[{"embeddable":true,"href":"https:\/\/www.europesays.com\/es\/wp-json\/wp\/v2\/comments?post=260093"}],"version-history":[{"count":0,"href":"https:\/\/www.europesays.com\/es\/wp-json\/wp\/v2\/posts\/260093\/revisions"}],"wp:featuredmedia":[{"embeddable":true,"href":"https:\/\/www.europesays.com\/es\/wp-json\/wp\/v2\/media\/260094"}],"wp:attachment":[{"href":"https:\/\/www.europesays.com\/es\/wp-json\/wp\/v2\/media?parent=260093"}],"wp:term":[{"taxonomy":"category","embeddable":true,"href":"https:\/\/www.europesays.com\/es\/wp-json\/wp\/v2\/categories?post=260093"},{"taxonomy":"post_tag","embeddable":true,"href":"https:\/\/www.europesays.com\/es\/wp-json\/wp\/v2\/tags?post=260093"}],"curies":[{"name":"wp","href":"https:\/\/api.w.org\/{rel}","templated":true}]}}