{"id":260097,"date":"2025-11-28T10:06:10","date_gmt":"2025-11-28T10:06:10","guid":{"rendered":"https:\/\/www.europesays.com\/es\/260097\/"},"modified":"2025-11-28T10:06:10","modified_gmt":"2025-11-28T10:06:10","slug":"fecha-de-estreno-definitiva-de-la-nueva-adaptacion-de-la-creadora-de-la-trilogia-culpables","status":"publish","type":"post","link":"https:\/\/www.europesays.com\/es\/260097\/","title":{"rendered":"fecha de estreno definitiva de la nueva adaptaci\u00f3n de la creadora de la trilog\u00eda &#8216;Culpables&#8217;"},"content":{"rendered":"<p class=\"c-paragraph\"><b>La trilog\u00eda Culpables<\/b> ha sido sin duda una de las historias juveniles m\u00e1s exitosas de los \u00faltimos a\u00f1os en Espa\u00f1a. Las adaptaciones en<b> Prime Video <\/b>de Culpa m\u00eda (2023), Culpa tuya (2024) y <a href=\"https:\/\/www.20minutos.es\/cinemania\/noticias\/culpa-nuestra-amazon-prime-video-trailer-fecha-estreno-final-trilogia-culpables_6237584_0.html\" rel=\"nofollow noopener\" target=\"_blank\">Culpa nuestra<\/a> (2025), que llega este a\u00f1o a la plataforma de streaming <b>han traspasado fronteras,<\/b> y visto el \u00e9xito de las pel\u00edculas, el gigante audiovisual propiedad de Amazon ha vuelto a <b>confiar en Mercedes Ron:<\/b> adaptar\u00e1 la <b>trilog\u00eda D\u00edmelo bajito.<\/b><\/p>\n<p class=\"c-paragraph\">La autora ya ha confiado en Prime Video tanto para adaptar las tres cintas de Culpables, protagonizadas por Nicole Wallace y Gabriel Guevara, y la futura\u00a0<b>bilog\u00eda Enfrentados<\/b> (conformada por Marfil y \u00c9bano), que contar\u00e1 con <a href=\"https:\/\/www.20minutos.es\/cinemania\/noticias\/ester-exposito-arrasa-nueva-york-rodaje-proxima-pelicula-amazon-prime-video-5729363\/\" rel=\"nofollow noopener\" target=\"_blank\">Ester Exp\u00f3sito.<\/a> Ahora, Mercedes Ron vuelve a la carga con el <b>inicio de otra trilog\u00eda adaptada<\/b> en forma de pel\u00edcula que llegar\u00e1 al cat\u00e1logo de la plataforma de streaming <b>a finales de a\u00f1o<\/b> y espera tener el mismo \u00e9xito.<\/p>\n<p>\u00bfDe qu\u00e9 trata &#8216;D\u00edmelo bajito&#8217;, la trilog\u00eda de Mercedes Ron?<\/p>\n<p class=\"c-paragraph\"><a href=\"https:\/\/www.20minutos.es\/cinemania\/noticias\/dimelo-bajito-pelicula-prime-video-5649955\/\" rel=\"nofollow noopener\" target=\"_blank\">D\u00edmelo bajito<\/a> adapta el <b>primer libro de la trilog\u00eda D\u00edmelo,<\/b> conformada tambi\u00e9n por D\u00edmelo en secreto y D\u00edmelo con besos. En ella, <b>Kamila Hamilton<\/b> (Alicia Falc\u00f3) tiene todo bajo control en su vida, o al menos eso cree ella, ya que cuando <b>los hermanos Di Bianco<\/b> reaparecen en su vida, todo se vuelve ca\u00f3tico: Thiago (Fernando Lindez) fue quien le dio <b>su primer beso<\/b> hace ya siete a\u00f1os, mientras que Taylor (Diego Vidales) ha sido <b>su protector en todo momento.<\/b><\/p>\n<p class=\"c-paragraph\"><b>La vuelta de los hermanos<\/b> pone patas arriba la vida de una Kamila que ha cambiado radicalmente desde la \u00faltima vez que estuvo con ellos: ya no es una inocente e ingenua ni\u00f1a, sino <b>una mujer impenetrable<\/b> a la que nadie consigue acceder, menos los Di Bianco. <b>Este tri\u00e1ngulo amoroso<\/b> es ideal para todos los fans que se han quedado con ganas de m\u00e1s tras el <a href=\"https:\/\/www.20minutos.es\/cinemania\/series\/verano-me-enamore-final-belly-conrad-jeremiah-eleccion_6241809_0.html\" rel=\"nofollow noopener\" target=\"_blank\">final de El verano en que me enamor\u00e9, <\/a>y tambi\u00e9n se podr\u00e1 ver en Prime Video.<\/p>\n<p>&#8216;D\u00edmelo bajito&#8217;: reparto y fecha de estreno en Prime Video<\/p>\n<p class=\"c-paragraph\">El tr\u00edo de protagonistas est\u00e1 formado por <b>Alicia Falc\u00f3<\/b><a href=\"https:\/\/www.20minutos.es\/cinemania\/series\/mejores-series-septiembre-calendario-estrenos_6240787_0.html\" rel=\"nofollow noopener\" target=\"_blank\"> (El refugio at\u00f3mico), <\/a><b>Fernando Lindez<\/b> (\u00c9lite) y <b>Diego Vidales<\/b> (Mariliendre), pero tambi\u00e9n juegan un papel importante en esta pel\u00edcula <b>dirigida por Denis Rovira<\/b> los actores <b>Andr\u00e9s Velencoso y Fernando Nagore, <\/b>que interpretan a Tino y Jules respectivamente. Igual de importante ser\u00e1 el rol de las actrices <b>Celia Freijeiro<\/b> (Reina Roja), <b>Eve Ryan,<\/b> que ya particip\u00f3 en Culpa m\u00eda, y <b>Patricia Vico<\/b> (Hospital Central), que encarnan a Chiara, Anne y Cata.<\/p>\n<p class=\"c-paragraph\">Tras una larga espera,<a href=\"https:\/\/www.20minutos.es\/cinemania\/series\/gen-v-episodios-temporada-2-amazon-prime-video_6242163_0.html\" rel=\"nofollow noopener\" target=\"_blank\">\u00a0Prime Video<\/a>\u00a0por fin ha confirmado que la pel\u00edcula se podr\u00e1 ver en su cat\u00e1logo a partir del\u00a0<b>12 de diciembre de 2025,<\/b> dos meses despu\u00e9s de que llegue Culpa nuestra,\u00a0y mismo d\u00eda en el que aterrizar\u00e1 en Netflix\u00a0<a href=\"https:\/\/www.20minutos.es\/cinemania\/noticias\/punales-por-la-espalda-de-entre-los-muertos-netflix-reparto-trailer-rian-johnson-5365473\/\" rel=\"nofollow noopener\" target=\"_blank\">Pu\u00f1ales por la espalda: De entre los muertos<\/a>, la gran apuesta de su competidora para las fechas navide\u00f1as. De esta manera, los fans de Mercedes Ron no tendr\u00e1n que esperar mucho para disfrutar de otra de sus historias.<\/p>\n","protected":false},"excerpt":{"rendered":"La trilog\u00eda Culpables ha sido sin duda una de las historias juveniles m\u00e1s exitosas de los \u00faltimos a\u00f1os&hellip;\n","protected":false},"author":2,"featured_media":260098,"comment_status":"","ping_status":"","sticky":false,"template":"","format":"standard","meta":{"footnotes":""},"categories":[169],"tags":[1644,177,50050,23498,50049,146,147,25,24,1055,176,47444,175,267,13086,23],"class_list":{"0":"post-260097","1":"post","2":"type-post","3":"status-publish","4":"format-standard","5":"has-post-thumbnail","7":"category-cine","8":"tag-adaptacion","9":"tag-cine","10":"tag-culpa-mia","11":"tag-culpables","12":"tag-dimelo-bajito","13":"tag-entertainment","14":"tag-entretenimiento","15":"tag-es","16":"tag-espana","17":"tag-estreno","18":"tag-film","19":"tag-mercedes-ron","20":"tag-movies","21":"tag-planseo","22":"tag-prime-video","23":"tag-spain"},"share_on_mastodon":{"url":"https:\/\/pubeurope.com\/@es\/115626769530524592","error":""},"_links":{"self":[{"href":"https:\/\/www.europesays.com\/es\/wp-json\/wp\/v2\/posts\/260097","targetHints":{"allow":["GET"]}}],"collection":[{"href":"https:\/\/www.europesays.com\/es\/wp-json\/wp\/v2\/posts"}],"about":[{"href":"https:\/\/www.europesays.com\/es\/wp-json\/wp\/v2\/types\/post"}],"author":[{"embeddable":true,"href":"https:\/\/www.europesays.com\/es\/wp-json\/wp\/v2\/users\/2"}],"replies":[{"embeddable":true,"href":"https:\/\/www.europesays.com\/es\/wp-json\/wp\/v2\/comments?post=260097"}],"version-history":[{"count":0,"href":"https:\/\/www.europesays.com\/es\/wp-json\/wp\/v2\/posts\/260097\/revisions"}],"wp:featuredmedia":[{"embeddable":true,"href":"https:\/\/www.europesays.com\/es\/wp-json\/wp\/v2\/media\/260098"}],"wp:attachment":[{"href":"https:\/\/www.europesays.com\/es\/wp-json\/wp\/v2\/media?parent=260097"}],"wp:term":[{"taxonomy":"category","embeddable":true,"href":"https:\/\/www.europesays.com\/es\/wp-json\/wp\/v2\/categories?post=260097"},{"taxonomy":"post_tag","embeddable":true,"href":"https:\/\/www.europesays.com\/es\/wp-json\/wp\/v2\/tags?post=260097"}],"curies":[{"name":"wp","href":"https:\/\/api.w.org\/{rel}","templated":true}]}}