{"id":260099,"date":"2025-11-28T10:07:18","date_gmt":"2025-11-28T10:07:18","guid":{"rendered":"https:\/\/www.europesays.com\/es\/260099\/"},"modified":"2025-11-28T10:07:18","modified_gmt":"2025-11-28T10:07:18","slug":"alexia-putellas-se-pronuncia-sobre-su-futuro-en-el-fc-barcelona","status":"publish","type":"post","link":"https:\/\/www.europesays.com\/es\/260099\/","title":{"rendered":"Alexia Putellas se pronuncia sobre su futuro en el FC Barcelona"},"content":{"rendered":"<p class=\"ft-text\">La <strong>selecci\u00f3n espa\u00f1ola <\/strong>disputa <a class=\"ft-link ft-link--decoration\" href=\"https:\/\/www.sport.es\/es\/noticias\/futbol-femenino\/alemania-alineaciones-probables-ida-espana-nations-horario-donde-ver-124181085\" rel=\"nofollow noopener\" target=\"_blank\">esta noche (20:30 horas) la ida de la final de la UEFA Nations League<\/a> contra <strong>Alemania <\/strong>en el Fritz-Walter-Stadion de Kaiserslautern; mientras que el Metropolitano acoger\u00e1 la vuelta el martes 2 de diciembre (18:30 horas). La &#8216;roja&#8217; tiene, por lo tanto, la opci\u00f3n de revalidar el t\u00edtulo que logr\u00f3 en febrero de 2024 cuando derrot\u00f3 en La Cartuja a Francia en la final por 2-0.<\/p>\n<p class=\"ft-text\">\u00abLa primera edici\u00f3n era diferente, la ganamos, y ahora queremos hacerlo con el nuevo formato. Cambia porque nos vamos a enfrentar al mismo rival dos veces en pocos d\u00edas, pero nos adaptaremos. <strong>Se definir\u00e1 todo en la vuelta<\/strong>. La ida es importante porque las dos selecciones querremos dejar la eliminatoria lo m\u00e1s abierta posible sabiendo que ser\u00e1 la vuelta la que defina al campe\u00f3n\u00bb, expres\u00f3 Alexia Putellas en una entrevista concedida a &#8216;Marca&#8217;.<\/p>\n<p class=\"ft-text\">Delante estar\u00e1 Alemania, un rival que, hist\u00f3ricamente, le ha costado mucho a la selecci\u00f3n espa\u00f1ola femenina. \u00abEs un rival duro, un equipo muy t\u00e1ctico, con jugadoras determinantes y con un bloque t\u00e9cnicamente y f\u00edsicamente muy potente. <strong>Desde dentro no piensas tanto en qui\u00e9n tienes delante. Da igual el rival o si les has ganado una, diez o ninguna vez<\/strong>. Cuando sales al campo en lo \u00fanico que piensas es en el plan de partido que ha propuesto el cuerpo t\u00e9cnico y en lo que est\u00e1 pasando una vez que el bal\u00f3n est\u00e1 en juego\u00bb, a\u00f1adi\u00f3 la futbolista del Bar\u00e7a.<\/p>\n<p class=\"ft-text\">Ser\u00e1, tambi\u00e9n, la primera final para Sonia Berm\u00fadez desde que asumi\u00f3 las riendas de la selecci\u00f3n en substituci\u00f3n de Montse Tom\u00e9. Preguntada por si cambia mucho de tenerla como compa\u00f1era a seleccionadora, Alexia lo tiene claro: \u00abS\u00ed, claro que cambia, por la jerarqu\u00eda que hay en los vestuarios y en los equipos. <strong>Yo la he tenido de compa\u00f1era, pero ahora es mi entrenadora<\/strong> y es quien toma las decisiones. Estamos trabajando fuerte, exprimi\u00e9ndonos al m\u00e1ximo en los pocos entrenamientos que tenemos en cada concentraci\u00f3n y exigi\u00e9ndonos mucho. A nivel personal, tanto ella como el resto del cuerpo t\u00e9cnico son muy cercanos, y <strong>no ha cambiado la relaci\u00f3n porque ante todo somos personas<\/strong>\u00ab.<\/p>\n<p>Su situaci\u00f3n en el Bar\u00e7a<\/p>\n<p class=\"ft-text\">En la citada entrevista, adem\u00e1s de hablar del momento de la selecci\u00f3n espa\u00f1ola, tambi\u00e9n repas\u00f3 la actualidad del FC Barcelona. Un equipo que viene que sum\u00f3 la primera derrota en la Liga F a manos de la <strong>Real Sociedad <\/strong>y que se repuso con una goleada en el cl\u00e1sico contra el <strong>Real Madrid<\/strong>, adem\u00e1s de empatar en Londres contra el <strong>Chelsea <\/strong>en la Women&#8217;s Nations League.<\/p>\n<p class=\"ft-text\">\u00ab<strong>El relato que se quiera contar no influye ni afecta al vestuario<\/strong>. Nuestro trabajo es exigirnos d\u00eda a d\u00eda, buscar la perfecci\u00f3n o evoluci\u00f3n constante como equipo e intentar ganarlo todo. No nos paramos a pensar si hay mucha distancia o ninguna, si nuestras rivales tienen m\u00e1s o menos opciones, si somos m\u00e1s o menos terrenales. Que digan lo que quieran, pero <strong>hasta final de temporada no creo que sea momento de sacar conclusiones<\/strong>\u00ab, explic\u00f3 la de Mollet del Vall\u00e8s.<\/p>\n<p class=\"ft-text\">Por lo que respecta a su futuro en el club blaugrana, el verano pasado ya se rumore\u00f3 sobre una posible salida en el mercado de fichajes. \u00bfEst\u00e1 preparada para que se vuelva a hablar de su renovaci\u00f3n? \u00ab<strong>Llevo preparada para estas cosas hace mucho tiempo<\/strong>. No me preocupa, de verdad. Lo \u00fanico que me preocupa es lo que siento y pienso yo, mi familia y mi c\u00edrculo cercano\u00bb, respondi\u00f3.<\/p>\n<p class=\"ft-text\">Sin embargo, al ser preguntado por si hay posibilidades de verla jugar fuera del Bar\u00e7a, la centrocampista dej\u00f3 la puerta abierta: \u00abNo lo s\u00e9. <strong>Hay tantas cosas en esta vida que pueden ser o no ser\u2026<\/strong> Yo siempre he dicho que <strong>jugar\u00e9 en el Bar\u00e7a mientras el club est\u00e9 interesado en ello<\/strong> y yo sienta que me puedo seguir exigiendo y exprimiendo cada d\u00eda para ser mejor. Esa es mi manera de entender lo que es jugar en el Bar\u00e7a. Eso conlleva un desgaste f\u00edsico y mental que haces que termines la temporada destrozada, pero a la vez es como una adicci\u00f3n\u00bb, concluy\u00f3.<\/p>\n","protected":false},"excerpt":{"rendered":"La selecci\u00f3n espa\u00f1ola disputa esta noche (20:30 horas) la ida de la final de la UEFA Nations League&hellip;\n","protected":false},"author":2,"featured_media":237448,"comment_status":"","ping_status":"","sticky":false,"template":"","format":"standard","meta":{"footnotes":""},"categories":[93],"tags":[34831,1548,2296,168,25,24,2848,10596,23,167],"class_list":{"0":"post-260099","1":"post","2":"type-post","3":"status-publish","4":"format-standard","5":"has-post-thumbnail","7":"category-deportes","8":"tag-alexia","9":"tag-alexia-putellas","10":"tag-barca","11":"tag-deportes","12":"tag-es","13":"tag-espana","14":"tag-futuro","15":"tag-pronuncia","16":"tag-spain","17":"tag-sports"},"share_on_mastodon":{"url":"https:\/\/pubeurope.com\/@es\/115626773431540546","error":""},"_links":{"self":[{"href":"https:\/\/www.europesays.com\/es\/wp-json\/wp\/v2\/posts\/260099","targetHints":{"allow":["GET"]}}],"collection":[{"href":"https:\/\/www.europesays.com\/es\/wp-json\/wp\/v2\/posts"}],"about":[{"href":"https:\/\/www.europesays.com\/es\/wp-json\/wp\/v2\/types\/post"}],"author":[{"embeddable":true,"href":"https:\/\/www.europesays.com\/es\/wp-json\/wp\/v2\/users\/2"}],"replies":[{"embeddable":true,"href":"https:\/\/www.europesays.com\/es\/wp-json\/wp\/v2\/comments?post=260099"}],"version-history":[{"count":0,"href":"https:\/\/www.europesays.com\/es\/wp-json\/wp\/v2\/posts\/260099\/revisions"}],"wp:featuredmedia":[{"embeddable":true,"href":"https:\/\/www.europesays.com\/es\/wp-json\/wp\/v2\/media\/237448"}],"wp:attachment":[{"href":"https:\/\/www.europesays.com\/es\/wp-json\/wp\/v2\/media?parent=260099"}],"wp:term":[{"taxonomy":"category","embeddable":true,"href":"https:\/\/www.europesays.com\/es\/wp-json\/wp\/v2\/categories?post=260099"},{"taxonomy":"post_tag","embeddable":true,"href":"https:\/\/www.europesays.com\/es\/wp-json\/wp\/v2\/tags?post=260099"}],"curies":[{"name":"wp","href":"https:\/\/api.w.org\/{rel}","templated":true}]}}