{"id":260100,"date":"2025-11-28T10:08:14","date_gmt":"2025-11-28T10:08:14","guid":{"rendered":"https:\/\/www.europesays.com\/es\/260100\/"},"modified":"2025-11-28T10:08:14","modified_gmt":"2025-11-28T10:08:14","slug":"el-cabildo-y-altihay-fuerteventura-conmemoran-el-dia-mundial-contra-el-sida","status":"publish","type":"post","link":"https:\/\/www.europesays.com\/es\/260100\/","title":{"rendered":"El Cabildo y ALTIHAY Fuerteventura conmemoran el D\u00eda Mundial contra el Sida"},"content":{"rendered":"<p><a href=\"http:\/\/www.cabildofuer.es\" rel=\"nofollow noopener\" target=\"_blank\">El Cabildo, <\/a>a trav\u00e9s del Servicio de Informaci\u00f3n y Prevenci\u00f3n de Adicciones perteneciente a la Consejer\u00eda de Acci\u00f3n Social, y ALTIHAY Fuerteventura ponen en marcha una programaci\u00f3n especial para conmemorar el D\u00eda Mundial contra el Sida, con el objetivo de visibilizar la realidad del VIH, sensibilizar a la poblaci\u00f3n y combatir el estigma a\u00fan existente. <strong>El Cabildo y ALTIHAY Fuerteventura conmemoran el D\u00eda Mundial contra el Sida <\/strong><\/p>\n<p>Tanto la presidenta insular, Lola Garc\u00eda, como el consejero de Acci\u00f3n Social, V\u00edctor Alonso, han indicado que desde el Cabildo se contin\u00faa con el compromiso de impulsar la prevenci\u00f3n, la informaci\u00f3n y el respeto. Agradecemos el trabajo de asociaciones como ALTIHAY por hacer posible estas iniciativas, que nos recuerdan que la lucha contra el VIH es una responsabilidad colectiva.<\/p>\n<p>Las actividades dar\u00e1n comienzo el lunes 1 de diciembre, a las 12.00 horas, con la lectura de un manifiesto a cargo de <a href=\"https:\/\/ondafuerteventura.es\/tag\/altihay\" rel=\"nofollow noopener\" target=\"_blank\">ALTIHAY<\/a>, en la entrada principal del Cabildo.<\/p>\n<p>Como parte de la programaci\u00f3n, ALTIHAY Fuerteventura invita a la poblaci\u00f3n a la proyecci\u00f3n del documental\u00a0Estigma, producido y dirigido por Pilar Garc\u00eda, una obra que recoge testimonios reales sobre el VIH y que pretende dar voz a quienes conviven con esta realidad.<\/p>\n<p>La proyecci\u00f3n tendr\u00e1 lugar el 5 de diciembre, a las 19.30 horas, en el Auditorio Insular de Puerto del Rosario. Tras la misma, se celebrar\u00e1 una mesa redonda con la participaci\u00f3n de Bel\u00e9n Lamuedra, Le\u00f3n Mart\u00edn Bethencourt, Irene Cabrera y Pedro Esquivel, quienes ofrecer\u00e1n una reflexi\u00f3n conjunta sobre el impacto del estigma, la importancia de la informaci\u00f3n y el papel esencial del apoyo comunitario.<\/p>\n<p><strong>El Cabildo y ALTIHAY Fuerteventura conmemoran el D\u00eda Mundial contra el Sida <\/strong><\/p>\n","protected":false},"excerpt":{"rendered":"El Cabildo, a trav\u00e9s del Servicio de Informaci\u00f3n y Prevenci\u00f3n de Adicciones perteneciente a la Consejer\u00eda de Acci\u00f3n&hellip;\n","protected":false},"author":2,"featured_media":260101,"comment_status":"","ping_status":"","sticky":false,"template":"","format":"standard","meta":{"footnotes":""},"categories":[92],"tags":[65042,65043,25,24,18496,165,65044,166,23],"class_list":{"0":"post-260100","1":"post","2":"type-post","3":"status-publish","4":"format-standard","5":"has-post-thumbnail","7":"category-salud","8":"tag-cabildodefuerteventura","9":"tag-altihay","10":"tag-es","11":"tag-espana","12":"tag-fuerteventura","13":"tag-health","14":"tag-ondafuerteventura","15":"tag-salud","16":"tag-spain"},"share_on_mastodon":{"url":"https:\/\/pubeurope.com\/@es\/115626779273248239","error":""},"_links":{"self":[{"href":"https:\/\/www.europesays.com\/es\/wp-json\/wp\/v2\/posts\/260100","targetHints":{"allow":["GET"]}}],"collection":[{"href":"https:\/\/www.europesays.com\/es\/wp-json\/wp\/v2\/posts"}],"about":[{"href":"https:\/\/www.europesays.com\/es\/wp-json\/wp\/v2\/types\/post"}],"author":[{"embeddable":true,"href":"https:\/\/www.europesays.com\/es\/wp-json\/wp\/v2\/users\/2"}],"replies":[{"embeddable":true,"href":"https:\/\/www.europesays.com\/es\/wp-json\/wp\/v2\/comments?post=260100"}],"version-history":[{"count":0,"href":"https:\/\/www.europesays.com\/es\/wp-json\/wp\/v2\/posts\/260100\/revisions"}],"wp:featuredmedia":[{"embeddable":true,"href":"https:\/\/www.europesays.com\/es\/wp-json\/wp\/v2\/media\/260101"}],"wp:attachment":[{"href":"https:\/\/www.europesays.com\/es\/wp-json\/wp\/v2\/media?parent=260100"}],"wp:term":[{"taxonomy":"category","embeddable":true,"href":"https:\/\/www.europesays.com\/es\/wp-json\/wp\/v2\/categories?post=260100"},{"taxonomy":"post_tag","embeddable":true,"href":"https:\/\/www.europesays.com\/es\/wp-json\/wp\/v2\/tags?post=260100"}],"curies":[{"name":"wp","href":"https:\/\/api.w.org\/{rel}","templated":true}]}}