{"id":260110,"date":"2025-11-28T10:13:50","date_gmt":"2025-11-28T10:13:50","guid":{"rendered":"https:\/\/www.europesays.com\/es\/260110\/"},"modified":"2025-11-28T10:13:50","modified_gmt":"2025-11-28T10:13:50","slug":"bendodo-subraya-la-necesidad-de-manifestarse-contra-un-gobierno-en-descomposicion-y-en-cuyo-seno-se-ha-declarado-la-guerra-de-todos-contra-todos","status":"publish","type":"post","link":"https:\/\/www.europesays.com\/es\/260110\/","title":{"rendered":"Bendodo subraya la necesidad de manifestarse contra un Gobierno en descomposici\u00f3n y en cuyo seno se ha \u201cdeclarado la guerra de todos contra todos\u201d"},"content":{"rendered":"<p><strong>En sendas entrevistas en RNE y Catalunya R\u00e0dio<\/strong><\/p>\n<p>El vicesecretario de Pol\u00edtica Auton\u00f3mica y Municipal y An\u00e1lisis Electoral, El\u00edas Bendodo, considera <strong>\u201cnecesaria\u201d la manifestaci\u00f3n del domingo en Madrid para dar voz a la frustraci\u00f3n e indignaci\u00f3n de millones de espa\u00f1oles<\/strong> por la corrupci\u00f3n que afecta \u201cal presidente del Gobierno, a su partido, a su familia y a la Fiscal\u00eda General del Estado\u201d<\/p>\n<p>Asegura que estamos ante <strong>\u201cel fin de una triste etapa que empez\u00f3 cuando Koldo, \u00c1balos y Cerd\u00e1n se subieron a un coche con Pedro S\u00e1nchez\u201d<\/strong> y que ha culminado con \u201csu mano derecha y su mano izquierda, los arquitectos de la moci\u00f3n de censura y del sanchismo\u201d, entrando en la c\u00e1rcel. \u201cEspa\u00f1a est\u00e1 dando una imagen lamentable\u201d, apostilla<\/p>\n<p>Insiste en que S\u00e1nchez \u201cest\u00e1 al final de la escapatoria, sin mayor\u00eda parlamentaria ni social\u201d, tras la entrada en prisi\u00f3n de sus m\u00e1s estrechos colaboradores y su incapacidad para sacar adelante la senda de d\u00e9ficit y, por tanto, los Presupuestos Generales del Estado: <strong>\u201cSus socios le han abandonado. Lo que tiene que hacer es irse y convocar elecciones\u201d<\/strong><\/p>\n<p>\u201cNunca en la historia un diputado y dos secretarios de Organizaci\u00f3n del PSOE han ingresado en prisi\u00f3n, nunca en la historia la mujer del presidente ha estado imputada y un fiscal general ha sido condenado\u201d, recalca, para afirmar que <strong>en el sanchismo \u201cse ha declarado la guerra de todos contra todos<\/strong> y la omert\u00e1 se ha roto\u201d<\/p>\n<p>Conf\u00eda en que Mar\u00eda Guardiola obtenga una <strong>\u201cmayor\u00eda suficientemente amplia para gobernar en solitario en Extremadura\u201d<\/strong> porque \u201cla alternativa es el presidente de la Diputaci\u00f3n de Badajoz, que sali\u00f3 corriendo para poder aforarse\u201d<\/p>\n","protected":false},"excerpt":{"rendered":"En sendas entrevistas en RNE y Catalunya R\u00e0dio El vicesecretario de Pol\u00edtica Auton\u00f3mica y Municipal y An\u00e1lisis Electoral,&hellip;\n","protected":false},"author":2,"featured_media":260111,"comment_status":"","ping_status":"","sticky":false,"template":"","format":"standard","meta":{"footnotes":""},"categories":[8],"tags":[17,18,25,24,13,14,11,19,20,9,10,15,16,23,12,21,22],"class_list":{"0":"post-260110","1":"post","2":"type-post","3":"status-publish","4":"format-standard","5":"has-post-thumbnail","7":"category-espana","8":"tag-breaking-news","9":"tag-breakingnews","10":"tag-es","11":"tag-espana","12":"tag-featured-news","13":"tag-featurednews","14":"tag-headlines","15":"tag-latest-news","16":"tag-latestnews","17":"tag-news","18":"tag-noticias","19":"tag-noticias-destacadas","20":"tag-noticiasdestacadas","21":"tag-spain","22":"tag-titulares","23":"tag-ultimas-noticias","24":"tag-ultimasnoticias"},"share_on_mastodon":{"url":"https:\/\/pubeurope.com\/@es\/115626800814361947","error":""},"_links":{"self":[{"href":"https:\/\/www.europesays.com\/es\/wp-json\/wp\/v2\/posts\/260110","targetHints":{"allow":["GET"]}}],"collection":[{"href":"https:\/\/www.europesays.com\/es\/wp-json\/wp\/v2\/posts"}],"about":[{"href":"https:\/\/www.europesays.com\/es\/wp-json\/wp\/v2\/types\/post"}],"author":[{"embeddable":true,"href":"https:\/\/www.europesays.com\/es\/wp-json\/wp\/v2\/users\/2"}],"replies":[{"embeddable":true,"href":"https:\/\/www.europesays.com\/es\/wp-json\/wp\/v2\/comments?post=260110"}],"version-history":[{"count":0,"href":"https:\/\/www.europesays.com\/es\/wp-json\/wp\/v2\/posts\/260110\/revisions"}],"wp:featuredmedia":[{"embeddable":true,"href":"https:\/\/www.europesays.com\/es\/wp-json\/wp\/v2\/media\/260111"}],"wp:attachment":[{"href":"https:\/\/www.europesays.com\/es\/wp-json\/wp\/v2\/media?parent=260110"}],"wp:term":[{"taxonomy":"category","embeddable":true,"href":"https:\/\/www.europesays.com\/es\/wp-json\/wp\/v2\/categories?post=260110"},{"taxonomy":"post_tag","embeddable":true,"href":"https:\/\/www.europesays.com\/es\/wp-json\/wp\/v2\/tags?post=260110"}],"curies":[{"name":"wp","href":"https:\/\/api.w.org\/{rel}","templated":true}]}}