{"id":260112,"date":"2025-11-28T10:15:16","date_gmt":"2025-11-28T10:15:16","guid":{"rendered":"https:\/\/www.europesays.com\/es\/260112\/"},"modified":"2025-11-28T10:15:16","modified_gmt":"2025-11-28T10:15:16","slug":"la-navidad-sonara-al-son-de-aljaraque-con-los-tradicionales-villancicos","status":"publish","type":"post","link":"https:\/\/www.europesays.com\/es\/260112\/","title":{"rendered":"La Navidad sonar\u00e1 \u201cAl Son de Aljaraque\u201d con los tradicionales villancicos"},"content":{"rendered":"<p>\t\t<a href=\"https:\/\/www.ayto-aljaraque.es\/es\/.galleries\/imagenes-noticias\/noticias-2025\/Noviembre-2025\/WhatsApp-Image-2025-11-28-at-10.53.28.jpeg\" title=\"\" class=\"wrapper-image zoom-filter \" rel=\"prettyPhoto[gallery1] nofollow noopener\" target=\"_blank\">\t\t\t<\/p>\n<p>\t\t\t\t\t\t<img loading=\"lazy\" decoding=\"async\" class=\"img-responsive\" src=\"https:\/\/www.europesays.com\/es\/wp-content\/uploads\/2025\/11\/WhatsApp-Image-2025-11-28-at-10.53.28.jpeg\" width=\"5120\" height=\"3840\" title=\"WhatsApp Image 2025-11-28 at 10.53.28\" alt=\"WhatsApp Image 2025-11-28 at 10.53.28\"\/><\/p>\n<p>\t\t\t\t<\/a><\/p>\n<p>Este a\u00f1o, una de las grandes novedades de la Navidad en Aljaraque es la formaci\u00f3n de un grupo de campanilleros. Llevan meses ensayando para que sus voces e instrumentos est\u00e9n listos para el pr\u00f3ximo d\u00eda 5, fecha del encendido oficial de las fiestas navide\u00f1as en el municipio.<\/p>\n<p>En su mayor\u00eda, se trata de integrantes del CPA de Aljaraque que han querido unir su talento y sus ganas de llenar de esp\u00edritu navide\u00f1o las calles de la localidad con villancicos. El grupo est\u00e1 formado por una treintena de componentes; el director es Carmelo V\u00e9lez y la direcci\u00f3n musical corre a cargo de Manuel P\u00e9rez.<\/p>\n<p>Este jueves, el alcalde Adri\u00e1n Cano, acompa\u00f1ado por Ana Mora, Leticia Villegas y Juan Antonio Ramos, concejales del equipo de gobierno, visitaron el local de ensayo para comprobar de primera mano la excelente calidad del grupo. En \u00e9l tambi\u00e9n participa Cinta Regel, responsable de la Concejal\u00eda de Atenci\u00f3n al Mayor.<\/p>\n","protected":false},"excerpt":{"rendered":"Este a\u00f1o, una de las grandes novedades de la Navidad en Aljaraque es la formaci\u00f3n de un grupo&hellip;\n","protected":false},"author":2,"featured_media":260113,"comment_status":"","ping_status":"","sticky":false,"template":"","format":"standard","meta":{"footnotes":""},"categories":[5],"tags":[17,18,25,24,13,14,11,19,20,9,10,15,16,23,12,21,22],"class_list":{"0":"post-260112","1":"post","2":"type-post","3":"status-publish","4":"format-standard","5":"has-post-thumbnail","7":"category-titulares","8":"tag-breaking-news","9":"tag-breakingnews","10":"tag-es","11":"tag-espana","12":"tag-featured-news","13":"tag-featurednews","14":"tag-headlines","15":"tag-latest-news","16":"tag-latestnews","17":"tag-news","18":"tag-noticias","19":"tag-noticias-destacadas","20":"tag-noticiasdestacadas","21":"tag-spain","22":"tag-titulares","23":"tag-ultimas-noticias","24":"tag-ultimasnoticias"},"share_on_mastodon":{"url":"https:\/\/pubeurope.com\/@es\/115626805323060367","error":""},"_links":{"self":[{"href":"https:\/\/www.europesays.com\/es\/wp-json\/wp\/v2\/posts\/260112","targetHints":{"allow":["GET"]}}],"collection":[{"href":"https:\/\/www.europesays.com\/es\/wp-json\/wp\/v2\/posts"}],"about":[{"href":"https:\/\/www.europesays.com\/es\/wp-json\/wp\/v2\/types\/post"}],"author":[{"embeddable":true,"href":"https:\/\/www.europesays.com\/es\/wp-json\/wp\/v2\/users\/2"}],"replies":[{"embeddable":true,"href":"https:\/\/www.europesays.com\/es\/wp-json\/wp\/v2\/comments?post=260112"}],"version-history":[{"count":0,"href":"https:\/\/www.europesays.com\/es\/wp-json\/wp\/v2\/posts\/260112\/revisions"}],"wp:featuredmedia":[{"embeddable":true,"href":"https:\/\/www.europesays.com\/es\/wp-json\/wp\/v2\/media\/260113"}],"wp:attachment":[{"href":"https:\/\/www.europesays.com\/es\/wp-json\/wp\/v2\/media?parent=260112"}],"wp:term":[{"taxonomy":"category","embeddable":true,"href":"https:\/\/www.europesays.com\/es\/wp-json\/wp\/v2\/categories?post=260112"},{"taxonomy":"post_tag","embeddable":true,"href":"https:\/\/www.europesays.com\/es\/wp-json\/wp\/v2\/tags?post=260112"}],"curies":[{"name":"wp","href":"https:\/\/api.w.org\/{rel}","templated":true}]}}