{"id":260115,"date":"2025-11-28T10:20:35","date_gmt":"2025-11-28T10:20:35","guid":{"rendered":"https:\/\/www.europesays.com\/es\/260115\/"},"modified":"2025-11-28T10:20:35","modified_gmt":"2025-11-28T10:20:35","slug":"carlos-alcaraz-perjudicado-por-dos-ausencias-perdera-mas-de-dos-millones-de-euros-sinner-no-recibira-ni-un-euro","status":"publish","type":"post","link":"https:\/\/www.europesays.com\/es\/260115\/","title":{"rendered":"Carlos Alcaraz, perjudicado por dos ausencias, perder\u00e1 m\u00e1s de dos millones de euros; Sinner no recibir\u00e1 ni un euro"},"content":{"rendered":"<p class=\"ft-text\"><strong>Carlos Alcaraz y Jannik Sinner no volver\u00e1n a cruzarse en una pista hasta el pr\u00f3ximo Open de Australia, previsto entre el 12 de enero y el 1 de febrero de 2026.<\/strong> Melbourne ser\u00e1 el escenario del primer gran duelo del a\u00f1o entre los dos jugadores que dominaron el circuito en 2025, repartiendo entre ambos los cuatro grandes t\u00edtulos del calendario. Alcaraz conquist\u00f3 Roland Garros y el US Open, mientras que Sinner se impuso en Australia y en Wimbledon, confirmando una hegemon\u00eda compartida que ha marcado una etapa reciente del tenis masculino.<\/p>\n<p class=\"ft-text\"><strong>La relaci\u00f3n entre ambos se ha convertido en uno de los principales focos de atenci\u00f3n del deporte.<\/strong> Son competidores directos, pero tambi\u00e9n compa\u00f1eros que han construido una amistad sincera desde su llegada a la \u00e9lite. Esa conexi\u00f3n, m\u00e1s basada en el respeto que en la rivalidad feroz, despierta simpat\u00edas entre los aficionados, aunque no faltan voces que desean ver un enfrentamiento m\u00e1s tenso, m\u00e1s emocional, que empuje a los dos a desafiar sus l\u00edmites sin la cercan\u00eda que los caracteriza.<\/p>\n<p class=\"ft-text\"><strong>Tras su \u00faltimo enfrentamiento, ambos concedieron una entrevista al medio Tennis Korea<\/strong>, en la que analizaron con detalle las virtudes del otro. Sinner fue especialmente contundente al se\u00f1alar que Alcaraz \u201ccasi no tiene debilidades\u201d, una frase que refuerza la percepci\u00f3n de que el espa\u00f1ol se ha convertido en un rival extremadamente completo, dif\u00edcil de incomodar incluso para los jugadores m\u00e1s s\u00f3lidos del circuito.<\/p>\n<p>Un a\u00f1o para el recuerdo<\/p>\n<p class=\"ft-text\"><strong>El 2025 de Alcaraz ha sido, efectivamente, un a\u00f1o de ensue\u00f1o.<\/strong> El murciano cerr\u00f3 la temporada como <strong>n\u00famero 1 del mundo<\/strong> tras alcanzar la final de las ATP Finals, <strong>sumando adem\u00e1s dos Grand Slam<\/strong>, un subcampeonato en <strong>Wimbledon y tres Masters 1.000 en Montecarlo, Roma y Cincinnati. <\/strong>Su regularidad tambi\u00e9n le permiti\u00f3 liderar el <strong>Bonus Pool<\/strong>, un fondo econ\u00f3mico reservado para los jugadores con mejor desempe\u00f1o en los torneos de mayor categor\u00eda.<\/p>\n<p class=\"ft-text\">Pese a ese liderazgo, <strong>Alcaraz no recibir\u00e1 la cuant\u00eda \u00edntegra del premio.<\/strong> De los 4,14 millones de euros que le correspond\u00edan seg\u00fan su puntuaci\u00f3n, \u00fanicamente podr\u00e1 ingresar la mitad (<strong>2,07 millones). <\/strong>La normativa de la ATP <strong>reduce un 25% del Bonus Pool por cada ausencia en los Masters 1.000 obligatorios <\/strong>(con excepci\u00f3n de Montecarlo), y el espa\u00f1ol se perdi\u00f3 dos: Canad\u00e1 y Shangh\u00e1i. Su baja en Madrid no fue penalizada al haber cumplido con los actos previos obligatorios del torneo.<\/p>\n<p class=\"ft-text\"><strong>Incluso con esa reducci\u00f3n, el n\u00famero 1 cierra la temporada con cifras sobresalientes tambi\u00e9n en la categor\u00eda ATP 500.<\/strong> Alcaraz acumul\u00f3 el mayor n\u00famero de puntos del a\u00f1o en esta serie de torneos, impulsado por sus triunfos en Rotterdam, Queen\u2019s y Tokio, adem\u00e1s de la final alcanzada en el God\u00f3. Por ello se embols\u00f3 <strong>un mill\u00f3n de d\u00f3lares extra<\/strong>, reconocimiento adicional a su consistencia en todas las superficies.<\/p>\n<p>Sinner, con el contador a cero<\/p>\n<p class=\"ft-text\"><strong>El caso de Sinner en el Bonus Pool ha sido a\u00fan m\u00e1s dr\u00e1stico.<\/strong> Aunque termin\u00f3 segundo con 3.850 puntos y deber\u00eda haber percibido 1,65 millones de euros, el italiano n<strong>o recibir\u00e1 ni un solo euro. <\/strong>Sus ausencias en cuatro Masters 1.000, <strong>Indian Wells<\/strong>, <strong>Miami<\/strong> y <strong>Madrid<\/strong> por sanci\u00f3n de dopaje, y <strong>Canad\u00e1 <\/strong>por fatiga tras su triunfo en Wimbledon, <strong>activaron la penalizaci\u00f3n m\u00e1xima, que implica perder el 100% de la recompensa<\/strong>.<\/p>\n<p class=\"ft-text\">Ambos llegar\u00e1n a Australia con la mirada puesta en iniciar 2026 con fuerza, conscientes de que cada enfrentamiento entre ellos se ha convertido en una cita ineludible para los aficionados y el tenis Mundial.<\/p>\n","protected":false},"excerpt":{"rendered":"Carlos Alcaraz y Jannik Sinner no volver\u00e1n a cruzarse en una pista hasta el pr\u00f3ximo Open de Australia,&hellip;\n","protected":false},"author":2,"featured_media":260116,"comment_status":"","ping_status":"","sticky":false,"template":"","format":"standard","meta":{"footnotes":""},"categories":[274],"tags":[4736,7521,415,168,25,24,2313,17584,65045,23,167,327,326],"class_list":{"0":"post-260115","1":"post","2":"type-post","3":"status-publish","4":"format-standard","5":"has-post-thumbnail","7":"category-tenis","8":"tag-alcaraz","9":"tag-ausencias","10":"tag-carlos","11":"tag-deportes","12":"tag-es","13":"tag-espana","14":"tag-fuera-de-juego","15":"tag-perdera","16":"tag-perjudicado","17":"tag-spain","18":"tag-sports","19":"tag-tenis","20":"tag-tennis"},"share_on_mastodon":{"url":"https:\/\/pubeurope.com\/@es\/115626824381921114","error":""},"_links":{"self":[{"href":"https:\/\/www.europesays.com\/es\/wp-json\/wp\/v2\/posts\/260115","targetHints":{"allow":["GET"]}}],"collection":[{"href":"https:\/\/www.europesays.com\/es\/wp-json\/wp\/v2\/posts"}],"about":[{"href":"https:\/\/www.europesays.com\/es\/wp-json\/wp\/v2\/types\/post"}],"author":[{"embeddable":true,"href":"https:\/\/www.europesays.com\/es\/wp-json\/wp\/v2\/users\/2"}],"replies":[{"embeddable":true,"href":"https:\/\/www.europesays.com\/es\/wp-json\/wp\/v2\/comments?post=260115"}],"version-history":[{"count":0,"href":"https:\/\/www.europesays.com\/es\/wp-json\/wp\/v2\/posts\/260115\/revisions"}],"wp:featuredmedia":[{"embeddable":true,"href":"https:\/\/www.europesays.com\/es\/wp-json\/wp\/v2\/media\/260116"}],"wp:attachment":[{"href":"https:\/\/www.europesays.com\/es\/wp-json\/wp\/v2\/media?parent=260115"}],"wp:term":[{"taxonomy":"category","embeddable":true,"href":"https:\/\/www.europesays.com\/es\/wp-json\/wp\/v2\/categories?post=260115"},{"taxonomy":"post_tag","embeddable":true,"href":"https:\/\/www.europesays.com\/es\/wp-json\/wp\/v2\/tags?post=260115"}],"curies":[{"name":"wp","href":"https:\/\/api.w.org\/{rel}","templated":true}]}}