{"id":260119,"date":"2025-11-28T10:24:15","date_gmt":"2025-11-28T10:24:15","guid":{"rendered":"https:\/\/www.europesays.com\/es\/260119\/"},"modified":"2025-11-28T10:24:15","modified_gmt":"2025-11-28T10:24:15","slug":"tres-triples-en-10-segundos-para-la-mayor-remontada-que-se-recuerda","status":"publish","type":"post","link":"https:\/\/www.europesays.com\/es\/260119\/","title":{"rendered":"Tres triples en 10 segundos para la mayor remontada que se recuerda"},"content":{"rendered":"<p data-gtm-element-container=\"modulo-texto-link\" class=\"paragraph\">La fase de clasificaci\u00f3n para el Mundial de baloncesto que se disputar\u00e1 en Qatar en 2027 comenz\u00f3 a lo grande. Adem\u00e1s de la victoria de Espa\u00f1a en Dinamarca por 64-74,<strong> hay que destacar el triunfo a domicilio de Lituania (88-89) contra Gran Breta\u00f1a.<\/strong><\/p>\n<p data-gtm-element-container=\"modulo-texto-link\" class=\"paragraph\">Lo noticioso aqu\u00ed no es la victoria en s\u00ed, sino la manera en la que se consigui\u00f3, ya que <strong>a falta de 10 segundos para el final los brit\u00e1nicos dominaban por 87-80.<\/strong><\/p>\n<p data-gtm-element-container=\"modulo-texto-link\" class=\"paragraph\">El h\u00e9roe de la noche fue\u00a0<strong>Ignas Sargiunas, que logr\u00f3 la haza\u00f1a de anotar tres triples consecutivos en esos 10 segundos finales <\/strong>para completar un final de ensue\u00f1o que dej\u00f3 con la boca abierta a los todos los all\u00ed presentes.\u00a0 \u00a0\u00a0<\/p>\n<blockquote class=\"twitter-tweet\" data-lang=\"es\"><p>\n<a href=\"https:\/\/twitter.com\/FIBAWC\/status\/1994161177111216523\" rel=\"nofollow noopener\" target=\"_blank\">\n<\/p><\/blockquote>\n<p data-gtm-element-container=\"modulo-texto-link\" class=\"paragraph\"><strong>Por su parte, Espa\u00f1a comenz\u00f3 en Dinamarca con una victoria m\u00e1s funcionarial que brillante (64-74),<\/strong> en un partido que control\u00f3, sobre todo bajo los aros y en el que se sobrepuso a su desacierto en los triples (27%).<\/p>\n<p data-gtm-element-container=\"modulo-texto-link\" class=\"paragraph\">Jaime Fern\u00e1ndez, en su regreso a la selecci\u00f3n, fue el m\u00e1ximo anotador con 15 puntos, seguido por el debutante Great Osobor, que logr\u00f3 12 y 8 rebotes y que dej\u00f3 una muy buena impresi\u00f3n.<\/p>\n<p data-gtm-element-container=\"modulo-texto-link\" class=\"paragraph\">Mateo, que descart\u00f3 antes del encuentro a Salvo y a Busquets, tir\u00f3 de veteran\u00eda para iniciar su primer partido, frente a una Dinamarca que con un juego r\u00e1pido y no demasiado elaborado aguant\u00f3 los minutos iniciales.<\/p>\n<p><script async src=\"https:\/\/platform.twitter.com\/widgets.js\" charset=\"utf-8\"><\/script><\/p>\n","protected":false},"excerpt":{"rendered":"La fase de clasificaci\u00f3n para el Mundial de baloncesto que se disputar\u00e1 en Qatar en 2027 comenz\u00f3 a&hellip;\n","protected":false},"author":2,"featured_media":260120,"comment_status":"","ping_status":"","sticky":false,"template":"","format":"standard","meta":{"footnotes":""},"categories":[269],"tags":[299,298,168,25,24,23,167],"class_list":{"0":"post-260119","1":"post","2":"type-post","3":"status-publish","4":"format-standard","5":"has-post-thumbnail","7":"category-baloncesto","8":"tag-baloncesto","9":"tag-basketball","10":"tag-deportes","11":"tag-es","12":"tag-espana","13":"tag-spain","14":"tag-sports"},"share_on_mastodon":{"url":"https:\/\/pubeurope.com\/@es\/115626840279941628","error":""},"_links":{"self":[{"href":"https:\/\/www.europesays.com\/es\/wp-json\/wp\/v2\/posts\/260119","targetHints":{"allow":["GET"]}}],"collection":[{"href":"https:\/\/www.europesays.com\/es\/wp-json\/wp\/v2\/posts"}],"about":[{"href":"https:\/\/www.europesays.com\/es\/wp-json\/wp\/v2\/types\/post"}],"author":[{"embeddable":true,"href":"https:\/\/www.europesays.com\/es\/wp-json\/wp\/v2\/users\/2"}],"replies":[{"embeddable":true,"href":"https:\/\/www.europesays.com\/es\/wp-json\/wp\/v2\/comments?post=260119"}],"version-history":[{"count":0,"href":"https:\/\/www.europesays.com\/es\/wp-json\/wp\/v2\/posts\/260119\/revisions"}],"wp:featuredmedia":[{"embeddable":true,"href":"https:\/\/www.europesays.com\/es\/wp-json\/wp\/v2\/media\/260120"}],"wp:attachment":[{"href":"https:\/\/www.europesays.com\/es\/wp-json\/wp\/v2\/media?parent=260119"}],"wp:term":[{"taxonomy":"category","embeddable":true,"href":"https:\/\/www.europesays.com\/es\/wp-json\/wp\/v2\/categories?post=260119"},{"taxonomy":"post_tag","embeddable":true,"href":"https:\/\/www.europesays.com\/es\/wp-json\/wp\/v2\/tags?post=260119"}],"curies":[{"name":"wp","href":"https:\/\/api.w.org\/{rel}","templated":true}]}}