{"id":26012,"date":"2025-08-04T22:52:06","date_gmt":"2025-08-04T22:52:06","guid":{"rendered":"https:\/\/www.europesays.com\/es\/26012\/"},"modified":"2025-08-04T22:52:06","modified_gmt":"2025-08-04T22:52:06","slug":"el-ex-campeon-del-ufc-khabib-nurmagomedov-tacha-a-floyd-mayweather-jr-de-don-nadie-en-la-vida-y-pone-en-duda-su-legado-en-el-boxeo","status":"publish","type":"post","link":"https:\/\/www.europesays.com\/es\/26012\/","title":{"rendered":"El ex campe\u00f3n del UFC Khabib Nurmagomedov tacha a Floyd Mayweather Jr. de \u00abdon nadie en la vida\u00bb y pone en duda su legado en el boxeo"},"content":{"rendered":"<p>Todo explot\u00f3 cuando se le pregunt\u00f3 sobre su legado. \u201cAyer vi una entrevista de un tipo cuyo apodo es \u2018Money\u2019. Le pagaron para volar a Jerusal\u00e9n. Y all\u00ed estaba, hablando de c\u00f3mo apoya a ese pa\u00eds. \u00c9l pele\u00f3 por dinero. Yo pele\u00e9 por legado\u2014porque si inspiras a la gente, eso es legado. Pero personas basura como ese tipo, jam\u00e1s inspirar\u00e1n a nadie. Pido disculpas por mi lenguaje\u201d, se lee en la traducci\u00f3n al ruso de su respuesta.<\/p>\n","protected":false},"excerpt":{"rendered":"Todo explot\u00f3 cuando se le pregunt\u00f3 sobre su legado. \u201cAyer vi una entrevista de un tipo cuyo apodo&hellip;\n","protected":false},"author":2,"featured_media":26013,"comment_status":"","ping_status":"","sticky":false,"template":"","format":"standard","meta":{"footnotes":""},"categories":[276],"tags":[168,25,24,23,167,343],"class_list":{"0":"post-26012","1":"post","2":"type-post","3":"status-publish","4":"format-standard","5":"has-post-thumbnail","7":"category-ufc","8":"tag-deportes","9":"tag-es","10":"tag-espana","11":"tag-spain","12":"tag-sports","13":"tag-ufc"},"share_on_mastodon":{"url":"","error":""},"_links":{"self":[{"href":"https:\/\/www.europesays.com\/es\/wp-json\/wp\/v2\/posts\/26012","targetHints":{"allow":["GET"]}}],"collection":[{"href":"https:\/\/www.europesays.com\/es\/wp-json\/wp\/v2\/posts"}],"about":[{"href":"https:\/\/www.europesays.com\/es\/wp-json\/wp\/v2\/types\/post"}],"author":[{"embeddable":true,"href":"https:\/\/www.europesays.com\/es\/wp-json\/wp\/v2\/users\/2"}],"replies":[{"embeddable":true,"href":"https:\/\/www.europesays.com\/es\/wp-json\/wp\/v2\/comments?post=26012"}],"version-history":[{"count":0,"href":"https:\/\/www.europesays.com\/es\/wp-json\/wp\/v2\/posts\/26012\/revisions"}],"wp:featuredmedia":[{"embeddable":true,"href":"https:\/\/www.europesays.com\/es\/wp-json\/wp\/v2\/media\/26013"}],"wp:attachment":[{"href":"https:\/\/www.europesays.com\/es\/wp-json\/wp\/v2\/media?parent=26012"}],"wp:term":[{"taxonomy":"category","embeddable":true,"href":"https:\/\/www.europesays.com\/es\/wp-json\/wp\/v2\/categories?post=26012"},{"taxonomy":"post_tag","embeddable":true,"href":"https:\/\/www.europesays.com\/es\/wp-json\/wp\/v2\/tags?post=26012"}],"curies":[{"name":"wp","href":"https:\/\/api.w.org\/{rel}","templated":true}]}}