{"id":260131,"date":"2025-11-28T10:32:18","date_gmt":"2025-11-28T10:32:18","guid":{"rendered":"https:\/\/www.europesays.com\/es\/260131\/"},"modified":"2025-11-28T10:32:18","modified_gmt":"2025-11-28T10:32:18","slug":"una-pelicula-de-accion-a-ciegas-para-afinar-el-blindaje-en-los-tuneles-de-la-m-30-simulacros-anuales-con-atentados-terroristas-inundaciones-o-la-ultima-una-persecucion-policial-el-mu","status":"publish","type":"post","link":"https:\/\/www.europesays.com\/es\/260131\/","title":{"rendered":"Una pel\u00edcula de acci\u00f3n &quot;a ciegas&quot; para afinar el blindaje en los t\u00faneles de la M-30: simulacros anuales con atentados terroristas, inundaciones o, la \u00faltima, una persecuci\u00f3n policial &#8211; El Mundo"},"content":{"rendered":"<ol>\n<li><a href=\"https:\/\/news.google.com\/rss\/articles\/CBMiekFVX3lxTE14eTR2bDZuTUJpbEMzOFlGbGg0V3RHWGsyQ3RyS1VqaGRGZFJiTndoN1hRUzhMVGN1RDB4MHFxYmZ1a2Y1dy1TNE8zeVNzYjVudFA3Zm10Y0hENkROMnlqUVQwZEE5LUtheEZQUU50OWd0YWdSSGVTLUpR0gF6QVVfeXFMTmxLN3V0S1EwXy1UYUx5amNnUTNIWEtXV0tNODFack5BSjA5RG03RkQzbUJjNzVHdTlXWTZzZVgzeFl6N3ZJX0pxVlhLUllQWVh1V21jTDNfRXB3VlhyT25Lc0NwVlpaV0lMNjRkeExDSFk2V0NJN3I3QWc?oc=5\" target=\"_blank\" rel=\"nofollow noopener\">Una pel\u00edcula de acci\u00f3n \u00aba ciegas\u00bb para afinar el blindaje en los t\u00faneles de la M-30: simulacros anuales con atentados terroristas, inundaciones o, la \u00faltima, una persecuci\u00f3n policial<\/a>&nbsp;&nbsp;El Mundo<\/li>\n<li><a href=\"https:\/\/news.google.com\/rss\/articles\/CBMilgJBVV95cUxPbDkxOUEtNlNBRU1NT0gydUI5SVNhSWZZTGhjdGZmN3RNWUdObXYxNThlc09aSXA4Y0VHalVjcVl1Y1VScDBLa2ljM1dMVEZuV1BWeDVQbGdKbmlBbmdDQmItTGl4cEtoZ3NidmVhUHZFSE1mNkFmSHBMVTFkWkgteU9yUlJWRWR0RjZzaWhIYW5QeWpFNU1EMGtONW4zN2FQV3kzSTdjMkE0dFBnRHNkeEgtMlRhY3hrUThjUnl0TUU4MEY0N0w3ZzN6dHNWY1ljdzlOSU4wS2VNM3NKWGJwSC01SUJMUE1sM245S3dmMnZPbVR4bmFLNmRoaVhDaUV0elFEZmRMM1VpVWlMZEdxLXY4OC1aQdIBlgJBVV95cUxQQlRGbENsaGVzZURSd3Q4NlJPUGRUcDQzNkhscUQ5cTluNnVoMnpKY1dXeTdQQUI3RFV5OFRzMnMwUmxWM1oxVS04eHBpbU16d1VNemp6UndHZWw5a3U0c2tON1FDYlBDbFVRRkZIZWowcDRFRW94NUpUNG5BUGpDclBuWnA0QWRrVmpJVk8tdVFGU0Rsb2N4WEV5TW9SUnJSTk9VVUp2WFpiV3l2blYyVmRMbVJINmNNdG0wZ1BjWmFYZHdRN1NFVDZJS2FGTmR1SUNaajBXSTM3d3dHSnVFYWtJYmJhdEVJSWliUG1rWE5HalVQLVRfUUtfM2s0b0EwRmhSN1FXWWhqVDhoMkdoQy1jamdqZw?oc=5\" target=\"_blank\" rel=\"nofollow noopener\">Un simulacro en los t\u00faneles de la M30 permite evaluar la coordinaci\u00f3n de los servicios de emergencia<\/a>&nbsp;&nbsp;Onda Cero<\/li>\n<li><a href=\"https:\/\/news.google.com\/rss\/articles\/CBMi2AFBVV95cUxNRnBYelE2QTZmSzRjQzREazVZUzFORno1eVlwUl9abmJQcEFjNDFLaVdZUFVQdUlaOHl5bU1pc0R3RXRFYW1XTkxWZ29uNTB1aGJ4YS1oLXg3Um85MGxmMU5YRWxSdTFCOVg0U1pXdUpJVWc2NG5nc0JKakRjVU12bVFMNHg1NmktLXlscUdzODZtZ1NYR1lpazlPa3UwdDJWcGxUbGVuRWJJendwaTlUT3VBSlpIWjZPRWhFRjJSOXlOeV95NVZIZkF6Ty1yVmo3YjFNR2w4enc?oc=5\" target=\"_blank\" rel=\"nofollow noopener\">El t\u00fanel de Embajadores acoge el simulacro anual de emergencias de Madrid Calle 30<\/a>&nbsp;&nbsp;Libertad Digital<\/li>\n<li><a href=\"https:\/\/news.google.com\/rss\/articles\/CBMihgJBVV95cUxOMTd5VHhhekdxbzdSMU15eFJia29VYzNnOEh2Zlc4YjdBbEdoSmFmWmFtREVrOThXN0tBUzREZzBDUzJSbm92eEd3THNGUzBSUllZWHg0RDRtZmFMcFBnZ0s4UjdSMVl2SGpsQUpqLS1NZDdTV2tiVHBnYTVTa2VOSmJQdW8tZ2dWRXVGNTlRWU94NHMtOUpQRHZXd1dGYnhCbVU2TmNjQ0g1Y1c5NEhqLXh2RTJBR0ltTE9YMVlraWJGTXYxRDZiVTJVRkd3dnQ5bDVLdF9TY0hBakNRdjV3UllnbG14LXBUVldvMW5EYjg2anNFeWhTRzFwMWZRTGFpX21RT2pB0gGLAkFVX3lxTE1BYUFmdFpyRllKVDBiYWdtMW4yU09aX1Fmc0pFZlAxS3BiYkRqYWdkUk1TaXZJaDJSQVJBOV9XeWk5MTNoeUZJYWFzbDJpYml4eFhibFBSVTVjenF0b2Z1R1JRMWM4OE4wY1hiWlJsMTVoYVlTNEFkdEdNd1FFVkdmVlA3MkhaZ3M1a2ZncV9IcVhiem50UUlILXdkbUdEa2F1YWJnRzI5Um5fTl9jWEc0eEVxdlM0d3pGeDUxQm03bm03Y1JXWTJCT2YwNk1oSy04QU9EVVpObjUwZUxFVk1TbWowcjJCQmJPN1hQbG91cmF1YTlXRUxUSC02LU1HVm5JdjdkNXpXYzE5aw?oc=5\" target=\"_blank\" rel=\"nofollow noopener\">Una persecuci\u00f3n policial y un fallo el\u00e9ctrico ponen a prueba los servicios de emergencia en la M-30<\/a>&nbsp;&nbsp;Telemadrid<\/li>\n<li><a href=\"https:\/\/news.google.com\/rss\/articles\/CBMizwFBVV95cUxQTkVPZzYyb1ZXYzVlbkVNWC1rY1ZQa1ZENlJfaEVJYmxHVGN0bU5oWW5tZ1FRSXBJMDR4QmJtaVJnX0lMei1lRnI2TThTMVVJMXhRdWQ3OU53bWd3NGp1MWZxcFcxempOdWxkakZNbVpyRFFiMGdnaERNVUN6U1VhUmlBemotZFd6dGZtQS05cjhGbVl6N2dzYm12RUpWQzVfWVdEOTNEaXI3UVBZNGl1RThiYjE0SVNudHdfdmxmcU1CdUw4djl1bkZXMl9HdnPSAeMBQVVfeXFMTk01M2dFaTdnbXBleS1LQlV5T1RVcGZqa25QNWZQRzVrb0lLSUxZSTVROTBCQ09EYXJ1TDhRb185UXBQY1drblBHYW9UWTVGU0lOX1NVODY4VFNHMElRZ0JBNjg3OTJFenJDS3V3b3Q3ZE4wMVFHVHduc0NzQ0NfaDVVTXA0YmxzM0xLMk1GUHg1aFVBLVlVRmtvLWdGM29mdHdfZnpuWXpBNXVHZC1BeEtrZHZZYzdGQnN4Z2lHOG9vam9DOEJfRWlGV09wUUFDWDlOdVBiempRdTR2bWdwUGNnRGs?oc=5\" target=\"_blank\" rel=\"nofollow noopener\">Emergencia en la M-30: as\u00ed ensay\u00f3 Madrid de madrugada una accidentada persecuci\u00f3n<\/a>&nbsp;&nbsp;La Raz\u00f3n<\/li>\n<\/ol>\n","protected":false},"excerpt":{"rendered":"Una pel\u00edcula de acci\u00f3n \u00aba ciegas\u00bb para afinar el blindaje en los t\u00faneles de la M-30: simulacros anuales&hellip;\n","protected":false},"author":2,"featured_media":260132,"comment_status":"","ping_status":"","sticky":false,"template":"","format":"standard","meta":{"footnotes":""},"categories":[169],"tags":[177,146,147,25,24,176,205,175,23],"class_list":{"0":"post-260131","1":"post","2":"type-post","3":"status-publish","4":"format-standard","5":"has-post-thumbnail","7":"category-cine","8":"tag-cine","9":"tag-entertainment","10":"tag-entretenimiento","11":"tag-es","12":"tag-espana","13":"tag-film","14":"tag-madrid","15":"tag-movies","16":"tag-spain"},"share_on_mastodon":{"url":"https:\/\/pubeurope.com\/@es\/115626871955394834","error":""},"_links":{"self":[{"href":"https:\/\/www.europesays.com\/es\/wp-json\/wp\/v2\/posts\/260131","targetHints":{"allow":["GET"]}}],"collection":[{"href":"https:\/\/www.europesays.com\/es\/wp-json\/wp\/v2\/posts"}],"about":[{"href":"https:\/\/www.europesays.com\/es\/wp-json\/wp\/v2\/types\/post"}],"author":[{"embeddable":true,"href":"https:\/\/www.europesays.com\/es\/wp-json\/wp\/v2\/users\/2"}],"replies":[{"embeddable":true,"href":"https:\/\/www.europesays.com\/es\/wp-json\/wp\/v2\/comments?post=260131"}],"version-history":[{"count":0,"href":"https:\/\/www.europesays.com\/es\/wp-json\/wp\/v2\/posts\/260131\/revisions"}],"wp:featuredmedia":[{"embeddable":true,"href":"https:\/\/www.europesays.com\/es\/wp-json\/wp\/v2\/media\/260132"}],"wp:attachment":[{"href":"https:\/\/www.europesays.com\/es\/wp-json\/wp\/v2\/media?parent=260131"}],"wp:term":[{"taxonomy":"category","embeddable":true,"href":"https:\/\/www.europesays.com\/es\/wp-json\/wp\/v2\/categories?post=260131"},{"taxonomy":"post_tag","embeddable":true,"href":"https:\/\/www.europesays.com\/es\/wp-json\/wp\/v2\/tags?post=260131"}],"curies":[{"name":"wp","href":"https:\/\/api.w.org\/{rel}","templated":true}]}}