{"id":260143,"date":"2025-11-28T10:38:10","date_gmt":"2025-11-28T10:38:10","guid":{"rendered":"https:\/\/www.europesays.com\/es\/260143\/"},"modified":"2025-11-28T10:38:10","modified_gmt":"2025-11-28T10:38:10","slug":"la-fiscalia-anticorrupcion-de-ucrania-registra-el-domicilio-de-andrii-yermak-la-mano-derecha-de-zelenski-internacional","status":"publish","type":"post","link":"https:\/\/www.europesays.com\/es\/260143\/","title":{"rendered":"La Fiscal\u00eda Anticorrupci\u00f3n de Ucrania registra el domicilio de Andrii Yermak, la mano derecha de Zelenski | Internacional"},"content":{"rendered":"<p class=\"\">Ucrania se ha levantado este viernes con una noticia que sacude los cimientos del poder pol\u00edtico del pa\u00eds. Los agentes de la Agencia Nacional Anticorrupci\u00f3n (NABU) y la Fiscal\u00eda Anticorrupci\u00f3n (SAPO) han irrumpido esta ma\u00f1ana en el domicilio en Kiev de Andrii Yermak, jefe de la oficina del presidente y mano derecha de Volod\u00edmir Zelenki. Los organismos contra el fraude han acudido con una orden de registro, como parte del caso Midas, una red de <a href=\"https:\/\/elpais.com\/internacional\/2025-11-23\/la-tormenta-perfecta-se-cierne-sobre-zelenski.html\" target=\"_self\" rel=\"nofollow noopener\" title=\"https:\/\/elpais.com\/internacional\/2025-11-23\/la-tormenta-perfecta-se-cierne-sobre-zelenski.html\">comisiones y blanqueo de dinero que afecta al c\u00edrculo directo de Zelenski<\/a>.<\/p>\n<p class=\"\">La NABU ha confirmado que el registro est\u00e1 en marcha solo en el domicilio de Yermak y no en su despacho. Ambos se encuentran en el barrio gubernamental de la capital ucrania. \u201cLos inspectores de la NABU y la SAPO han tenido pleno acceso a mi apartamento\u201d, ha escrito Yermak en sus redes sociales, \u201cmis abogados est\u00e1n trabajando con ellos y, por mi parte, cuentan con toda mi cooperaci\u00f3n\u201d.<\/p>\n<p class=\"\">La NABU y la fiscal\u00eda advert\u00edan desde hace d\u00edas que habr\u00eda nuevas acciones en torno al caso Midas. Los medios de comunicaci\u00f3n daban por hecho que el pr\u00f3ximo afectado ser\u00eda Rustem Umerov, secretario del Consejo de Seguridad Nacional, exministro de Defensa, y hombre de confianza de Zelenski. Umerov fue interrogado por la NABU el pasado mi\u00e9rcoles en calidad de testigo. La sorpresa ha sido que los organismos anticorrupci\u00f3n han ido primero a por Yermak. Se desconoce todav\u00eda si la mano derecha del presidente pasar\u00e1 a ser formalmente investigado.<\/p>\n<p class=\"\">La base de la operaci\u00f3n del caso Midas son decenas de horas de grabaciones en los tel\u00e9fonos de Timur Mindich, socio junto a Zelenski de <a href=\"https:\/\/elpais.com\/internacional\/2022-10-31\/kvartal-95-el-barrio-que-explica-el-liderazgo-de-zelenski.html\" target=\"_self\" rel=\"nofollow noopener\" title=\"https:\/\/elpais.com\/internacional\/2022-10-31\/kvartal-95-el-barrio-que-explica-el-liderazgo-de-zelenski.html\">la productora audiovisual Kvartal 95, la compa\u00f1\u00eda que le proyect\u00f3 a la fama<\/a> como actor. El domicilio de Mindich fue registrado el 10 de noviembre, pero el ahora acusado huy\u00f3 del pa\u00eds pocas horas antes.<\/p>\n<p class=\"\">Mindich ser\u00eda el cerebro de una red de cobro de comisiones y de blanqueo de dinero en varios ministerios del Gobierno. El principal ministerio afectado hasta la fecha es el de Energ\u00eda. La SAPO estima que a trav\u00e9s de Mindich y altos cargos del Gobierno fueron robados del <a href=\"https:\/\/elpais.com\/internacional\/2025-11-10\/un-caso-de-corrupcion-en-el-sector-energetico-salpica-al-gobierno-y-al-entorno-de-zelenski.html\" target=\"_self\" rel=\"nofollow noopener\" title=\"https:\/\/elpais.com\/internacional\/2025-11-10\/un-caso-de-corrupcion-en-el-sector-energetico-salpica-al-gobierno-y-al-entorno-de-zelenski.html\">presupuesto de la empresa de energ\u00eda at\u00f3mica Energoatom m\u00e1s de 85 millones de euros<\/a>.<\/p>\n<p class=\"\">Las grabaciones que han hecho p\u00fablicas los organismos anticorrupci\u00f3n tambi\u00e9n apuntan a que Mindich maniobr\u00f3 para ama\u00f1ar contratos en el ministerio de Defensa cuando lo lideraba Umerov.<\/p>\n<p class=\"\">Se desconoce qu\u00e9 medidas puede tomar Zelenski respecto a Yermak. El presidente orden\u00f3 el 12 de noviembre el cese de otro de sus hombres de confianza, el exministro de Justicia y de <a href=\"https:\/\/elpais.com\/internacional\/2025-11-12\/el-gobierno-ucranio-destituye-al-ministro-de-justicia-por-el-fraude-en-el-sector-energetico.html\" target=\"_self\" rel=\"nofollow noopener\" title=\"https:\/\/elpais.com\/internacional\/2025-11-12\/el-gobierno-ucranio-destituye-al-ministro-de-justicia-por-el-fraude-en-el-sector-energetico.html\">Energ\u00eda, German Galushchenko, tras haber sido registrado su domicilio<\/a>. Galushchenko no est\u00e1 todav\u00eda formalmente investigado. El \u00fanico antiguo miembro del Gobierno que s\u00ed est\u00e1 acusado es el ex vice primer ministro Oleksii Chernishov.<\/p>\n<p class=\"\">El partido opositor Golos y medios de comunicaci\u00f3n como Censor.net apuntan a que Yermak aparece en las grabaciones de Mindich con el seud\u00f3nimo de Alibaba. Este Alibaba, seg\u00fan los audios, se deb\u00eda encargar de bloquear las investigaciones de los organismos anticorrupci\u00f3n.<\/p>\n<p class=\"\">El poder de Yermak en Ucrania es casi absoluto, solo superado por el de Zelenski. Para el presidente, su amigo y m\u00e1ximo hombre de confianza act\u00faa como consejero, l\u00edder en negociaciones determinantes, pero tambi\u00e9n como pararrayos en decisiones controvertidas, porque causar\u00e1n malestar o porque forman parte del juego sucio del poder.<\/p>\n<p>Todo empez\u00f3 en julio<\/p>\n<p class=\"\">La tormenta empez\u00f3 de hecho el pasado julio, cuando los Servicios de Seguridad de Ucrania (el SSU, dependiente del Ministerio del Interior) llevaron a cabo una redada contra una veintena de agentes de la NABU y la SAPO. Pocos d\u00edas despu\u00e9s, Zelenski presentaba por sorpresa ante la Rada (el Parlamento ucranio) una ley que suspend\u00eda de facto la independencia de los organismos anticorrupci\u00f3n. <a href=\"https:\/\/elpais.com\/internacional\/2025-07-27\/la-semana-en-la-que-volodimir-zelenski-arriesgo-su-liderazgo.html\" target=\"_self\" rel=\"nofollow noopener\" title=\"https:\/\/elpais.com\/internacional\/2025-07-27\/la-semana-en-la-que-volodimir-zelenski-arriesgo-su-liderazgo.html\">El presidente retir\u00f3 la ley tras recibir un alud de cr\u00edticas desde la Uni\u00f3n Europea y sufrir<\/a> las primeras manifestaciones populares durante la guerra. La NABU y la SAPO, que cuentan con el apoyo de la UE, filtraron que aquellas maniobras buscaban frenar la investigaci\u00f3n sobre Mindich. Estas instituciones operan bajo la protecci\u00f3n de los aliados occidentales de Ucrania porque se consideran fundamentales para aplicar las reformas necesarias para que el pa\u00eds forme parte de la UE.<\/p>\n<p class=\"\">El malestar social en torno al presidente se ha disparado a ra\u00edz del caso Midas. Los tres principales partidos de la oposici\u00f3n est\u00e1n recabando apoyos entre la mayor\u00eda parlamentaria del partido de Zelenski, Servidor del Pueblo, para presentar una moci\u00f3n de censura que expulse al Gobierno y cree un ejecutivo de unidad nacional. La situaci\u00f3n es tan dif\u00edcil para Zelenski que el 20 de noviembre se reuni\u00f3 con su grupo parlamentario para afrontar la presi\u00f3n. Nombres de peso entre sus filas le pidieron que tomara una decisi\u00f3n dr\u00e1stica para cortar el malestar, el cese de Yermak. El presidente lo descart\u00f3, como tambi\u00e9n descart\u00f3 cambios en el Gobierno.<\/p>\n<p class=\"\">La relevancia de este caso de corrupci\u00f3n para Zelenski lo demuestra que aquel 20 de enero fue el d\u00eda que oficialmente recibi\u00f3 el llamado \u201cplan de paz\u201d propuesto por el presidente de Estados Unidos, Donald Trump.<a href=\"https:\/\/elpais.com\/internacional\/2025-11-26\/el-enviado-de-trump-steve-witkoff-asesoro-a-rusia-sobre-como-halagar-al-presidente-estadounidense.html\" target=\"_self\" rel=\"nofollow noopener\" title=\"https:\/\/elpais.com\/internacional\/2025-11-26\/el-enviado-de-trump-steve-witkoff-asesoro-a-rusia-sobre-como-halagar-al-presidente-estadounidense.html\"> Este documento era en su forma original una lista de concesiones<\/a> a Rusia inaceptable para Ucrania. Pero el l\u00edder ucranio no se reuni\u00f3 con su grupo parlamentario para discutir el plan de paz, \u00fanicamente para debatir con sus diputados sobre el esc\u00e1ndalo pol\u00edtico en ciernes.<\/p>\n<p>Descontento popular<\/p>\n<p class=\"\">El descontento popular va en aumento en un momento en el que las fuerzas flaquean ante el invasor ruso. Una encuesta de este noviembre del centro de estudios demosc\u00f3picos Sociopolis asegura que un 70% de la ciudadan\u00eda quiere la destituci\u00f3n de Yermak.<\/p>\n<p class=\"\">\u201cAl principio, en 2022, ten\u00edamos tanta fuerza, una unidad nacional que nunca hab\u00edamos sentido, pero la sociedad hoy no est\u00e1 unida con nuestros l\u00edderes. Y as\u00ed es dif\u00edcil continuar\u201d, v<a href=\"https:\/\/elpais.com\/internacional\/2025-11-27\/cansancio-y-pesimismo-en-bucha-donde-rusia-cometio-sus-peores-crimenes-de-guerra.html\" target=\"_self\" rel=\"nofollow noopener\" title=\"https:\/\/elpais.com\/internacional\/2025-11-27\/cansancio-y-pesimismo-en-bucha-donde-rusia-cometio-sus-peores-crimenes-de-guerra.html\">aloraba el jueves en EL PA\u00cdS Svitlana Biuhova, una empresaria hotelera de Bucha<\/a>. \u201cLe voy a decir algo que suena muy fuerte\u201d, explicaba tambi\u00e9n este jueves Anastas\u00eda Kucherieva, bibliotecaria del centro de Kiev, \u201cpero creo que ahora odio m\u00e1s a nuestro Gobierno que a Putin, mientras que vivimos cada d\u00eda sin electricidad por culpa de los rusos, ellos roban recursos. Por lo menos con los rusos sabemos qui\u00e9n es el enemigo\u201d.<\/p>\n<p class=\"\">Kucherieva se refiere a <a href=\"https:\/\/elpais.com\/internacional\/2025-11-21\/el-plan-de-ee-uu-traspasa-lineas-rojas-de-ucrania-y-cede-ante-las-exigencias-de-rusia.html\" target=\"_self\" rel=\"nofollow noopener\" title=\"https:\/\/elpais.com\/internacional\/2025-11-21\/el-plan-de-ee-uu-traspasa-lineas-rojas-de-ucrania-y-cede-ante-las-exigencias-de-rusia.html\">los cortes diarios de m\u00e1s de 12 horas en el suministro el\u00e9ctrico en Kiev<\/a> por los bombardeos del invasor contra la red energ\u00e9tica ucrania. La principal fuente de electricidad que queda en el pa\u00eds es la que produce Energoatom.<\/p>\n","protected":false},"excerpt":{"rendered":"Ucrania se ha levantado este viernes con una noticia que sacude los cimientos del poder pol\u00edtico del pa\u00eds.&hellip;\n","protected":false},"author":2,"featured_media":260144,"comment_status":"","ping_status":"","sticky":false,"template":"","format":"standard","meta":{"footnotes":""},"categories":[42],"tags":[8738,17,18,70,71,72,700,13,14,69,7082,11,61,62,63,64,19,20,9,10,15,16,1613,1614,12,7081,21,22,1617,14181,65,66,67],"class_list":{"0":"post-260143","1":"post","2":"type-post","3":"status-publish","4":"format-standard","5":"has-post-thumbnail","7":"category-internacional","8":"tag-ataques-militares","9":"tag-breaking-news","10":"tag-breakingnews","11":"tag-conflictos","12":"tag-conflictos-armados","13":"tag-conflictos-internacionales","14":"tag-europa","15":"tag-featured-news","16":"tag-featurednews","17":"tag-guerra","18":"tag-guerra-de-rusia-en-ucrania","19":"tag-headlines","20":"tag-internacional","21":"tag-international","22":"tag-international-news","23":"tag-internationalnews","24":"tag-latest-news","25":"tag-latestnews","26":"tag-news","27":"tag-noticias","28":"tag-noticias-destacadas","29":"tag-noticiasdestacadas","30":"tag-otan","31":"tag-rusia","32":"tag-titulares","33":"tag-ucrania","34":"tag-ultimas-noticias","35":"tag-ultimasnoticias","36":"tag-union-europea","37":"tag-volodimir-zelenski","38":"tag-world","39":"tag-world-news","40":"tag-worldnews"},"share_on_mastodon":{"url":"","error":"Validation failed: Text character limit of 500 exceeded"},"_links":{"self":[{"href":"https:\/\/www.europesays.com\/es\/wp-json\/wp\/v2\/posts\/260143","targetHints":{"allow":["GET"]}}],"collection":[{"href":"https:\/\/www.europesays.com\/es\/wp-json\/wp\/v2\/posts"}],"about":[{"href":"https:\/\/www.europesays.com\/es\/wp-json\/wp\/v2\/types\/post"}],"author":[{"embeddable":true,"href":"https:\/\/www.europesays.com\/es\/wp-json\/wp\/v2\/users\/2"}],"replies":[{"embeddable":true,"href":"https:\/\/www.europesays.com\/es\/wp-json\/wp\/v2\/comments?post=260143"}],"version-history":[{"count":0,"href":"https:\/\/www.europesays.com\/es\/wp-json\/wp\/v2\/posts\/260143\/revisions"}],"wp:featuredmedia":[{"embeddable":true,"href":"https:\/\/www.europesays.com\/es\/wp-json\/wp\/v2\/media\/260144"}],"wp:attachment":[{"href":"https:\/\/www.europesays.com\/es\/wp-json\/wp\/v2\/media?parent=260143"}],"wp:term":[{"taxonomy":"category","embeddable":true,"href":"https:\/\/www.europesays.com\/es\/wp-json\/wp\/v2\/categories?post=260143"},{"taxonomy":"post_tag","embeddable":true,"href":"https:\/\/www.europesays.com\/es\/wp-json\/wp\/v2\/tags?post=260143"}],"curies":[{"name":"wp","href":"https:\/\/api.w.org\/{rel}","templated":true}]}}