{"id":260146,"date":"2025-11-28T10:40:27","date_gmt":"2025-11-28T10:40:27","guid":{"rendered":"https:\/\/www.europesays.com\/es\/260146\/"},"modified":"2025-11-28T10:40:27","modified_gmt":"2025-11-28T10:40:27","slug":"san-lorenzo-presenta-un-presupuesto-2026-con-14-millones-de-euros-en-inversiones-congelacion-de-impuestos-y-refuerzo-del-apoyo-a-familias-y-pymes","status":"publish","type":"post","link":"https:\/\/www.europesays.com\/es\/260146\/","title":{"rendered":"San Lorenzo presenta un Presupuesto 2026 con 14 millones de euros en inversiones, congelaci\u00f3n de impuestos y refuerzo del apoyo a familias y pymes"},"content":{"rendered":"<p>El Ayuntamiento de San Lorenzo de El Escorial ha presentado el Proyecto de Presupuesto Municipal para 2026, que\u00a0<strong>asciende a 28,2 millones de euros<\/strong>\u00a0y mantiene el objetivo de garantizar una gesti\u00f3n responsable, eficiente y orientada a las personas, consolidando las pol\u00edticas de transformaci\u00f3n del municipio desarrolladas en los \u00faltimos a\u00f1os.<\/p>\n<p>Se trata de un\u00a0<strong>presupuesto prudente, equilibrado y sostenible<\/strong>, que cumple con las reglas fiscales, mantiene un bajo nivel de endeudamiento (4,5%, muy lejos del l\u00edmite del 110%) y preserva la m\u00e1xima de no gastar m\u00e1s de lo que se ingresa.<\/p>\n<p><strong>M\u00e1s de 14 millones de euros para modernizar San Lorenzo de El Escorial<\/strong><\/p>\n<p>El Presupuesto 2026 contempla m\u00e1s de 14 millones de euros en inversiones,\u00a0<strong>una cifra hist\u00f3rica para San Lorenzo de El Escorial,<\/strong>\u00a0impulsada por fondos europeos Next Generation, los Planes de Sostenibilidad Tur\u00edstica en Destino (PSTD 2021, 2022 y 2023), Plan de Inversi\u00f3n Regional (PIR) y fondos propios, entre las que destacan:<\/p>\n<ul class=\"wp-block-list\">\n<li><strong>Renovaci\u00f3n eficiente del alumbrado p\u00fablico<\/strong>\u00a0en el conjunto hist\u00f3rico, casco urbano y colonias.<\/li>\n<li><strong>Plan de asfaltado<\/strong>\u00a0en el entorno de Pozas Norte, Tomillar, urbanizaci\u00f3n Felipe II entre otras<\/li>\n<li><strong>Renovaci\u00f3n de la red de abastecimiento\u00a0<\/strong>y pavimentaci\u00f3n en el barrio del Plantel y mejora de la gesti\u00f3n del agua mediante reducci\u00f3n de fugas en el conjunto hist\u00f3rico.<\/li>\n<\/ul>\n<ul class=\"wp-block-list\">\n<li><strong>Instalaci\u00f3n de c\u00e1maras de control de tr\u00e1fico<\/strong>\u00a0en todo el municipio. Y de sistemas inteligentes de informaci\u00f3n de aparcamientos<\/li>\n<li><strong>Rehabilitaci\u00f3n energ\u00e9tica<\/strong>\u00a0del Polideportivo El Zaburd\u00f3n.<\/li>\n<li><strong>Adecuaci\u00f3n de parques y zonas verdes<\/strong>, incluyendo La Ladera y Felipe II (Terreros).<\/li>\n<li><strong>Mejoras de caminabilidad\u00a0<\/strong>y accesibilidad\u00a0<\/li>\n<li><strong>Prevenci\u00f3n de riesgos<\/strong>\u00a0por inundaci\u00f3n en el Arroyo de las Cebadillas.<\/li>\n<\/ul>\n<p><a href=\"https:\/\/www.aytosanlorenzo.es\/wp-content\/uploads\/2025\/11\/SAN-LORENZO-1.png\" rel=\"nofollow noopener\" target=\"_blank\"><img loading=\"lazy\" decoding=\"async\" width=\"1030\" height=\"467\" src=\"https:\/\/www.europesays.com\/es\/wp-content\/uploads\/2025\/11\/SAN-LORENZO-1-1030x467.png\" alt=\"\" class=\"wp-image-72224\"  \/><\/a><\/p>\n<p>Estas inversiones permiten avanzar hacia un municipio m\u00e1s seguro y atractivo para residentes visitantes y empresas.<\/p>\n<p><strong>Un presupuesto centrado en las familias, los aut\u00f3nomos y las pymes<\/strong><\/p>\n<p>El Ayuntamiento vuelve a poner en el centro a los vecinos y al tejido econ\u00f3mico local, reforzando ayudas y programas fundamentales:<\/p>\n<ul class=\"wp-block-list\">\n<li><strong>Apoyo directo a familias.<\/strong>\u00a0Reforzando programas que alivian la carga econ\u00f3mica, mejoran el acceso a servicios esenciales y acompa\u00f1an a ni\u00f1os y j\u00f3venes en su desarrollo educativo y personal. Este a\u00f1o se destinan\u00a0<strong>m\u00e1s de 240.000 euros en ayudas directas,<\/strong>\u00a0entre las que destaca el Cheque Escolar, que beneficiar\u00e1 a m\u00e1s de 2.000 estudiantes y contribuir\u00e1 a dinamizar el comercio local. Junto a \u00e9l, se mantienen el Cheque Beb\u00e9, las ayudas de material escolar y los Premios a la Excelencia Acad\u00e9mica, que reconocen el esfuerzo de nuestros j\u00f3venes.<\/li>\n<\/ul>\n<ul class=\"wp-block-list\">\n<li><strong>Impulso al comercio, pymes y emprendimiento.\u00a0<\/strong>El Presupuesto 2026 refuerza de manera decidida el apoyo al comercio local, a las pymes, a los emprendedores y al tejido asociativo, motores fundamentales de la vida econ\u00f3mica y social de San Lorenzo de El Escorial, manteniendo una\u00a0<strong>pol\u00edtica fiscal moderada y favorable a la actividad econ\u00f3mica,\u00a0<\/strong>sin subida de impuestos y con un amplio paquete de beneficios fiscales que facilita la apertura y consolidaci\u00f3n de negocios.<\/li>\n<\/ul>\n<ul class=\"wp-block-list\">\n<li><strong>Emprendimiento y formaci\u00f3n.\u00a0<\/strong>Las cuentas reservan m\u00e1s de\u00a0<strong>60.000 euros a programas de innovaci\u00f3n y fomento del emprendimiento<\/strong>, consolidando iniciativas como, San Lorenzo Emple@ 3.0, plataforma de b\u00fasqueda de empleo y formaci\u00f3n, Escuela Virtual de Formaci\u00f3n, con capacitaci\u00f3n gratuita para vecinos o los programas de cualificaci\u00f3n, activaci\u00f3n y reactivaci\u00f3n profesional dirigidos a desempleados y emprendedores.<\/li>\n<\/ul>\n<ul class=\"wp-block-list\">\n<li><strong>Fortalecimiento del tejido asociativo.<\/strong>\u00a0El Presupuesto 2026\u00a0<strong>incrementa las subvenciones a asociaciones<\/strong>\u00a0culturales, deportivas, sociales, hermandades y entidades vecinales, reconociendo su papel esencial en la cohesi\u00f3n comunitaria y en la dinamizaci\u00f3n del municipio. Este respaldo permite que las asociaciones contin\u00faen desarrollando proyectos, fomenten la participaci\u00f3n ciudadana y contribuyan a que San Lorenzo de El Escorial sea un municipio vivo, activo y con una oferta cultural y social diversa.<\/li>\n<\/ul>\n<p><strong>Pol\u00edtica fiscal moderada<\/strong><\/p>\n<p>Por cuarto a\u00f1o consecutivo, el Ayuntamiento mantiene una pol\u00edtica fiscal responsable, que protege a los vecinos frente al aumento generalizado de precios:<\/p>\n<ul class=\"wp-block-list\">\n<li>No se incrementan impuestos, tasas ni precios p\u00fablicos.<\/li>\n<li>Se mantiene el\u00a0<strong>compromiso de no repercutir la nueva tasa<\/strong>\u00a0de gases de efecto invernadero en el recibo de basuras.<\/li>\n<li>Los\u00a0<strong>beneficios fiscales<\/strong>\u00a0alcanzan los 276.789,68 \u20ac, incluyendo:\n<ul class=\"wp-block-list\">\n<li>Cuota cero para emprendedores.<\/li>\n<li>Bonificaci\u00f3n del 100% en licencias de apertura y obra.<\/li>\n<li>Bonificaci\u00f3n del 100% de basura el primer a\u00f1o y 50% el segundo para nuevos negocios.<\/li>\n<li>Bonificaci\u00f3n del 50% en terrazas.<\/li>\n<li>Reducciones aprobadas en ejercicios anteriores (IBI -5%, eliminaci\u00f3n de la tasa de alcantarillado, bonificaciones veh\u00edculos ECO).<\/li>\n<\/ul>\n<\/li>\n<\/ul>\n<p>Una fiscalidad moderada, justa y sensible, que favorece a las familias, al comercio y a los emprendedores sin comprometer la sostenibilidad de los servicios municipales.<\/p>\n<p><strong>Servicios p\u00fablicos reforzados y mayor calidad de vida<\/strong><\/p>\n<p>En palabras de la alcaldesa, <strong>Carlota L\u00f3pez Esteban:<\/strong>\u00a0\u201cEste Presupuesto 2026 es una herramienta decisiva para seguir construyendo el San Lorenzo que nuestros vecinos merecen: un municipio moderno, seguro, familiar, sostenible y con una fuerte identidad cultural y tur\u00edstica. Presentamos un proyecto realista, responsable y transformador, que refuerza los servicios p\u00fablicos, protege a las familias y apuesta por la innovaci\u00f3n y la inversi\u00f3n p\u00fablica sin aumentar la presi\u00f3n fiscal.\u201d<\/p>\n<p><a href=\"https:\/\/www.aytosanlorenzo.es\/wp-content\/uploads\/2025\/11\/SAN-LORENZO-3.png\" rel=\"nofollow noopener\" target=\"_blank\"><img loading=\"lazy\" decoding=\"async\" width=\"1030\" height=\"699\" src=\"https:\/\/www.europesays.com\/es\/wp-content\/uploads\/2025\/11\/SAN-LORENZO-3-1030x699.png\" alt=\"\" class=\"wp-image-72223\"  \/><\/a><\/p>\n<p>El Presupuesto 2026 garantiza la continuidad y\u00a0<strong>ampliaci\u00f3n de servicios esenciales<\/strong>\u00a0como la limpieza viaria; recogida de basuras y mantenimiento urbano, con mejoras continuas y nuevos proyectos piloto; el mantenimiento del bus urbano o el refuerzo de la seguridad, gracias al aumento del convenio ESICAM.<\/p>\n<p>El Ayuntamiento apuesta por\u00a0<strong>consolidar a San Lorenzo como referente<\/strong>\u00a0cultural, tur\u00edstico y familiar dentro de la Comunidad de Madrid y del conjunto del pa\u00eds.<\/p>\n<p><a href=\"https:\/\/www.aytosanlorenzo.es\/wp-content\/uploads\/2025\/11\/SAN-LORENZO-4.jpeg\" rel=\"nofollow noopener\" target=\"_blank\"><img loading=\"lazy\" decoding=\"async\" width=\"1030\" height=\"773\" src=\"https:\/\/www.europesays.com\/es\/wp-content\/uploads\/2025\/11\/SAN-LORENZO-4-1030x773.jpeg\" alt=\"\" class=\"wp-image-72225\"  \/><\/a><\/p>\n","protected":false},"excerpt":{"rendered":"El Ayuntamiento de San Lorenzo de El Escorial ha presentado el Proyecto de Presupuesto Municipal para 2026, que\u00a0asciende&hellip;\n","protected":false},"author":2,"featured_media":260147,"comment_status":"","ping_status":"","sticky":false,"template":"","format":"standard","meta":{"footnotes":""},"categories":[5],"tags":[17,18,25,24,13,14,11,19,20,9,10,15,16,23,12,21,22],"class_list":{"0":"post-260146","1":"post","2":"type-post","3":"status-publish","4":"format-standard","5":"has-post-thumbnail","7":"category-titulares","8":"tag-breaking-news","9":"tag-breakingnews","10":"tag-es","11":"tag-espana","12":"tag-featured-news","13":"tag-featurednews","14":"tag-headlines","15":"tag-latest-news","16":"tag-latestnews","17":"tag-news","18":"tag-noticias","19":"tag-noticias-destacadas","20":"tag-noticiasdestacadas","21":"tag-spain","22":"tag-titulares","23":"tag-ultimas-noticias","24":"tag-ultimasnoticias"},"share_on_mastodon":{"url":"https:\/\/pubeurope.com\/@es\/115626903408369511","error":""},"_links":{"self":[{"href":"https:\/\/www.europesays.com\/es\/wp-json\/wp\/v2\/posts\/260146","targetHints":{"allow":["GET"]}}],"collection":[{"href":"https:\/\/www.europesays.com\/es\/wp-json\/wp\/v2\/posts"}],"about":[{"href":"https:\/\/www.europesays.com\/es\/wp-json\/wp\/v2\/types\/post"}],"author":[{"embeddable":true,"href":"https:\/\/www.europesays.com\/es\/wp-json\/wp\/v2\/users\/2"}],"replies":[{"embeddable":true,"href":"https:\/\/www.europesays.com\/es\/wp-json\/wp\/v2\/comments?post=260146"}],"version-history":[{"count":0,"href":"https:\/\/www.europesays.com\/es\/wp-json\/wp\/v2\/posts\/260146\/revisions"}],"wp:featuredmedia":[{"embeddable":true,"href":"https:\/\/www.europesays.com\/es\/wp-json\/wp\/v2\/media\/260147"}],"wp:attachment":[{"href":"https:\/\/www.europesays.com\/es\/wp-json\/wp\/v2\/media?parent=260146"}],"wp:term":[{"taxonomy":"category","embeddable":true,"href":"https:\/\/www.europesays.com\/es\/wp-json\/wp\/v2\/categories?post=260146"},{"taxonomy":"post_tag","embeddable":true,"href":"https:\/\/www.europesays.com\/es\/wp-json\/wp\/v2\/tags?post=260146"}],"curies":[{"name":"wp","href":"https:\/\/api.w.org\/{rel}","templated":true}]}}