{"id":260150,"date":"2025-11-28T10:48:15","date_gmt":"2025-11-28T10:48:15","guid":{"rendered":"https:\/\/www.europesays.com\/es\/260150\/"},"modified":"2025-11-28T10:48:15","modified_gmt":"2025-11-28T10:48:15","slug":"muchos-minutos-para-perry-diaz-sulejmanovic-y-castaneda-con-sus-selecciones","status":"publish","type":"post","link":"https:\/\/www.europesays.com\/es\/260150\/","title":{"rendered":"Muchos minutos para Perry, D\u00edaz, Sulejmanovic y Casta\u00f1eda con sus selecciones"},"content":{"rendered":"<p>La selecci\u00f3n espa\u00f1ola de baloncesto comenz\u00f3 su nueva etapa con Chus Mateo como entrenador con una victoria ante Dinamarca 64-74). No fue un partido  &#8230; brillante del combinado nacional, pero gan\u00f3, que en estos momentos es lo m\u00e1s importante. El pr\u00f3ximo partido de la selecci\u00f3n ser\u00e1 el domingo ante Georgia, que insperadamente perdi\u00f3 ante Ucrania por 79-92.<\/p>\n<p class=\"v-p\">En el equipo espa\u00f1ol Alberto D\u00edaz tuvo un papel protagonista con 22 minutos en los que sum\u00f3 seis puntos, dos rebotes, dos asistencias y cinco recuperaciones. El malague\u00f1o fue clave en el triunfo ante los daneses. Jaime Fern\u00e1ndez fue el m\u00e1ximo anotador del equipo espa\u00f1ol con 15 puntos y Francis Alonso jug\u00f3 once minutos en los que logr\u00f3 cinco puntos.<\/p>\n<p class=\"v-p\">Una de las sorpresas de la jornada se dio en el Montenegro-Portugal, en el que los balc\u00e1nicos cayeron con estr\u00e9pito por 62-83. Los lusos confirman el buen momento ya apuntado en el pasado Europeo ganando a un buen equipo como Montenegro. Para el Unicaja no fue positivo el papel de Perry, porque el base fue el que m\u00e1s jug\u00f3 de su equipo, casi 30 minutos. Sus n\u00fameros fueron buenos, diez puntos, seis asistencias y tres rebotes. Montenegro volver\u00e1 a jugar el domingo contra Ruman\u00eda.<\/p>\n<p class=\"v-p\">La participaci\u00f3n de los cajistas se cerr\u00f3 con el Turqu\u00eda-Bosnia, con Sulejmanovic y Xavier Casta\u00f1eda en el bando balc\u00e1nico, que pele\u00f3 por la victoria, pero que no pudo aguantar el mayor potencial de su rival (93-71). El ala-p\u00edvot firm\u00f3 12 puntos y cuatro rebotes en 24 minutos. Mientras que para el base fue un encuentro especial al ser en el que m\u00e1s ha jugado esta temporada. Casta\u00f1eda estuvo en la pista 29 minutos, aunque su estad\u00edstica no fue buena. Acab\u00f3 el partido con 11 puntos y cinco asistencias, pero con malos porcentajes, 2\/6 en tiros de dos y 2\/8 en triples, a lo que a\u00f1adi\u00f3 cuatro perdidas.<\/p>\n","protected":false},"excerpt":{"rendered":"La selecci\u00f3n espa\u00f1ola de baloncesto comenz\u00f3 su nueva etapa con Chus Mateo como entrenador con una victoria ante&hellip;\n","protected":false},"author":2,"featured_media":260151,"comment_status":"","ping_status":"","sticky":false,"template":"","format":"standard","meta":{"footnotes":""},"categories":[269],"tags":[299,298,12777,168,779,25,24,1264,8647,19022,23,167,24111],"class_list":{"0":"post-260150","1":"post","2":"type-post","3":"status-publish","4":"format-standard","5":"has-post-thumbnail","7":"category-baloncesto","8":"tag-baloncesto","9":"tag-basketball","10":"tag-castaneda","11":"tag-deportes","12":"tag-diaz","13":"tag-es","14":"tag-espana","15":"tag-minutos","16":"tag-perry","17":"tag-selecciones","18":"tag-spain","19":"tag-sports","20":"tag-sulejmanovic"},"share_on_mastodon":{"url":"https:\/\/pubeurope.com\/@es\/115626934749803898","error":""},"_links":{"self":[{"href":"https:\/\/www.europesays.com\/es\/wp-json\/wp\/v2\/posts\/260150","targetHints":{"allow":["GET"]}}],"collection":[{"href":"https:\/\/www.europesays.com\/es\/wp-json\/wp\/v2\/posts"}],"about":[{"href":"https:\/\/www.europesays.com\/es\/wp-json\/wp\/v2\/types\/post"}],"author":[{"embeddable":true,"href":"https:\/\/www.europesays.com\/es\/wp-json\/wp\/v2\/users\/2"}],"replies":[{"embeddable":true,"href":"https:\/\/www.europesays.com\/es\/wp-json\/wp\/v2\/comments?post=260150"}],"version-history":[{"count":0,"href":"https:\/\/www.europesays.com\/es\/wp-json\/wp\/v2\/posts\/260150\/revisions"}],"wp:featuredmedia":[{"embeddable":true,"href":"https:\/\/www.europesays.com\/es\/wp-json\/wp\/v2\/media\/260151"}],"wp:attachment":[{"href":"https:\/\/www.europesays.com\/es\/wp-json\/wp\/v2\/media?parent=260150"}],"wp:term":[{"taxonomy":"category","embeddable":true,"href":"https:\/\/www.europesays.com\/es\/wp-json\/wp\/v2\/categories?post=260150"},{"taxonomy":"post_tag","embeddable":true,"href":"https:\/\/www.europesays.com\/es\/wp-json\/wp\/v2\/tags?post=260150"}],"curies":[{"name":"wp","href":"https:\/\/api.w.org\/{rel}","templated":true}]}}