{"id":260158,"date":"2025-11-28T10:53:13","date_gmt":"2025-11-28T10:53:13","guid":{"rendered":"https:\/\/www.europesays.com\/es\/260158\/"},"modified":"2025-11-28T10:53:13","modified_gmt":"2025-11-28T10:53:13","slug":"pablo-motos-regana-en-directo-a-tamara-falco-y-la-manda-a-confesarse","status":"publish","type":"post","link":"https:\/\/www.europesays.com\/es\/260158\/","title":{"rendered":"Pablo Motos rega\u00f1a en directo a Tamara Falc\u00f3 y la manda a confesarse"},"content":{"rendered":"<p data-start=\"233\" data-end=\"857\">Tras su reciente cumplea\u00f1os celebrado en pleno directo y el peque\u00f1o roce que protagoniz\u00f3 con Cristina Pardo ese mismo d\u00eda, <strong data-start=\"356\" data-end=\"372\">Tamara Falc\u00f3<\/strong> regres\u00f3 a El Hormiguero en una noche que termin\u00f3 girando alrededor de una inesperada rega\u00f1ina de <strong data-start=\"472\" data-end=\"487\">Pablo Motos<\/strong>. Aunque suele ser una de las colaboradoras m\u00e1s participativas y espont\u00e1neas, este jueves 27<a href=\"https:\/\/okdiario.com\/look\/actualidad\/dia-que-tamara-falco-estrello-coche-contra-starbucks-del-centro-madrid-2429506\" rel=\"nofollow noopener\" target=\"_blank\"> la marquesa de Gri\u00f1\u00f3n lleg\u00f3 al programa con un perfil mucho m\u00e1s discreto<\/a>: hablaba poco, observaba mucho y parec\u00eda medir cada palabra que dec\u00eda. Esa actitud, tan diferente a la habitual, no pas\u00f3 desapercibida para el presentador, que no tard\u00f3 en ponerla en el centro de la mesa.<\/p>\n<p data-start=\"859\" data-end=\"1296\">El momento clave lleg\u00f3 cuando Motos quiso abrir un tema m\u00e1s personal y le pregunt\u00f3 directamente <strong>si en su familia hab\u00eda existido alg\u00fan tipo de favoritismo entre los hermanos<\/strong>. La marquesa respondi\u00f3 con firmeza y sin dudar: \u00ab<strong data-start=\"1080\" data-end=\"1088\">No\u00bb<\/strong>. Ni favoritismos, ni preferencias, ni un hijo se\u00f1alado como \u00abespecial\u00bb. \u00abTodos somos amados en la familia\u00bb, a\u00f1adi\u00f3, segura de sus palabras. La respuesta, sin embargo, no convenci\u00f3 en absoluto al presentador.<\/p>\n<blockquote class=\"instagram-media\" style=\"background: #FFF; border: 0; border-radius: 3px; box-shadow: 0 0 1px 0 rgba(0,0,0,0.5),0 1px 10px 0 rgba(0,0,0,0.15); margin: 1px; max-width: 540px; min-width: 326px; padding: 0; width: calc(100% - 2px);\" data-instgrm-captioned=\"\" data-instgrm-permalink=\"https:\/\/www.instagram.com\/p\/DRk5cVLDFLf\/?utm_source=ig_embed&amp;utm_campaign=loading\" data-instgrm-version=\"14\">\n<\/blockquote>\n<p data-start=\"1298\" data-end=\"1793\">\u00ab<strong data-start=\"1299\" data-end=\"1313\">No te creo\u00bb<\/strong>, solt\u00f3 Motos, mir\u00e1ndola fijamente y provocando un estallido de risas en el p\u00fablico. Fue entonces cuando lanz\u00f3 la ya c\u00e9lebre rega\u00f1ina: \u00abMa\u00f1ana quiero que vayas a confesarte a primera hora y que le digas al cura: \u2018He mentido a Pablo Motos en directo\u2019\u00bb. Una frase exagerada y humor\u00edstica, muy en su estilo, pero que dej\u00f3 claro que, para \u00e9l, <a href=\"https:\/\/okdiario.com\/look\/estilo\/truco-botas-cowboy-que-utiliza-tamara-falco-que-va-cambiar-tus-looks-siempre-2431151\" rel=\"nofollow noopener\" target=\"_blank\">Tamara estaba escondiendo la verdad.<\/a> Las hormigas tampoco tardaron en intervenir, gritando que, por supuesto, ella hab\u00eda sido la favorita.<\/p>\n<p data-start=\"1795\" data-end=\"2236\">Lejos de incomodarse, Tamara mantuvo la calma y defendi\u00f3 su postura. Pero esta insistencia en negar cualquier favoritismo familiar fue precisamente lo que abri\u00f3 la puerta a una de las confesiones m\u00e1s sorprendentes de la noche. Entre risas, reconoci\u00f3 que su madre s\u00ed ten\u00eda una regla muy clara: <strong data-start=\"2088\" data-end=\"2125\">el peque\u00f1o siempre tiene la raz\u00f3n<\/strong>. Y eso, admiti\u00f3, funcion\u00f3 de maravilla cuando ella ocupaba ese puesto\u2026 y fue un desastre cuando dej\u00f3 de serlo.<\/p>\n<p>\n<img decoding=\"async\" loading=\"lazy\" class=\"size-full wp-image-2437438\" alt=\"Tamara Falc\u00f3 junto a sus hermanos Julio Jos\u00e9 y Ana Boyer. (Foto: Gtres)\" width=\"1800\" height=\"1195\"  src=\"https:\/\/www.europesays.com\/es\/wp-content\/uploads\/2025\/10\/placeholder.jpg\"  bad-src=\"https:\/\/www.europesays.com\/es\/wp-content\/uploads\/2025\/10\/placeholder.jpg\"\/><\/p>\n<p><img decoding=\"async\" loading=\"lazy\" class=\"size-full wp-image-2437438\" src=\"https:\/\/www.europesays.com\/es\/wp-content\/uploads\/2025\/11\/u163085_045-1.jpg\" alt=\"Tamara Falc\u00f3 junto a sus hermanos Julio Jos\u00e9 y Ana Boyer. (Foto: Gtres)\" width=\"1800\" height=\"1195\"  \/><\/p>\n<p> Tamara Falc\u00f3 junto a sus hermanos Julio Jos\u00e9 y Ana Boyer. (Foto: Gtres)\n<\/p>\n<p data-start=\"2238\" data-end=\"3112\">A partir de ah\u00ed, y casi sin darse cuenta, Tamara empez\u00f3 a contar an\u00e9cdotas que hicieron que la supuesta \u00abmentira\u00bb dejara de importar. Revel\u00f3 con total naturalidad episodios que, vistos hoy, suenan m\u00e1s a trama de comedia negra que a recuerdos familiares: intentos de empujones contra paredes, lanzamientos fallidos por la ventana del segundo piso y rivalidades infantiles que en su casa se viv\u00edan con especial intensidad. <strong>\u00abMenos mal que Ch\u00e1beli par\u00f3 a Enrique\u00bb,<\/strong> coment\u00f3 con humor, recordando aquel momento en el que, seg\u00fan dijo, su propio hermano intent\u00f3 tirarla por la ventana. Juan del Val, sorprendido, le record\u00f3 que minutos antes hab\u00eda asegurado que no quer\u00eda contar si hab\u00eda o no una favorita\u2026 pero que no ten\u00eda problema en relatar <strong>\u00abintentos de asesinato fraternal\u00bb<\/strong>. Tamara, sin perder la sonrisa, admiti\u00f3 que a veces se le olvida que la ven cinco millones de personas.<\/p>\n<p data-start=\"3114\" data-end=\"3591\">La velada tambi\u00e9n recuper\u00f3 el peque\u00f1o encontronazo que tuvo con <strong data-start=\"3178\" data-end=\"3196\">Cristina Pardo<\/strong> durante <a href=\"https:\/\/okdiario.com\/look\/actualidad\/inigo-onieva-consigue-fin-que-tamara-falco-pise-discoteca-2431134\" rel=\"nofollow noopener\" target=\"_blank\">la celebraci\u00f3n de su cumplea\u00f1os.<\/a> La periodista le hab\u00eda reprochado que no respondiera a las felicitaciones del grupo de WhatsApp, enviadas desde las 7:00 de la ma\u00f1ana. Tamara explic\u00f3 que se levant\u00f3 tarde, que pensaba contestar m\u00e1s adelante\u2026 y que nunca lleg\u00f3 a hacerlo. \u00abEres un poco rencorosa\u00bb, le lanz\u00f3 en tono de broma, mientras Pardo reafirmaba que segu\u00eda esperando la contestaci\u00f3n.<\/p>\n<p>\t\t\t\t\t\t\t<script async src=\"\/\/www.instagram.com\/embed.js\"><\/script><\/p>\n","protected":false},"excerpt":{"rendered":"Tras su reciente cumplea\u00f1os celebrado en pleno directo y el peque\u00f1o roce que protagoniz\u00f3 con Cristina Pardo ese&hellip;\n","protected":false},"author":2,"featured_media":260159,"comment_status":"","ping_status":"","sticky":false,"template":"","format":"standard","meta":{"footnotes":""},"categories":[171],"tags":[146,147,25,24,23,65052,214],"class_list":{"0":"post-260158","1":"post","2":"type-post","3":"status-publish","4":"format-standard","5":"has-post-thumbnail","7":"category-tv","8":"tag-entertainment","9":"tag-entretenimiento","10":"tag-es","11":"tag-espana","12":"tag-spain","13":"tag-tamara-falco-pablo","14":"tag-tv"},"share_on_mastodon":{"url":"https:\/\/pubeurope.com\/@es\/115626954735282609","error":""},"_links":{"self":[{"href":"https:\/\/www.europesays.com\/es\/wp-json\/wp\/v2\/posts\/260158","targetHints":{"allow":["GET"]}}],"collection":[{"href":"https:\/\/www.europesays.com\/es\/wp-json\/wp\/v2\/posts"}],"about":[{"href":"https:\/\/www.europesays.com\/es\/wp-json\/wp\/v2\/types\/post"}],"author":[{"embeddable":true,"href":"https:\/\/www.europesays.com\/es\/wp-json\/wp\/v2\/users\/2"}],"replies":[{"embeddable":true,"href":"https:\/\/www.europesays.com\/es\/wp-json\/wp\/v2\/comments?post=260158"}],"version-history":[{"count":0,"href":"https:\/\/www.europesays.com\/es\/wp-json\/wp\/v2\/posts\/260158\/revisions"}],"wp:featuredmedia":[{"embeddable":true,"href":"https:\/\/www.europesays.com\/es\/wp-json\/wp\/v2\/media\/260159"}],"wp:attachment":[{"href":"https:\/\/www.europesays.com\/es\/wp-json\/wp\/v2\/media?parent=260158"}],"wp:term":[{"taxonomy":"category","embeddable":true,"href":"https:\/\/www.europesays.com\/es\/wp-json\/wp\/v2\/categories?post=260158"},{"taxonomy":"post_tag","embeddable":true,"href":"https:\/\/www.europesays.com\/es\/wp-json\/wp\/v2\/tags?post=260158"}],"curies":[{"name":"wp","href":"https:\/\/api.w.org\/{rel}","templated":true}]}}