{"id":260160,"date":"2025-11-28T10:54:19","date_gmt":"2025-11-28T10:54:19","guid":{"rendered":"https:\/\/www.europesays.com\/es\/260160\/"},"modified":"2025-11-28T10:54:19","modified_gmt":"2025-11-28T10:54:19","slug":"christina-aguilera-anticipo-la-navidad-desde-la-torre-eiffel-con-my-favorite-things","status":"publish","type":"post","link":"https:\/\/www.europesays.com\/es\/260160\/","title":{"rendered":"Christina Aguilera anticip\u00f3 la Navidad desde la Torre Eiffel con \u201cMy Favorite Things\u201d"},"content":{"rendered":"<p class=\"paragraph font__body-regular\">Como pasa cada a\u00f1o en esta fecha, varios artistas deciden sumarse al concepto de las fiestas.<a href=\"https:\/\/tn.com.ar\/musica\/noticias\/2024\/09\/24\/christina-aguilera-celebra-los-25-anos-de-su-disco-debut-con-sabrina-carpenter-como-invitada\/\" target=\"_self\" rel=\"nofollow noopener\" title=\"https:\/\/tn.com.ar\/musica\/noticias\/2024\/09\/24\/christina-aguilera-celebra-los-25-anos-de-su-disco-debut-con-sabrina-carpenter-como-invitada\/\"> Christina Aguilera <\/a>decidi\u00f3 lanzar <b>\u201cMy favorite things (live from The Eiffel Tower)\u201d, <\/b>un simple navide\u00f1o que tiene toda la magia e ilusi\u00f3n.<\/p>\n<p class=\"paragraph font__body-regular\"><b>Le\u00e9 tambi\u00e9n<\/b>: <a href=\"https:\/\/tn.com.ar\/musica\/noticias\/2024\/09\/24\/christina-aguilera-celebra-los-25-anos-de-su-disco-debut-con-sabrina-carpenter-como-invitada\/\" target=\"_self\" rel=\"nofollow noopener\" title=\"https:\/\/tn.com.ar\/musica\/noticias\/2024\/09\/24\/christina-aguilera-celebra-los-25-anos-de-su-disco-debut-con-sabrina-carpenter-como-invitada\/\">Christina Aguilera celebr\u00f3 los 25 a\u00f1os de su disco debut<\/a><\/p>\n<p class=\"paragraph font__body-regular\">La artista comparti\u00f3 los detalles en sus redes sociales. El tema formar\u00e1 parte de \u201c<b>Christina Aguilera: Christmas in Paris<\/b>\u201d, un film grabado en la terraza del <b>Mus\u00e9e du Quai Branly,<\/b> con la Torre Eiffel convertida un \u00e1rbol de Navidad gigante. El material fue dirigido por Emmy Sam Wrench, con una audiencia \u00edntima de <b>250 personas,<\/b> creando una atm\u00f3sfera muy especial.<\/p>\n<p class=\"paragraph font__body-regular\">El material tambi\u00e9n trae im\u00e1genes documentales grabadas en Par\u00eds y escenas del cabaret Crazy Horse. Aguilera reflexiona sobre etapas importantes de su vida como el amor, la maternidad y el arte que marc\u00f3 su trayectoria. <\/p>\n<p class=\"paragraph font__body-regular\">Christina Aguilera celebr\u00f3 los 25 a\u00f1os de la salida de su primer disco, hom\u00f3nimo, que tuvo varios hits y que recibi\u00f3 una muy buena respuesta por parte del p\u00fablico. El \u00e1lbum fue elegido como <b>Best New Artist <\/b>en los Premios Grammy en el 2000.<\/p>\n<p class=\"paragraph font__body-regular\"><b>\u201cGenie in a Bottle\u201d,<\/b> <b>\u201cWhat a Girl Wants\u201d,<\/b> \u201cI Turn to You\u201d y \u201cCome On Over Baby (All I Want Is You)\u201d, fueron algunos de los temas que llegaron a las listas de \u00e9xitos y que luego de m\u00e1s de dos d\u00e9cadas no pierden vigencia.<\/p>\n<p class=\"paragraph font__body-regular\">Antes de su publicaci\u00f3n, el 24 de agosto de 1999, la cantante nacida en Los \u00c1ngeles hab\u00eda grabado <b>\u201cReflection\u201d<\/b>, el tema principal de la pel\u00edcula <b>\u201cMulan\u201d<\/b> y promet\u00eda con su estilo marcado por \u201cteen pop\u201d, con elementos fuertes de soul y R&amp;B. En la producci\u00f3n participaron varios productores como David Frank, Ron Fair, Guy Roche, Robin Thicke, Diane Warren, Matthew Wilder y Aaron Zigman.<\/p>\n<p>La celebraci\u00f3n de su disco debut<\/p>\n<p class=\"paragraph font__body-regular\">La artista public\u00f3 un concierto \u00edntimo y especial que tuvo invitados como <b>Sabrina Carpenter y Machine Gun Kelly <\/b>como invitados. La cantante de \u201cEspresso\u201d se sum\u00f3 en \u201cWhat A Girl Wants\u201d y cont\u00f3 que era un sue\u00f1o poder estar junto a Aguilera.<\/p>\n<p class=\"paragraph font__body-regular\">\u201cCreo que la primera vez que escuch\u00e9 tu voz fue cuando mi mam\u00e1 me mostr\u00f3 un video tuyo cantando cuando ten\u00edas ocho a\u00f1os, \u2018<b>A Sunday Kind of Love<\/b>\u2019. Eso fue lo m\u00e1s inspirador que jam\u00e1s haya visto cuando era una ni\u00f1a que quer\u00eda cantar, pero simplemente no cre\u00eda que pudiera hacerlo a esa edad\u201d, le dijo Sabrina a la estrella pop.<\/p>\n<p class=\"paragraph font__body-regular\">El primer paso discogr\u00e1fico de la cantante fue todo un \u00e9xito. Se posicion\u00f3 en los primeros puestos en varios pa\u00edses, en los cuales permaneci\u00f3 muchas semanas en sus respectivas listas. Fue n\u00famero uno en Canad\u00e1 y fue certificado con ocho discos de platino por la Recording Industry Association of America (RIAA) y vendi\u00f3 m\u00e1s de 9 millones de copias en los Estados Unidos.<\/p>\n<p class=\"paragraph font__body-regular\">Con <b>\u201cGenie in a Bottle\u201d<\/b>, Aguilera se convirti\u00f3 en todo un fen\u00f3meno pop adolescente. Esta canci\u00f3n fue la tercera en aquel a\u00f1o 1999, en donde una artista nueva alcanzaba el n\u00famero uno del Hot 100 con su sencillo debut. Recordemos que el primero fue \u201c<b>..Baby One More Time<\/b>\u201d de Britney Spears y el segundo <b>\u201cIf You Had My Love<\/b>\u201d de Jennifer L\u00f3pez.<\/p>\n<p class=\"paragraph font__body-regular\">Como reconocimiento a este gran trabajo, la artista se qued\u00f3 con el premio Grammy en la categor\u00eda \u201cmejor artista nuevo\u201d durante la entrega de 2000. Este \u00e1lbum la catapult\u00f3 a la fama mundial.<\/p>\n","protected":false},"excerpt":{"rendered":"Como pasa cada a\u00f1o en esta fecha, varios artistas deciden sumarse al concepto de las fiestas. Christina Aguilera&hellip;\n","protected":false},"author":2,"featured_media":260161,"comment_status":"","ping_status":"","sticky":false,"template":"","format":"standard","meta":{"footnotes":""},"categories":[170],"tags":[23846,146,147,25,24,184,185,23],"class_list":{"0":"post-260160","1":"post","2":"type-post","3":"status-publish","4":"format-standard","5":"has-post-thumbnail","7":"category-musica","8":"tag-christina-aguilera","9":"tag-entertainment","10":"tag-entretenimiento","11":"tag-es","12":"tag-espana","13":"tag-music","14":"tag-musica","15":"tag-spain"},"share_on_mastodon":{"url":"https:\/\/pubeurope.com\/@es\/115626958345281462","error":""},"_links":{"self":[{"href":"https:\/\/www.europesays.com\/es\/wp-json\/wp\/v2\/posts\/260160","targetHints":{"allow":["GET"]}}],"collection":[{"href":"https:\/\/www.europesays.com\/es\/wp-json\/wp\/v2\/posts"}],"about":[{"href":"https:\/\/www.europesays.com\/es\/wp-json\/wp\/v2\/types\/post"}],"author":[{"embeddable":true,"href":"https:\/\/www.europesays.com\/es\/wp-json\/wp\/v2\/users\/2"}],"replies":[{"embeddable":true,"href":"https:\/\/www.europesays.com\/es\/wp-json\/wp\/v2\/comments?post=260160"}],"version-history":[{"count":0,"href":"https:\/\/www.europesays.com\/es\/wp-json\/wp\/v2\/posts\/260160\/revisions"}],"wp:featuredmedia":[{"embeddable":true,"href":"https:\/\/www.europesays.com\/es\/wp-json\/wp\/v2\/media\/260161"}],"wp:attachment":[{"href":"https:\/\/www.europesays.com\/es\/wp-json\/wp\/v2\/media?parent=260160"}],"wp:term":[{"taxonomy":"category","embeddable":true,"href":"https:\/\/www.europesays.com\/es\/wp-json\/wp\/v2\/categories?post=260160"},{"taxonomy":"post_tag","embeddable":true,"href":"https:\/\/www.europesays.com\/es\/wp-json\/wp\/v2\/tags?post=260160"}],"curies":[{"name":"wp","href":"https:\/\/api.w.org\/{rel}","templated":true}]}}