{"id":260162,"date":"2025-11-28T10:55:12","date_gmt":"2025-11-28T10:55:12","guid":{"rendered":"https:\/\/www.europesays.com\/es\/260162\/"},"modified":"2025-11-28T10:55:12","modified_gmt":"2025-11-28T10:55:12","slug":"ya-he-visto-punales-por-la-espalda-3-el-cierre-a-la-trilogia-de-rian-johnson-con-daniel-craig-como-detective","status":"publish","type":"post","link":"https:\/\/www.europesays.com\/es\/260162\/","title":{"rendered":"Ya he visto &#8216;Pu\u00f1ales por la espalda 3&#8217;, el cierre a la trilog\u00eda de Rian Johnson con Daniel Craig como detective"},"content":{"rendered":"<p>Llega hoy a los cines, dos semanas antes que a <strong>Netflix<\/strong>, la tercera y \u00faltima pel\u00edcula de <strong>Pu\u00f1ales por la espalda<\/strong>, remedo \u2013homenaje\u2013 de las novelas de misterio de <a href=\"https:\/\/www.elindependiente.com\/tendencias\/cultura\/2020\/08\/27\/el-libro-diez-negritos-de-agatha-christie-cambia-de-titulo-en-frances-para-no-herir\/\" rel=\"nofollow noopener\" target=\"_blank\">Agatha Christie<\/a> y de la serie <a href=\"https:\/\/www.elindependiente.com\/tendencias\/2022\/10\/11\/muere-a-los-96-anos-angela-lansbury-la-iconica-actriz-de-se-ha-escrito-un-crimen\/\" rel=\"nofollow noopener\" target=\"_blank\">Se ha escrito un crimen<\/a>, a cargo de Rian Johnson. \u00c9l dirigi\u00f3 Looper \u2013sensacional filme con <a href=\"https:\/\/www.elindependiente.com\/gente\/2025\/08\/27\/bruce-willis-demencia-estado-salud\/\" rel=\"nofollow noopener\" target=\"_blank\">Bruce Willis<\/a> y viajes temporales\u2013 y la mejor peor pel\u00edcula de Star Wars, <a href=\"https:\/\/www.elindependiente.com\/tendencias\/2017\/12\/12\/los-ultimos-jedi\/\" rel=\"nofollow noopener\" target=\"_blank\">Los \u00faltimos Jedi<\/a>. Pero la cabra siempre tira al monte, y a Rian Johnson le gusta m\u00e1s un misterio por resolver que a un tonto un l\u00e1piz.<\/p>\n<p>El cineasta se habr\u00e1 quedado a gusto, pues, adem\u00e1s de firmar en seis a\u00f1os las tres pel\u00edculas de <strong>Pu\u00f1ales por la espalda<\/strong>, cre\u00f3 para televisi\u00f3n la serie Poker Face. En ambas, su titular es un pintoresco e infalible detective, aunque en <strong>Pu\u00f1ales por la espalda: de entre los muertos<\/strong>, Daniel Craig (<a href=\"https:\/\/www.elindependiente.com\/series-y-television\/estrenos\/2025\/09\/30\/donde-ver-peliculas-james-bond\/\" rel=\"nofollow noopener\" target=\"_blank\">James Bond<\/a>) comparta protagonismo con <a href=\"https:\/\/www.elindependiente.com\/tendencias\/cine\/2024\/04\/18\/el-ano-de-josh-oconnor-italia-corona-al-principe-republicano-de-the-crown\/\" rel=\"nofollow noopener\" target=\"_blank\">Josh O&#8217;Connor<\/a>. Probablemente, el segundo salga m\u00e1s minutos en pantalla que el primero, lo que podr\u00eda romper los esquemas a m\u00e1s de uno.<\/p>\n<p>Cu\u00e1ndo estrena Netflix &#8216;Pu\u00f1ales por la espalda: de entre los muertos&#8217;<\/p>\n<p>Se estrena hoy <strong>Pu\u00f1ales por la espalda 3<\/strong> con pocas copias y en pocas salas, pues a <strong>Netflix<\/strong> llegar\u00e1 el 12 de diciembre. Sobra decir que la mejor opci\u00f3n para ver una pel\u00edcula es siempre en el cine, sin tentaci\u00f3n alguna, aunque en los hogares haya pantallas m\u00e1s grandes. El cierre a esta trilog\u00eda no se libra de la &#8216;est\u00e9tica Netflix&#8217;, pero es una pel\u00edcula que mejor ver y escuchar en una sala de cine.<\/p>\n<p>Para los reci\u00e9n llegados, pueden ver <strong>Pu\u00f1ales por la espalda: de entre los muertos<\/strong> (su t\u00edtulo original es simplemente Despierta, hombre muerto) sin estar familiarizados con las maneras de Benoit Blanc (Daniel Craig) ni los casos que anteriormente resolvi\u00f3.<\/p>\n<p>He ah\u00ed uno de los aciertos de una trilog\u00eda cuya primera parte se estren\u00f3 en cines hace 6 a\u00f1os sin el m\u00fasculo de <strong>Netflix<\/strong>. La plataforma, una vez incorpor\u00f3 Pu\u00f1ales por la espalda a su cat\u00e1logo y fue un fen\u00f3meno de audiencia, contrat\u00f3 a Rian Johnson para producir otras dos partes m\u00e1s. Ninguna se parece a la otra, y, a diferencia de otras trilog\u00edas, la segunda es la peor. S\u00ed sorprende que, a pesar de la absorci\u00f3n de <strong>Netflix<\/strong>, Rian Johnson haya afilado su discurso pol\u00edtico. Se pueden hacer una idea contra <a href=\"https:\/\/www.elindependiente.com\/etiquetas\/donald-trump\/\" rel=\"nofollow noopener\" target=\"_blank\">qui\u00e9n<\/a> o qu\u00e9 carga las tintas: el fanatismo. Y, sorprendentemente, no el religioso.<\/p>\n<p>Un elenco de primera divisi\u00f3n y un misterio sobrenatural<\/p>\n<p>Porque para este tercer y \u00faltimo caso del exc\u00e9ntrico Benoit Blanc, el cineasta traslada la acci\u00f3n a un pueblo de Nueva York; m\u00e1s concretamente, a una iglesia, cuyo p\u00e1rroco (Josh Brolin) cae fulminado en plena misa. El asesino debe ser uno de sus feligreses. En este frente, como en anteriores cap\u00edtulos, el elenco de sospechosos es de primera divisi\u00f3n: <a href=\"https:\/\/www.elindependiente.com\/series-y-television\/estrenos\/2025\/11\/11\/kim-kardashian-serie-abogada-disney-plus-todas-las-de-la-ley\/\" rel=\"nofollow noopener\" target=\"_blank\">Glenn Close<\/a>, <a href=\"https:\/\/www.elindependiente.com\/sociedad\/2023\/01\/02\/el-actor-jeremy-renner-en-estado-critico-tras-sufrir-un-accidente-mientras-retiraba-nieve\/\" rel=\"nofollow noopener\" target=\"_blank\">Jeremy Renner<\/a>, <a href=\"https:\/\/www.elindependiente.com\/series-y-television\/2020\/05\/22\/reese-whiterspoon-se-consagra-como-madre-rica-en-little-fires-everywhere\/\" rel=\"nofollow noopener\" target=\"_blank\">Kerry Washington<\/a>, <a href=\"https:\/\/www.elindependiente.com\/tendencias\/2025\/05\/09\/del-papa-jude-law-al-padre-samuel-de-la-promesa-los-curas-sexis-de-la-ficcion-que-desatan-pasiones-y-tentaciones\/\" rel=\"nofollow noopener\" target=\"_blank\">Andrew Scott<\/a>&#8230; Digamos que aqu\u00ed, a diferencia de Ley y orden, el int\u00e9rprete m\u00e1s famoso no es necesariamente el personaje culpable. O s\u00ed. Todos tienen cara de haber cometido el crimen. Para ser un misterio ambientado en una iglesia, Rian Johnson hace dudar al p\u00falpito sobre la naturaleza \u2013racional o sobrenatural\u2013 de los hechos. Quien haya visto la fant\u00e1stica serie Evil, le ser\u00e1 familiar la premisa: ciencia versus fe.<\/p>\n<p>Quien s\u00ed sepa c\u00f3mo opera <strong>Pu\u00f1ales por la espalda<\/strong> encontrar\u00e1 la misma f\u00f3rmula (un asesinato, una habitaci\u00f3n, muchos sospechosos) con ligeras variaciones. La m\u00e1s radical, en esta ocasi\u00f3n, es la ausencia de Benoit Blanc durante la primera hora de un filme que dura 145 minutos. S\u00ed, <strong>Pu\u00f1ales por la espalda: de entre los muertos<\/strong> es una pel\u00edcula largu\u00edsima, con mil y un giros de guion, pero en ning\u00fan momento se hace eterna. Tampoco confusa, pues Rian Johnson reintroduce h\u00e1bilmente la historia cada cierto tiempo para no perder \u2013en <strong>Netflix<\/strong>\u2013 a ning\u00fan feligr\u00e9s. No ser\u00eda de extra\u00f1ar que la plataforma, como ya hiciera con Los odiosos ocho de <a href=\"https:\/\/www.elindependiente.com\/tendencias\/2022\/09\/13\/descifrando-a-tarantino-la-paradoja-que-hollywood-no-puede-comprender\/\" rel=\"nofollow noopener\" target=\"_blank\">Tarantino<\/a>, ofreciera una versi\u00f3n en formato <a href=\"https:\/\/www.elindependiente.com\/series-y-television\/estrenos\/2025\/09\/30\/netflix-rescata-desde-hoy-esta-miniserie-policiaca-ambientada-en-canarias-con-miguel-angel-silvestre\/\" rel=\"nofollow noopener\" target=\"_blank\">miniserie<\/a>.<\/p>\n<p>Al final, y esto no es un destripe, Benoit Blanc reunir\u00e1 a los sospechosos en la escena del crimen, y rendir\u00e1 cuentas. Un cl\u00e1sico. Porque a Rian Johnson no le importa ense\u00f1ar el viejo truco de magia: el misterio de la habitaci\u00f3n bajo llave.<\/p>\n<p>PUBLICIDAD<\/p>\n","protected":false},"excerpt":{"rendered":"Llega hoy a los cines, dos semanas antes que a Netflix, la tercera y \u00faltima pel\u00edcula de Pu\u00f1ales&hellip;\n","protected":false},"author":2,"featured_media":260163,"comment_status":"","ping_status":"","sticky":false,"template":"","format":"standard","meta":{"footnotes":""},"categories":[169],"tags":[177,146,147,25,24,6750,176,175,152,23],"class_list":{"0":"post-260162","1":"post","2":"type-post","3":"status-publish","4":"format-standard","5":"has-post-thumbnail","7":"category-cine","8":"tag-cine","9":"tag-entertainment","10":"tag-entretenimiento","11":"tag-es","12":"tag-espana","13":"tag-estrenos","14":"tag-film","15":"tag-movies","16":"tag-netflix","17":"tag-spain"},"share_on_mastodon":{"url":"https:\/\/pubeurope.com\/@es\/115626962151147974","error":""},"_links":{"self":[{"href":"https:\/\/www.europesays.com\/es\/wp-json\/wp\/v2\/posts\/260162","targetHints":{"allow":["GET"]}}],"collection":[{"href":"https:\/\/www.europesays.com\/es\/wp-json\/wp\/v2\/posts"}],"about":[{"href":"https:\/\/www.europesays.com\/es\/wp-json\/wp\/v2\/types\/post"}],"author":[{"embeddable":true,"href":"https:\/\/www.europesays.com\/es\/wp-json\/wp\/v2\/users\/2"}],"replies":[{"embeddable":true,"href":"https:\/\/www.europesays.com\/es\/wp-json\/wp\/v2\/comments?post=260162"}],"version-history":[{"count":0,"href":"https:\/\/www.europesays.com\/es\/wp-json\/wp\/v2\/posts\/260162\/revisions"}],"wp:featuredmedia":[{"embeddable":true,"href":"https:\/\/www.europesays.com\/es\/wp-json\/wp\/v2\/media\/260163"}],"wp:attachment":[{"href":"https:\/\/www.europesays.com\/es\/wp-json\/wp\/v2\/media?parent=260162"}],"wp:term":[{"taxonomy":"category","embeddable":true,"href":"https:\/\/www.europesays.com\/es\/wp-json\/wp\/v2\/categories?post=260162"},{"taxonomy":"post_tag","embeddable":true,"href":"https:\/\/www.europesays.com\/es\/wp-json\/wp\/v2\/tags?post=260162"}],"curies":[{"name":"wp","href":"https:\/\/api.w.org\/{rel}","templated":true}]}}