{"id":260164,"date":"2025-11-28T10:56:10","date_gmt":"2025-11-28T10:56:10","guid":{"rendered":"https:\/\/www.europesays.com\/es\/260164\/"},"modified":"2025-11-28T10:56:10","modified_gmt":"2025-11-28T10:56:10","slug":"primer-clasico-en-casa-en-la-liga-u","status":"publish","type":"post","link":"https:\/\/www.europesays.com\/es\/260164\/","title":{"rendered":"primer Cl\u00e1sico en casa en la Liga U"},"content":{"rendered":"<p>El <b>Real Madrid<\/b> recibe al Bar\u00e7a Atl\u00e8tic en la octava jornada de la <b>Liga U <\/b>en un <b>Cl\u00e1sico <\/b>importante de cara al liderato final de esta primera fase. Empatados con 6 victorias y 1 derrota, pero con el basket average global a favor, los de <b>Javier Ju\u00e1rez<\/b> intentar\u00e1n lograr una victoria que les permita mantener la primera posici\u00f3n.\u00a0<\/p>\n<p>Nuestro filial ha ganado los cuatro encuentros disputados en casa (Unicaja, Joventut, Zaragoza y Manresa) y es el equipo m\u00e1s anotador de la Liga con 93,3 puntos de media. <b>Egor <\/b>(17,7) e <b>Ilia <\/b>(14), son los referentes ofensivos. Los azulgranas solo perdieron como visitantes en la cancha de la Fundaci\u00f3n C.B. Canarias. Kusturica es su m\u00e1ximo anotador (16).<\/p>\n","protected":false},"excerpt":{"rendered":"El Real Madrid recibe al Bar\u00e7a Atl\u00e8tic en la octava jornada de la Liga U en un Cl\u00e1sico&hellip;\n","protected":false},"author":2,"featured_media":260165,"comment_status":"","ping_status":"","sticky":false,"template":"","format":"standard","meta":{"footnotes":""},"categories":[93],"tags":[168,25,24,23,167],"class_list":{"0":"post-260164","1":"post","2":"type-post","3":"status-publish","4":"format-standard","5":"has-post-thumbnail","7":"category-deportes","8":"tag-deportes","9":"tag-es","10":"tag-espana","11":"tag-spain","12":"tag-sports"},"share_on_mastodon":{"url":"https:\/\/pubeurope.com\/@es\/115626966147913446","error":""},"_links":{"self":[{"href":"https:\/\/www.europesays.com\/es\/wp-json\/wp\/v2\/posts\/260164","targetHints":{"allow":["GET"]}}],"collection":[{"href":"https:\/\/www.europesays.com\/es\/wp-json\/wp\/v2\/posts"}],"about":[{"href":"https:\/\/www.europesays.com\/es\/wp-json\/wp\/v2\/types\/post"}],"author":[{"embeddable":true,"href":"https:\/\/www.europesays.com\/es\/wp-json\/wp\/v2\/users\/2"}],"replies":[{"embeddable":true,"href":"https:\/\/www.europesays.com\/es\/wp-json\/wp\/v2\/comments?post=260164"}],"version-history":[{"count":0,"href":"https:\/\/www.europesays.com\/es\/wp-json\/wp\/v2\/posts\/260164\/revisions"}],"wp:featuredmedia":[{"embeddable":true,"href":"https:\/\/www.europesays.com\/es\/wp-json\/wp\/v2\/media\/260165"}],"wp:attachment":[{"href":"https:\/\/www.europesays.com\/es\/wp-json\/wp\/v2\/media?parent=260164"}],"wp:term":[{"taxonomy":"category","embeddable":true,"href":"https:\/\/www.europesays.com\/es\/wp-json\/wp\/v2\/categories?post=260164"},{"taxonomy":"post_tag","embeddable":true,"href":"https:\/\/www.europesays.com\/es\/wp-json\/wp\/v2\/tags?post=260164"}],"curies":[{"name":"wp","href":"https:\/\/api.w.org\/{rel}","templated":true}]}}