{"id":260166,"date":"2025-11-28T10:57:13","date_gmt":"2025-11-28T10:57:13","guid":{"rendered":"https:\/\/www.europesays.com\/es\/260166\/"},"modified":"2025-11-28T10:57:13","modified_gmt":"2025-11-28T10:57:13","slug":"las-ventajas-de-contar-con-una-vacuna-proteica-contra-la-variante-lp-8-1-de-la-covid-19","status":"publish","type":"post","link":"https:\/\/www.europesays.com\/es\/260166\/","title":{"rendered":"las ventajas de contar con una vacuna proteica contra la variante LP.8.1 de la COVID-19"},"content":{"rendered":"<p>            <a href=\"https:\/\/www.europesays.com\/es\/wp-content\/uploads\/2025\/11\/GettyImages-1291270899-e1764326187751.jpg\" data-caption=\"\"><img loading=\"lazy\" decoding=\"async\" width=\"696\" height=\"464\" class=\"entry-thumb td-modal-image\" src=\"https:\/\/www.europesays.com\/es\/wp-content\/uploads\/2025\/11\/GettyImages-1291270899-e1764326187751.jpg\" alt=\"\" title=\"\"\/><\/a><\/p>\n<p>La vacunaci\u00f3n contra la COVID-19 con las dosis de la compa\u00f1\u00eda espa\u00f1ola <strong>HIPRA <\/strong>comienza a ser una realidad. Como ya informamos en este peri\u00f3dico esta misma semana, la vacuna <strong>Bimervax<\/strong>, adaptada a la<strong> variante LP.8.1 del virus<\/strong>, est\u00e1 ya disponible en centros de vacunaci\u00f3n de las comunidades aut\u00f3nomas. Se trata de una <strong>alternativa proteica, una tecnolog\u00eda conocida, segura y eficaz, a las vacunas de ARN mensajero de gigantes como Pfizer o Moderna<\/strong>. Esto supone un impulso a la autonom\u00eda estrat\u00e9gica de Espa\u00f1a, y tambi\u00e9n de Europa, en cuanto a la respuesta a futuras pandemias, reforzando la independencia de la disponibilidad de una tecnolog\u00eda probada, segura y eficaz.<\/p>\n<p><a href=\"https:\/\/gacetamedica.com\/investigacion\/por-que-suben-los-casos-de-covid-19-pero-bajan-ingresos-y-muertes-convivimos-en-mejor-equilibrio\/\" target=\"_blank\" rel=\"noreferrer noopener nofollow\"><strong>Antoni Trilla<\/strong><\/a>, catedr\u00e1tico de <a href=\"https:\/\/www.ub.edu\/portal\/web\/farmacia-es\/lineas-de-investigacion\/-\/etiquetable\/detall\/area-de-medicina-preventiva-y-salud-publica\" target=\"_blank\" rel=\"noreferrer noopener nofollow\">Medicina Preventiva y Salud P\u00fablica de la Universidad de Barcelona<\/a>, califica este hecho como \u201cun gran \u00e9xito. Es el resultado de un gran esfuerzo de una compa\u00f1\u00eda que se dedica a vacunas veterinarias, y que es de las mejores del mundo en este campo, que, en un momento de crisis como fue el inicio de la pandemia por COVID, tom\u00f3 la decisi\u00f3n de cambiar gran parte de su manera de trabajar para intentar encontrar una vacuna para personas\u201d.<\/p>\n<p>Y esto se consigui\u00f3 con mucho esfuerzo y con \u201cayudas muy inferiores a las que obtuvieron muchas otras compa\u00f1\u00edas de todo el mundo, especialmente las norteamericanas. Esto demuestra que, si se tiene la capacidad, si se tiene la tecnolog\u00eda y la buena voluntad, se puede llegar a obtener, en este caso, una vacuna\u201d. Esto hizo que se produjera una gran dependencia de estas empresas, pero no solo de las vacunas en s\u00ed, tambi\u00e9n de los componentes; <strong>\u201cson muchos elementos que intervienen para poder obtener una vacuna.<\/strong> En situaciones de crisis se pueden ver comprometidos y, por lo tanto, disponer de alg\u00fan recurso, en f\u00e1bricas, laboratorios o lo que sea, en un territorio que, de alguna manera, est\u00e1 m\u00e1s pr\u00f3ximo a ti y depende mayoritariamente de ti, aunque evidentemente es muy dif\u00edcil ser independiente para todo y del todo, da garant\u00edas de que, primero, se puede hacer y, segundo, de que, en caso necesario, tambi\u00e9n se puede utilizar\u201d.<\/p>\n<p><img fetchpriority=\"high\" decoding=\"async\" width=\"1010\" height=\"1024\" src=\"https:\/\/www.europesays.com\/es\/wp-content\/uploads\/2025\/09\/DSC06425_Antoni-Trilla-scaled-e1759131220367-1010x1024.jpg\" alt=\"\" class=\"wp-image-214839\" style=\"width:478px;height:auto\"  \/>Antoni Trilla en una fotograf\u00eda de archivo.<\/p>\n<p>Y ah\u00ed, en la autonom\u00eda estrat\u00e9gica, introduce Trilla un matiz. \u201c<strong>Hoy en d\u00eda, para fabricar alguna de las vacunas, no todas, si se puede tener una autonom\u00eda o una independencia pr\u00e1cticamente total, esto es una enorme ventaja<\/strong>. Y yo tambi\u00e9n situar\u00eda esta autonom\u00eda o esta territorialidad en el contexto de la Uni\u00f3n Europea. Es decir, que est\u00e9 en Espa\u00f1a es perfecto, pero creo que tendr\u00edamos que mirar d\u00f3nde podemos ir a pedir cosas, dentro de Europa, si nos hacen falta. El problema es que a veces hay componentes, desde reactivos a enzimas, que est\u00e1n fuera\u201d, argumenta.<\/p>\n<p>Por ello, <strong>el proceso de fabricaci\u00f3n se puede ver comprometido, porque un componente se encuentra en un pa\u00eds determinado y, en un momento de crisis, puede decidir no facilitarlo<\/strong>. Hasta cierto punto, ampl\u00eda Trilla, \u201cse podr\u00eda disponer de un grado de autonom\u00eda muy alto y esto nos dar\u00eda una gran capacidad de poder responder en situaciones de crisis. Aunque, insisto, quiz\u00e1 el proceso es muy complejo y a lo mejor hay alguna parte en la que no podemos ser del todo independientes. pero cuanto m\u00e1s lo seamos, mejor\u201d.<\/p>\n<p>Por su parte, <strong>Javier Castrodeza<\/strong>, especialista en Medicina Preventiva y Salud P\u00fablica, comenta que conoce la vacuna de HIPRA porque<strong> form\u00f3 parte del comit\u00e9 cient\u00edfico que estuvo trabajando con la compa\u00f1\u00eda para posicionarla en el conocimiento cient\u00edfico<\/strong>. \u201cMe congratulo enormemente de que Espa\u00f1a tenga una vacuna y tenga una capacidad de fabricaci\u00f3n. Pero no solamente Espa\u00f1a, Europa, que tambi\u00e9n tiene una vacuna propia\u201d, coincide.<\/p>\n<p>Este experto confirma que en su servicio ya se dispone de la vacuna de HIPRA. \u201cLa podemos poner ya al paciente que la solicite. Y destaca que, al llevar coadyuvante, \u201c<strong>va muy bien para estados inmunocomprometidos<\/strong>, que no dejan de ser los grupos m\u00e1s diana en la vacunaci\u00f3n contra la COVID-19\u201d, adem\u00e1s de personas mayores, personas con enfermedades endocrinol\u00f3gicas, que necesitan tratamiento quimioter\u00e1pico, trasplantados. \u201cAdem\u00e1s, nos permite tener una cierta independencia, crear innovaci\u00f3n, crear un hub tecnol\u00f3gico, que sin duda beneficiar\u00e1 para otras vacunas\u201d.<\/p>\n<p><strong>Una alternativa basada en prote\u00edna<\/strong><\/p>\n<p>Bimervax es una vacuna proteica, <strong>diferente a las de Pfizer y Moderna<\/strong>, basadas en ARN mensajero. Al preguntarle por las ventajas de las dosis de HIPRA, este experto destaca que \u201csiempre es mejor diversificar y no tener un producto \u00fanico. Esto, afortunadamente, en los pa\u00edses que tenemos un sistema sanitario potente y un nivel de renta alto\u201d es una opci\u00f3n. Esta es la primera ventaja, la diversificaci\u00f3n. La segunda, que las vacunas basadas en prote\u00ednas son \u201cde lo m\u00e1s seguro y de lo m\u00e1s probado, hay antecedentes de vacunas frente a otros microorganismos que demuestran que son efectivas y seguras\u201d.<\/p>\n<p>Ante esto, Trilla aduce que hay datos que indican que cambiar de tipo de vacuna en una serie de vacunaciones a lo largo de dos a\u00f1os, como el caso de la <strong>COVID-19<\/strong>, \u201cpuede ser una buena estrategia. Y, especialmente, hay otra cosa que tambi\u00e9n es importante, que es el grado de reactogenicidad, o de efectos secundarios adversos locales, como el dolor, el mal estado general, durante unas cuantas, quiz\u00e1, horas o un par de d\u00edas, hicieron que mucha gente tuviera o siga teniendo cierta reticencia a utilizar las vacunas de ARNm, que son fant\u00e1sticas, que nos sacaron del pozo de la COVID.19 cuando eran las \u00fanicas de las que dispon\u00edamos, o las mejores de las que dispon\u00edamos\u201d. En su momento no hab\u00eda alternativa, pero esta \u201ces m\u00e1s tolerada, no tiene tantos efectos adversos y es igualmente eficaz y segura. Y esto da un margen de maniobra para utilizar esta otra, que, casi con toda probabilidad, le sentar\u00e1 mejor, y le quito un poco el miedo\u201d.<\/p>\n<p>En resumen, Trilla razona que <strong>con la vacuna de HIPRA contamos, adem\u00e1s, con la ventaja de la diversificaci\u00f3n; asimismo, con dosis que, en t\u00e9rminos de seguridad y efectividad son \u201ctotalmente comparables\u201d<\/strong> a las de ARNm, y, por \u00faltimo, con menos efectos adversos locales. \u201cY, adem\u00e1s, cient\u00edficamente, esta estrategia de mix or match, en algunos estudios se demostr\u00f3 que alternar la vacuna de vez en cuando tambi\u00e9n pod\u00eda reforzar la respuesta inmune\u201d, concluye.<\/p>\n<p><strong>La importancia de seguir vacun\u00e1ndose<\/strong><\/p>\n<p>\u201cFomentar la vacunaci\u00f3n en los <strong>grupos de alto riesgo <\/strong>es la obligaci\u00f3n que tenemos todos\u201d, comienza Trilla. \u201cAl que no le toca o el que no tiene riesgo toman la decisi\u00f3n, probablemente por este bajo riesgo, y tampoco se expone a una probabilidad muy alta de tener una enfermedad grave, pero en los pacientes de alto riesgo la vacuna de la COVID-19\u201d sigue siendo fundamental. Este experto insiste en que la vacuna no corta la transmisi\u00f3n, pero previene la enfermedad grave y recude notablemente el porcentaje de hospitalizaciones y de ingresos en UCI, adem\u00e1s de la mortalidad.<\/p>\n<p>\u201cSi se quieren prevenir los casos graves en una persona de riesgo, de edad avanzada, le han trasplantado, en tratamiento para el c\u00e1ncer, y, por tanto, hay m\u00e1s riesgo que en poblaci\u00f3n general, mi obligaci\u00f3n es explicarle que la protecci\u00f3n mejor que le puedo ofrecer hoy es una vacuna. Eso es lo que hay que explicar bien. \u00bfY c\u00f3mo se hace eso? Pues<strong> invirtiendo tiempo, poniendo buenos ejemplos, confiando en el profesional que tienes delante para que te resuelva las dudas, con buenas campa\u00f1as de promoci\u00f3n estatales o auton\u00f3micas, o las dos a la vez<\/strong>, que expliquen realmente el porqu\u00e9 de la vacuna\u201d, comenta este experto. Aunque se trata de una decisi\u00f3n individual que tiene que tomar el paciente, \u201cnuestra obligaci\u00f3n es darle los mejores instrumentos para que tome esta decisi\u00f3n estando razonablemente bien informado\u201d.<\/p>\n<p>En este sentido, Trilla habla de la <strong>desinformaci\u00f3n <\/strong>que circul\u00f3, y circula, sobre las vacunas contra la COVID-19, como que \u201csi te vacunas se te queda una cuchara pegada en el hombro, te est\u00e1n cambiando el \u00e1cido nucleico, te vas a convertir en una especie de mutante, te est\u00e1n inyectando un chip, te vigilan, te quieren esterilizar\u2026\u201d. Y con la poblaci\u00f3n que se adhiere a estas corrientes, \u201ces imposible discutir porque hablamos lenguajes diferentes y lo suyo es un tema de creencias; y lo nuestro, de razonamiento. Pero yo creo que la gente es suficientemente madura para entender estos razonamientos y tomar la decisi\u00f3n que crea m\u00e1s conveniente\u201d.<\/p>\n<p><strong>\u00bfHemos bajado la guardia?<\/strong><\/p>\n<p>La incidencia, en general, de la COVID-19 ha bajado, ya no ocupa portadas y, afortunadamente, no hay comparecencias diarias. Han pasado cinco a\u00f1os, no obstante, y <strong>el virus sigue aqu\u00ed<\/strong>. La buena noticia es que \u201cha bajado el n\u00famero de casos\u201d, y, ahora, \u201ces probable que la gente no perciba la enfermedad como grave. Entonces, hay gente que puede plantearse vacunarse\u201d. Pero el virus sigue existiendo y para grupos de riesgo es m\u00e1s peligroso, \u201cy tienes m\u00e1s seguridad si est\u00e1s vacunado, por lo tanto, la recomendaci\u00f3n es vacunarte\u201d.<\/p>\n<p>Es diferente el caso de la poblaci\u00f3n general, para la que la estrategia, seg\u00fan Trilla, es que \u201c<strong>mientras se mantenga la situaci\u00f3n actual epidemiol\u00f3gica al virus le resulta mucho m\u00e1s dif\u00edcil circular.<\/strong> Si hubiera un gran cambio, que no es esperable aunque nunca se puede descartar que apareciera una variaci\u00f3n o una mutaci\u00f3n que se saltara parte de esta inmunidad que hemos ido construyendo en los \u00faltimos cinco a\u00f1os, en principio no har\u00eda falta vacunarse en la poblaci\u00f3n general. En el grupo de riesgo, s\u00ed. La COVID-19 no est\u00e1 desaparecida ni es probable que desaparezca en los pr\u00f3ximos uno, dos o tres a\u00f1os, despu\u00e9s ya veremos c\u00f3mo est\u00e1 la cosa\u201d.<\/p>\n<p><img loading=\"lazy\" decoding=\"async\" width=\"1024\" height=\"683\" src=\"https:\/\/www.europesays.com\/es\/wp-content\/uploads\/2025\/11\/DSC06401_J-Javier-Castrodeza-1-1024x683.jpg\" alt=\"\" class=\"wp-image-182703\" style=\"width:472px;height:auto\"\/>Imagen de archivo de Javier Castrodeza.<\/p>\n<p><strong>Cinco a\u00f1os despu\u00e9s del estallido de la pandemia<\/strong>, \u00bfhemos perdido el miedo al virus? Trilla responde incidiendo en que la crisis de la COVID-19, salvo para personas muy mayores que hubieran vivido la gripe de 1918, fue una novedad para todos, \u201ces la primera vez que nos enfrentamos a una situaci\u00f3n as\u00ed. Con lo cual, seguro que la gente se acuerda de la pandemia. Ahora tenemos experiencia, sabemos lo que pas\u00f3 y lo que puede pasar, por lo tanto, si volviera a sonar la alarma, esperemos que no\u201d la poblaci\u00f3n tiene bagaje.<\/p>\n<p>En <strong>epidemiolog\u00eda<\/strong>, cuenta este experto, se utiliza el s\u00edmil del ciclo p\u00e1nico-olvido. Hemos pasado de un extremo al otro, y Trilla apunta que \u201ces normal, es un mecanismo de defensa del ser humano, no vamos a estar todo el d\u00eda sufriendo, hemos archivado. Pero el virus sigue. Y nuestra obligaci\u00f3n es seguir vigil\u00e1ndolo, mir\u00e1ndolo, intentar encontrar nuevas estrategias terap\u00e9uticas, vacunas mejores, que duren m\u00e1s, que permitan cubrir nuevas variantes\u201d.<\/p>\n<p>El catedr\u00e1tico enfatiza que <strong>no nos podemos quedar quietos.<\/strong> \u201cSiempre tienes que pensar que puede volver uno igual u otro distinto a darnos la lata, y la ciencia sigue mirando y vigilando con este concepto de \u2018un mundo, una sola salud\u2019. \u00bfQu\u00e9 est\u00e1 pasando en los animales? \u00bfTienen un coronavirus es nuevo que no ten\u00edamos detectado? Igual no salta nunca a los seres humanos, fant\u00e1stico, pero habr\u00edamos de mirar qu\u00e9 es, c\u00f3mo es, en qu\u00e9 se diferencia de los que nos provoc\u00f3 la COVI-19\u201d, teoriza.<\/p>\n<p>Los servicios de <strong>vigilancia epidemiol\u00f3gica<\/strong>, los profesionales de la investigaci\u00f3n b\u00e1sica, los veterinarios, \u201ctodos tenemos que mantener la vigilancia, tenemos que estar siguiendo la pista a muchas cosas que pueden pasar y la poblaci\u00f3n tiene que estar tranquila mientras no haya una alerta. Nos tendremos que preparar para algo que quiz\u00e1 no suceder\u00e1, que es lo que nos pasa siempre a nosotros, siempre estamos intentando avisar de que algo puede suceder, pero lo m\u00e1s probable es que no suceda, pero si pasa y no hemos dicho nada\u2026\u201d. Trilla concluye afirmando que estamos en un momento \u201cque podr\u00edamos calificar de \u2018tiempos de paz\u2019, pero en tiempos de paz no se desmontan ni los sistemas de espionaje ni el ej\u00e9rcito ni nada, tienes que estar siempre trabajando, pensando en qu\u00e9 puede pasar, pero estoy especialmente tranquilo de que la fase de crisis de Salud P\u00fablica pasara y de que ahora estemos en una fase como de tantas enfermedades\u201d.<\/p>\n<p>\u201cLa vacunaci\u00f3n contra la COVID-19 ha deca\u00eddo de forma fuert<strong>e. La percepci\u00f3n que tenemos del a\u00f1o pasado, porque ya son datos que tenemos medidos, es que de cada tres vacunados, uno se pon\u00eda vacuna tanto de gripe como de COVID-19 y los otros dos se pon\u00edan vacuna solo de gripe<\/strong>\u201d, ampl\u00eda Castrodeza. Esto quiere decir, explica, que ha disminuido \u201csustancialmente la demanda de vacuna de COVID-19. Esto es una realidad. \u00bfPor qu\u00e9? Porque las personas ya no ven a la COVID-19 como una patolog\u00eda como la vivimos en los a\u00f1os 20, 21 y 22\u201d.<\/p>\n<p>\u201cEn vacunas, desgraciadamente, pasa mucho esto. <strong>Cuando tenemos una alarma, cuando tenemos miedo, cuando entramos en p\u00e1nico, echamos a correr y nos peleamos por la vacuna, pero cuando esa enfermedad va aflojando, bien porque hay variaciones o apariciones de variantes que no ocasionan tanto problema, nos vamos desentendiend<\/strong>o. Mala estrategia. La COVID-19 es una enfermedad que se est\u00e1 sistem\u00e1ticamente vigilando los sistemas de vigilancia epidemiol\u00f3gica de todos los pa\u00edses que los tienen\u201d, destaca. Este experto comenta que en el Servicio de Medicina Preventiva del Hospital Cl\u00ednico de Valladolid reciben el reporte a primera hora de la ma\u00f1ana de cu\u00e1ntos casos tienen ingresados. \u201cPodemos saber incluso qu\u00e9 tipo de linaje es el circulante en nuestra comunidad. Mantenemos una vigilancia activa. Por lo tanto, aunque este a\u00f1o las recomendaciones se han centrado solamente en recomendaciones del grupo 7, creo que <strong>es una buena estrategia que las personas que mantienen unos estatus de salud de cierto riesgo se revacunen de acuerdo con las recomendaciones de las autoridades sanitarias<\/strong>\u201d, completa.<\/p>\n<p><strong>Tambi\u00e9n te puede interesar\u2026<\/strong><\/p>\n","protected":false},"excerpt":{"rendered":"La vacunaci\u00f3n contra la COVID-19 con las dosis de la compa\u00f1\u00eda espa\u00f1ola HIPRA comienza a ser una realidad.&hellip;\n","protected":false},"author":2,"featured_media":260167,"comment_status":"","ping_status":"","sticky":false,"template":"","format":"standard","meta":{"footnotes":""},"categories":[92],"tags":[25,24,165,166,23],"class_list":{"0":"post-260166","1":"post","2":"type-post","3":"status-publish","4":"format-standard","5":"has-post-thumbnail","7":"category-salud","8":"tag-es","9":"tag-espana","10":"tag-health","11":"tag-salud","12":"tag-spain"},"share_on_mastodon":{"url":"https:\/\/pubeurope.com\/@es\/115626970702520408","error":""},"_links":{"self":[{"href":"https:\/\/www.europesays.com\/es\/wp-json\/wp\/v2\/posts\/260166","targetHints":{"allow":["GET"]}}],"collection":[{"href":"https:\/\/www.europesays.com\/es\/wp-json\/wp\/v2\/posts"}],"about":[{"href":"https:\/\/www.europesays.com\/es\/wp-json\/wp\/v2\/types\/post"}],"author":[{"embeddable":true,"href":"https:\/\/www.europesays.com\/es\/wp-json\/wp\/v2\/users\/2"}],"replies":[{"embeddable":true,"href":"https:\/\/www.europesays.com\/es\/wp-json\/wp\/v2\/comments?post=260166"}],"version-history":[{"count":0,"href":"https:\/\/www.europesays.com\/es\/wp-json\/wp\/v2\/posts\/260166\/revisions"}],"wp:featuredmedia":[{"embeddable":true,"href":"https:\/\/www.europesays.com\/es\/wp-json\/wp\/v2\/media\/260167"}],"wp:attachment":[{"href":"https:\/\/www.europesays.com\/es\/wp-json\/wp\/v2\/media?parent=260166"}],"wp:term":[{"taxonomy":"category","embeddable":true,"href":"https:\/\/www.europesays.com\/es\/wp-json\/wp\/v2\/categories?post=260166"},{"taxonomy":"post_tag","embeddable":true,"href":"https:\/\/www.europesays.com\/es\/wp-json\/wp\/v2\/tags?post=260166"}],"curies":[{"name":"wp","href":"https:\/\/api.w.org\/{rel}","templated":true}]}}