{"id":260174,"date":"2025-11-28T11:01:35","date_gmt":"2025-11-28T11:01:35","guid":{"rendered":"https:\/\/www.europesays.com\/es\/260174\/"},"modified":"2025-11-28T11:01:35","modified_gmt":"2025-11-28T11:01:35","slug":"muere-sarah-beckstrom-uno-de-los-dos-soldados-de-la-guardia-nacional-tiroteados-en-washington","status":"publish","type":"post","link":"https:\/\/www.europesays.com\/es\/260174\/","title":{"rendered":"Muere Sarah Beckstrom, uno de los dos soldados de la Guardia Nacional tiroteados en Washington"},"content":{"rendered":"<p class=\"L6-news-detail__text\">El presidente de Estados Unidos, <b>Donald Trump<\/b>, anunci\u00f3 este jueves la muerte de una agente de la Guardia Nacional a la que identific\u00f3 como <b>Sarah Beckstrom<\/b>, de 20 a\u00f1os, que fue atacada el mi\u00e9rcoles en Washington junto con un compa\u00f1ero que est\u00e1 <b>en estado cr\u00edtico<\/b>.<\/p>\n<p class=\"L6-news-detail__text\">El mandatario revel\u00f3 el fallecimiento de Bekcstrom en una llamada con elementos de las Fuerzas Armadas en la que tambi\u00e9n expuso que \u00abest\u00e1 en condici\u00f3n seria\u00bb el presunto atacante, el afgano de 29 a\u00f1os <b>Rahmanullah Lakanwal<\/b>, a quien llam\u00f3 \u00abun <b>monstruo salvaje<\/b>\u00ab.<\/p>\n<p class=\"L6-news-detail__text\">\u00abDesafortunadamente, les comento que, apenas segundos antes de ahora, o\u00ed que Sarah Beckstrom de Virginia Occidental, una de los guardias de los que estamos hablando, altamente respetada, joven, persona magn\u00edfica, empez\u00f3 su servicio en junio de 2023, extraordinaria en toda forma, acaba de fallecer\u00bb, indic\u00f3. El jefe de Estado a\u00f1adi\u00f3 que el otro herido, <b>Andrew Wolfe<\/b>, de 24 a\u00f1os, \u00abest\u00e1 <b>luchando por su vida<\/b>\u00ab.<\/p>\n<p class=\"L6-news-detail__text\">Ante la llamada con los militares en el D\u00eda de Acci\u00f3n de Gracias, Trump volvi\u00f3 a culpar a las pol\u00edticas migratorias de su predecesor, <b>Joe Biden<\/b> (2021-2025), por el ingreso de Lakanwal y el subsecuente ataque.<\/p>\n<p>Habr\u00e1 una \u00abrevisi\u00f3n rigurosa\u00bb de las &#8216;green cards&#8217; de 19 \u00abpa\u00edses de preocupaci\u00f3n\u00bb<\/p>\n<p class=\"L6-news-detail__text\">\u00abEsta atrocidad nos recuerda que no tenemos ninguna otra mayor prioridad de seguridad nacional que garantizar que tengamos completo control de las personas que entran y permanecen en nuestro pa\u00eds. Sobre la mayor\u00eda, no los queremos. <b>Vienen aqu\u00ed ilegalmente<\/b>\u00ab, manifest\u00f3 el mandatario.<\/p>\n<p class=\"L6-news-detail__text\">Horas antes, el Servicio de Ciudadan\u00eda e Inmigraci\u00f3n de Estados Unidos (USCIS) anunci\u00f3 una \u00ab<b>revisi\u00f3n rigurosa<\/b>\u00bb de las tarjetas de residente, o &#8216;green cards&#8217;, de 19 nacionalidades de \u00abpa\u00edses de preocupaci\u00f3n\u00bb, incluyendo Afganist\u00e1n, Cuba, Venezuela y Hait\u00ed.<\/p>\n<p class=\"L6-news-detail__text\">El presidente agradeci\u00f3 a las tropas por estar \u00abinvolucradas en la misi\u00f3n\u00bb de proteger a Estados Unidos de migrantes a los que considera miembros de pandillas, narcotraficantes, exreclusos y exinternos de instituciones mentales. \u00abQuiero expresar la angustia y el horror de nuestra entera naci\u00f3n por el ataque terrorista en la capital de nuestra naci\u00f3n, en la que un hombre salvaje <b><a title=\"dispar\u00f3 a dos miembros de la Guardia Nacional\" href=\"https:\/\/www.lasexta.com\/noticias\/internacional\/trump-califica-como-acto-terrorista-tiroteo-dos-miembros-guardia-nacional-que-encuentran-estado-critico_202511276927e8dd6e5e5012dccfc6a8.html\" target=\"_blank\" rel=\"nofollow noopener\">dispar\u00f3 a dos miembros de la Guardia Nacional<\/a><\/b> de Virginia Occidental\u00bb, reiter\u00f3.<\/p>\n<p class=\"L6-news-detail__text\"><b><a title=\"*Sigue a laSexta en Google. Toda la actualidad y el mejor contenido aqu\u00ed.\" href=\"https:\/\/profile.google.com\/cp\/CgkvbS8wZG5xejA\" target=\"_blank\" rel=\"nofollow noopener\">*Sigue a laSexta en Google. Toda la actualidad y el mejor contenido aqu\u00ed.<\/a><\/b><\/p>\n<p class=\"L6-support-news-video__title\">Ingreso en prisi\u00f3n<\/p>\n<p>            <a href=\"https:\/\/www.lasexta.com\/noticias\/nacional\/congreso-tiene-350-diputados-entrada-carcel-abalos-ruptura-junts-complican-aun-mas-votaciones-gobierno_202511276928cec355584d48fb609c05.html\" class=\"L6-news__link\" rel=\"nofollow noopener\" target=\"_blank\"><br \/>\n                El Congreso ya no tiene 350 diputados: la entrada en la c\u00e1rcel de \u00c1balos y la ruptura de Junts complican a\u00fan m\u00e1s las votaciones al Gobierno<\/p>\n<p class=\"recirculation-video-desc\">Los detalles Fue el 27 de febrero de 2024 cuando \u00c1balos pas\u00f3 al Grupo Mixto tras estallar el caso Koldo. Aunque, desde entonces el que fue su n\u00famero dos siempre ha votado a favor de las medidas del PSOE. En cambio, fuentes del PSOE indican a laSexta que todos estos meses ellos ya no contaban con \u00c1balos.<\/p>\n<p>            <\/a><\/p>\n","protected":false},"excerpt":{"rendered":"El presidente de Estados Unidos, Donald Trump, anunci\u00f3 este jueves la muerte de una agente de la Guardia&hellip;\n","protected":false},"author":2,"featured_media":260175,"comment_status":"","ping_status":"","sticky":false,"template":"","format":"standard","meta":{"footnotes":""},"categories":[42],"tags":[17,18,13,14,11,61,62,63,64,19,20,9,10,15,16,12,21,22,65,66,67],"class_list":{"0":"post-260174","1":"post","2":"type-post","3":"status-publish","4":"format-standard","5":"has-post-thumbnail","7":"category-internacional","8":"tag-breaking-news","9":"tag-breakingnews","10":"tag-featured-news","11":"tag-featurednews","12":"tag-headlines","13":"tag-internacional","14":"tag-international","15":"tag-international-news","16":"tag-internationalnews","17":"tag-latest-news","18":"tag-latestnews","19":"tag-news","20":"tag-noticias","21":"tag-noticias-destacadas","22":"tag-noticiasdestacadas","23":"tag-titulares","24":"tag-ultimas-noticias","25":"tag-ultimasnoticias","26":"tag-world","27":"tag-world-news","28":"tag-worldnews"},"share_on_mastodon":{"url":"https:\/\/pubeurope.com\/@es\/115626985608374689","error":""},"_links":{"self":[{"href":"https:\/\/www.europesays.com\/es\/wp-json\/wp\/v2\/posts\/260174","targetHints":{"allow":["GET"]}}],"collection":[{"href":"https:\/\/www.europesays.com\/es\/wp-json\/wp\/v2\/posts"}],"about":[{"href":"https:\/\/www.europesays.com\/es\/wp-json\/wp\/v2\/types\/post"}],"author":[{"embeddable":true,"href":"https:\/\/www.europesays.com\/es\/wp-json\/wp\/v2\/users\/2"}],"replies":[{"embeddable":true,"href":"https:\/\/www.europesays.com\/es\/wp-json\/wp\/v2\/comments?post=260174"}],"version-history":[{"count":0,"href":"https:\/\/www.europesays.com\/es\/wp-json\/wp\/v2\/posts\/260174\/revisions"}],"wp:featuredmedia":[{"embeddable":true,"href":"https:\/\/www.europesays.com\/es\/wp-json\/wp\/v2\/media\/260175"}],"wp:attachment":[{"href":"https:\/\/www.europesays.com\/es\/wp-json\/wp\/v2\/media?parent=260174"}],"wp:term":[{"taxonomy":"category","embeddable":true,"href":"https:\/\/www.europesays.com\/es\/wp-json\/wp\/v2\/categories?post=260174"},{"taxonomy":"post_tag","embeddable":true,"href":"https:\/\/www.europesays.com\/es\/wp-json\/wp\/v2\/tags?post=260174"}],"curies":[{"name":"wp","href":"https:\/\/api.w.org\/{rel}","templated":true}]}}