{"id":260182,"date":"2025-11-28T11:13:13","date_gmt":"2025-11-28T11:13:13","guid":{"rendered":"https:\/\/www.europesays.com\/es\/260182\/"},"modified":"2025-11-28T11:13:13","modified_gmt":"2025-11-28T11:13:13","slug":"las-joyas-de-la-academia-que-fascinan-a-europa","status":"publish","type":"post","link":"https:\/\/www.europesays.com\/es\/260182\/","title":{"rendered":"Las joyas de la Academia que fascinan a Europa"},"content":{"rendered":"<p class=\"\">La loca Academia del gol est\u00e1 m\u00e1s afinada que nunca. El Atl\u00e9tico contin\u00faa deslumbrando a Europa hasta situarse en un Top-6 que es el gran objetivo colchonero. <a href=\"https:\/\/as.com\/futbol\/champions\/la-nueva-generacion-dorada-del-atleti-huele-a-top-6-f202511-n\/\" target=\"_self\" rel=\"nofollow noopener\" title=\"https:\/\/as.com\/futbol\/champions\/la-nueva-generacion-dorada-del-atleti-huele-a-top-6-f202511-n\/\"><b>Con su goleada al Inter (4-1)<\/b><\/a>, los rojiblancos se sit\u00faan en la cuarta plaza con<b> 13 puntos de 15 posibles<\/b>. Empatado con el Chelsea y el Athletic, segundo y tercero. Ganar en Eindhoven en la \u00faltima jornada de grupos del torneo asegurar\u00eda<b> jugar contra los \u00faltimos clasificados en la Youth<\/b> (del 22 al 17 y evitando la Ruta de Campeones). Aunque el partido contra los italianos estuvo marcado por la roja a Galliera a los cinco minutos, el equipo de \u00c1ngel Donato volvi\u00f3 a demostrar el talento ofensivo que concentra en sus filas.<\/p>\n<p class=\"\">Una propuesta atractiva y que prima la juventud. Y con varios nombres propios. Su referencia en la izquierda, <a href=\"https:\/\/as.com\/futbol\/primera\/jesus-barrios-continua-conquistando-a-simeone-f202511-n\/\" target=\"_self\" rel=\"nofollow noopener\" title=\"https:\/\/as.com\/futbol\/primera\/jesus-barrios-continua-conquistando-a-simeone-f202511-n\/\"><b>un Jes\u00fas Barrios (19 a\u00f1os) que est\u00e1 ante su a\u00f1o de explosi\u00f3n<\/b><\/a>. El extremo izquierdo, que particip\u00f3 con Simeone en el amistoso de Libia contra el Inter, es un asiduo en los entrenamientos del primer equipo. <b>Tres dianas europeas y 12 en Tercera RFEF con el Atleti C<\/b>. Regate, desborde, desparpajo y pegada. Y que forma un frente de ataque muy poblado y talentoso. Lleno de perlas (y no en la acepci\u00f3n a la que canta Rosal\u00eda). <a href=\"https:\/\/as.com\/futbol\/atletico-de-madrid\/miguel-cubo-la-nueva-joya-del-gol-del-atletico-n\/\" target=\"_self\" rel=\"nofollow noopener\" title=\"https:\/\/as.com\/futbol\/atletico-de-madrid\/miguel-cubo-la-nueva-joya-del-gol-del-atletico-n\/\"><b>Miguel Cubo (17 a\u00f1os) como una de las grandes promesas rojiblancas.<\/b><\/a> Asentado en los planes de Fernando Torres en el Atl\u00e9tico Madrile\u00f1o, contra el Inter consigui\u00f3 su segundo gol en el torneo. Capacidad de moverse en el \u00e1rea, calidad t\u00e9cnica para pinchar balones y visi\u00f3n para retrasar metros y <b>jugar por detr\u00e1s de Sergio Esteban<\/b>. <\/p>\n<p><img decoding=\"async\" src=\"https:\/\/www.europesays.com\/es\/wp-content\/uploads\/2025\/11\/EVD3FITGPRIDPEN5FIAPDFEQZ4.jpg\" alt=\"Las joyas de la Academia que fascinan a Europa\" height=\"3197\" width=\"5125\"   loading=\"lazy\"\/>Jes\u00fas Barrios celebra el 1-0 contra el Inter.PEPE ANDRES<\/p>\n<p class=\"\">El punta de 19 a\u00f1os es el m\u00e1ximo goleador del equipo con cuatro dianas. Zancada y voracidad para atacar el espacio, como demostr\u00f3 en la expulsi\u00f3n del guardameta interista. Como su hermano Paco, tiene predilecci\u00f3n por la Youth League. <b>Y forma una gran pareja con su tocayo Sergio Vinatea<\/b>. Tambi\u00e9n del 2007, se est\u00e1 destapando por su capacidad de jugar entre l\u00edneas, intenci\u00f3n, aparici\u00f3n de segunda l\u00ednea y crecimiento. Dos goles en Europa y cinco con el Atleti C. Pero a Donato le entran a\u00fan m\u00e1s futbolistas de ataque. Y sin Rajado, lesionado, <b>le lleg\u00f3 la hora a Rub\u00e9n G\u00f3mez&#8230; que es del 2009<\/b>. Su golazo al Arsenal fue la demostraci\u00f3n de su torrente de talento. El Atl\u00e9tico <a href=\"https:\/\/as.com\/futbol\/mas_futbol\/oficial-el-atletico-se-asegura-a-su-joya-ruben-gomez-n\/\" target=\"_self\" rel=\"nofollow noopener\" title=\"https:\/\/as.com\/futbol\/mas_futbol\/oficial-el-atletico-se-asegura-a-su-joya-ruben-gomez-n\/\"><b>se asegur\u00f3 su futuro pese al inter\u00e9s de los grandes clubes europeos y la insistencia del Real Madrid<\/b><\/a>. <\/p>\n<p class=\"\">Una zurda de much\u00edsimos quilates, regate hacia adentro y un enorme futuro. <a href=\"https:\/\/as.com\/futbol\/primera\/ruben-gomez-y-la-increible-generacion-atletica-del-2009-f202510-n\/\" target=\"_self\" rel=\"nofollow noopener\" title=\"https:\/\/as.com\/futbol\/primera\/ruben-gomez-y-la-increible-generacion-atletica-del-2009-f202510-n\/\"><b>Que comparte generaci\u00f3n con Jorge Dom\u00ednguez<\/b><\/a>. El central todav\u00eda no ha cumplido los 16 a\u00f1os (lo har\u00e1 en diciembre) pero suma cuatro partidos completos en la Youth League. Su 1,95 le convierte en un valladar por arriba. Y tiene tablas. El Atl\u00e9tico ya ha avanzado para <a href=\"https:\/\/as.com\/futbol\/champions\/jorge-dominguez-el-central-de-15-anos-que-apabulla-f202511-n\/\" target=\"_self\" rel=\"nofollow noopener\" title=\"https:\/\/as.com\/futbol\/champions\/jorge-dominguez-el-central-de-15-anos-que-apabulla-f202511-n\/\"><b>firmar su primer contrato profesional en cuanto tenga la edad permitida<\/b><\/a>. Ian Jonatan Menc\u00eda, <a href=\"https:\/\/as.com\/futbol\/atletico-de-madrid\/el-atletico-se-asegura-a-una-de-sus-grandes-promesas-ian-mencia-n\/\" target=\"_self\" rel=\"nofollow noopener\" title=\"https:\/\/as.com\/futbol\/atletico-de-madrid\/el-atletico-se-asegura-a-una-de-sus-grandes-promesas-ian-mencia-n\/\"><b>tambi\u00e9n asegurado,<\/b><\/a> es otro de los 2009 convocados por Donato. <\/p>\n<p><img decoding=\"async\" src=\"https:\/\/www.europesays.com\/es\/wp-content\/uploads\/2025\/11\/MDLJQFTJDBIUDPXWOXLMYVTMPE.jpg\" alt=\"Las joyas de la Academia que fascinan a Europa\" height=\"1578\" width=\"2647\"   loading=\"lazy\"\/>Los jugadores del Atl\u00e9tico celebran un gol al Inter.PEPE ANDRES<\/p>\n<p class=\"\">Mirando a la porter\u00eda, <b>Dani Rubio (18 a\u00f1os)<\/b> volvi\u00f3 a dejar muestra de sus reflejos en la victoria contra el Inter, penalti parado incluido. Temple, agilidad y buena salida con el pie. <b>Romeo Hueso (18 a\u00f1os) <\/b>es un asiduo en las categor\u00edas inferiores de la Selecci\u00f3n. Un lateral derecho de enorme recorrido ofensivo. <b>Diego Sancho (17)<\/b> cubre el lateral izquierdo, con <b>Dani Mu\u00f1oz <\/b>(19) como alternativa. <b>Taufik (17) ha demostrado sus cualidades<\/b> en los dos \u00faltimos veranos con Simeone. Un centrocampista con fuerza y m\u00fasculo. <b>Miguel Gil (17) en defensa es un l\u00edder natural<\/b>. Y <b>Javi Tena <\/b>(17) en el medio. Y ante el Inter se destap\u00f3 <b>\u00c1lvaro Tamargo<\/b> (18) en la mediapunta. M\u00e1s y m\u00e1s nombres que demuestran la buena salud de la Academia, que pisa fuerte en Europa. <\/p>\n<p>Noticias relacionadas<a href=\"https:\/\/as.com\/futbol\/champions\/cardoso-pubill-y-musso-los-ultimos-son-los-primeros-f202511-n\/\" class=\"s_m_w\" title=\"Simeone recurri\u00f3 a tres de los jugadores con menos minutos contra el Inter y todos respondieron. Hab\u00eda ocurrido en Getafe con Raspadori. Todos enchufados.\" data-tb-link=\"\" rel=\"nofollow noopener\" target=\"_blank\"><img decoding=\"async\" src=\"https:\/\/www.europesays.com\/es\/wp-content\/uploads\/2025\/11\/QDSTIYDP2RI2FILPVBQNMKSLAQ.jpg\" alt=\"Cardoso, Pubill y Musso, los \u00faltimos son los primeros\" class=\"\" height=\"9\" width=\"16\"   loading=\"lazy\" data-tb-thumbnail=\"\"\/><\/a><a href=\"https:\/\/as.com\/futbol\/champions\/la-nueva-generacion-dorada-del-atleti-huele-a-top-6-f202511-n\/\" class=\"s_m_w\" title=\"El Atl\u00e9tico se impuso en Alcal\u00e1 con los goles de Jes\u00fas Barrios, Tamargo, Cubo y Sergio Esteban. Galliera, portero del Inter, sali\u00f3 expulsado a los cinco minutos. \" data-tb-link=\"\" rel=\"nofollow noopener\" target=\"_blank\"><img decoding=\"async\" src=\"https:\/\/www.europesays.com\/es\/wp-content\/uploads\/2025\/11\/2L7ALL3JUNN63NMIDPWQOLLHVA.jpg\" alt=\"La nueva generaci\u00f3n dorada del Atleti huele a Top-6\" class=\"\" height=\"9\" width=\"16\"   loading=\"lazy\" data-tb-thumbnail=\"\"\/><\/a><\/p>\n<p class=\"\"><b>\u00a1Tus opiniones importan!<\/b> Comenta en los art\u00edculos y suscr\u00edbete gratis a nuestra <a href=\"https:\/\/asfan.as.com\/newsletters\/\" target=\"_blank\" rel=\"nofollow noopener\" title=\"https:\/\/asfan.as.com\/newsletters\/\">newsletter<\/a> y a las alertas informativas en la <a href=\"https:\/\/as.com\/aplicacion-de-as-n\/\" target=\"_blank\" rel=\"nofollow noopener\" title=\"https:\/\/as.com\/aplicacion-de-as-n\/\">App<\/a> o el canal de <a href=\"https:\/\/www.whatsapp.com\/channel\/0029VaAasdA7j6g745nz9M10\" target=\"_blank\" rel=\"nofollow noopener\" title=\"https:\/\/www.whatsapp.com\/channel\/0029VaAasdA7j6g745nz9M10\">WhatsApp<\/a>. <\/p>\n<p class=\"\">\u00bfBuscas licenciar contenido? Haz clic <a href=\"https:\/\/profesional.elpais.com\/soluciones-sindicacion?utm_medium=interno&amp;utm_source=crosslinking&amp;utm_campaign=sindicacion_as_pie_articulos\" target=\"_blank\" rel=\"nofollow noopener\" title=\"https:\/\/profesional.elpais.com\/soluciones-sindicacion?utm_medium=interno&amp;utm_source=crosslinking&amp;utm_campaign=sindicacion_as_pie_articulos\">aqu\u00ed<\/a><\/p>\n","protected":false},"excerpt":{"rendered":"La loca Academia del gol est\u00e1 m\u00e1s afinada que nunca. El Atl\u00e9tico contin\u00faa deslumbrando a Europa hasta situarse&hellip;\n","protected":false},"author":2,"featured_media":260183,"comment_status":"","ping_status":"","sticky":false,"template":"","format":"standard","meta":{"footnotes":""},"categories":[268],"tags":[168,25,24,280,282,281,23,167],"class_list":{"0":"post-260182","1":"post","2":"type-post","3":"status-publish","4":"format-standard","5":"has-post-thumbnail","7":"category-futbol","8":"tag-deportes","9":"tag-es","10":"tag-espana","11":"tag-football","12":"tag-futbol","13":"tag-soccer","14":"tag-spain","15":"tag-sports"},"share_on_mastodon":{"url":"https:\/\/pubeurope.com\/@es\/115627034834647615","error":""},"_links":{"self":[{"href":"https:\/\/www.europesays.com\/es\/wp-json\/wp\/v2\/posts\/260182","targetHints":{"allow":["GET"]}}],"collection":[{"href":"https:\/\/www.europesays.com\/es\/wp-json\/wp\/v2\/posts"}],"about":[{"href":"https:\/\/www.europesays.com\/es\/wp-json\/wp\/v2\/types\/post"}],"author":[{"embeddable":true,"href":"https:\/\/www.europesays.com\/es\/wp-json\/wp\/v2\/users\/2"}],"replies":[{"embeddable":true,"href":"https:\/\/www.europesays.com\/es\/wp-json\/wp\/v2\/comments?post=260182"}],"version-history":[{"count":0,"href":"https:\/\/www.europesays.com\/es\/wp-json\/wp\/v2\/posts\/260182\/revisions"}],"wp:featuredmedia":[{"embeddable":true,"href":"https:\/\/www.europesays.com\/es\/wp-json\/wp\/v2\/media\/260183"}],"wp:attachment":[{"href":"https:\/\/www.europesays.com\/es\/wp-json\/wp\/v2\/media?parent=260182"}],"wp:term":[{"taxonomy":"category","embeddable":true,"href":"https:\/\/www.europesays.com\/es\/wp-json\/wp\/v2\/categories?post=260182"},{"taxonomy":"post_tag","embeddable":true,"href":"https:\/\/www.europesays.com\/es\/wp-json\/wp\/v2\/tags?post=260182"}],"curies":[{"name":"wp","href":"https:\/\/api.w.org\/{rel}","templated":true}]}}