{"id":260184,"date":"2025-11-28T11:14:16","date_gmt":"2025-11-28T11:14:16","guid":{"rendered":"https:\/\/www.europesays.com\/es\/260184\/"},"modified":"2025-11-28T11:14:16","modified_gmt":"2025-11-28T11:14:16","slug":"alejandra-rubio-revela-el-motivo-por-el-que-no-puede-cumplir-una-tradicion-de-navidad","status":"publish","type":"post","link":"https:\/\/www.europesays.com\/es\/260184\/","title":{"rendered":"Alejandra Rubio revela el motivo por el que no puede cumplir una tradici\u00f3n de Navidad"},"content":{"rendered":"<p data-journey-content=\"true\" data-node-id=\"4\" class=\"css-6wxqfj emevuu60\"><strong data-node-id=\"4.0\"><a href=\"https:\/\/www.diezminutos.es\/alejandra-rubio\/\" target=\"_blank\" data-vars-ga-outbound-link=\"https:\/\/www.diezminutos.es\/alejandra-rubio\/\" data-vars-ga-ux-element=\"Hyperlink\" data-vars-ga-call-to-action=\"Alejandra Rubio\" data-node-id=\"4.0.0\" class=\"body-link css-177bzfx emevuu60\" rel=\"nofollow noopener\">Alejandra Rubio<\/a> habla de sus planes de Navidad y del primer a\u00f1o de su hijo Carlo.<\/strong> La hija de <a href=\"https:\/\/www.diezminutos.es\/terelu-campos\/\" target=\"_blank\" data-vars-ga-outbound-link=\"https:\/\/www.diezminutos.es\/terelu-campos\/\" data-vars-ga-ux-element=\"Hyperlink\" data-vars-ga-call-to-action=\"Terelu Campos\" data-node-id=\"4.2\" class=\"body-link css-177bzfx emevuu60\" rel=\"nofollow noopener\">Terelu Campos<\/a>, que se acaba de recuperar de una gripe, acudi\u00f3 a la presentaci\u00f3n de Nuga Castellana, un n\u00facleo urbano de vanguardia en pleno centro de Madrid, se confes\u00f3 sobre sus planes navide\u00f1os y la actualidad de su familia. <strong data-node-id=\"4.4\">Alejandra Rubio est\u00e1 a pocos d\u00edas de celebrar el primer cumplea\u00f1os de <a href=\"https:\/\/www.diezminutos.es\/famosos-corazon\/famosos-espanoles\/a63112379\/alejandro-rubio-carlo-costanzia-padres-primer-hijo\/\" target=\"_blank\" data-vars-ga-outbound-link=\"https:\/\/www.diezminutos.es\/famosos-corazon\/famosos-espanoles\/a63112379\/alejandro-rubio-carlo-costanzia-padres-primer-hijo\/\" data-vars-ga-ux-element=\"Hyperlink\" data-vars-ga-call-to-action=\"su hijo Carlo\" data-node-id=\"4.4.1\" class=\"body-link css-177bzfx emevuu60\" rel=\"nofollow noopener\">su hijo Carlo<\/a> y hace un balance muy positivo de este primer a\u00f1o.<\/strong> \u00abYa le tengo muy mayor. Estoy superfeliz, la verdad. Ha sido un a\u00f1o precioso y todos los que nos quedan\u00bb, coment\u00f3 y descarta boda en 2026 con su novio, Carlo Costanzia. Adem\u00e1s, ahora que comenta &#8216;La isla de las tentaciones&#8217;, brome\u00f3 sobre la posibilidad de ir con su pareja. \u00abYo no estoy para &#8216;La isla&#8217;. Mira, me lo paso tan bien coment\u00e1ndola, de verdad, o sea, me encanta verla, me encanta comentarlo, lo disfruto mucho, de verdad, es una de las partes de mi trabajo que m\u00e1s disfruto, me lo paso en grande, pero no ir\u00eda\u00bb y es que, como ella misma dijo, \u00abcon todo lo que estamos viendo, poner la mano en el fuego es muy dif\u00edcil\u00bb.<br data-node-id=\"4.6\"\/><\/p>\n<p><img draggable=\"true\" alt=\"alejandra rubio en la presentacion de nuga castellana\" title=\"Alejandra Rubio\" loading=\"lazy\" width=\"3000\" height=\"1661\" decoding=\"async\" data-nimg=\"1\" style=\"color:transparent;width:100%;height:auto;\"   src=\"https:\/\/www.europesays.com\/es\/wp-content\/uploads\/2025\/11\/alejandra-rubio-evento-castellana-69295166d786f.jpg\" class=\"css-0 e1g79fud0\"\/><\/p>\n<p>Europa Press<\/p>\n<p data-journey-content=\"true\" data-node-id=\"8\" class=\"css-6wxqfj emevuu60\"><strong data-node-id=\"8.0\">Alejandra Rubio,<\/strong> que de momento neg\u00f3 que se fuera a comprar una casa, aunque confes\u00f3 que siempre est\u00e1 pendiente del mercado inmobiliario, <strong data-node-id=\"8.2\">tambi\u00e9n habl\u00f3 del <a href=\"https:\/\/www.diezminutos.es\/famosos-corazon\/famosos-espanoles\/a69568470\/terelu-campos-volver-teatros-ultima-funcion-santa-lola\/\" target=\"_blank\" data-vars-ga-outbound-link=\"https:\/\/www.diezminutos.es\/famosos-corazon\/famosos-espanoles\/a69568470\/terelu-campos-volver-teatros-ultima-funcion-santa-lola\/\" data-vars-ga-ux-element=\"Hyperlink\" data-vars-ga-call-to-action=\"adi\u00f3s de su madre, Terelu Campos, a los escenarios\" data-node-id=\"8.2.1\" class=\"body-link css-177bzfx emevuu60\" rel=\"nofollow noopener\">adi\u00f3s de su madre, Terelu Campos, a los escenarios<\/a> tras representar su obra &#8216;Santa Lola&#8217; <\/strong>quien reconoci\u00f3 que no hab\u00eda sido nada f\u00e1cil. \u00abBueno, estaba claro, \u00bfno? En este mundo es muy f\u00e1cil criticar, siempre se critica. Y m\u00e1s con todo este tema que ha tenido del intrusismo laboral y todas estas cosas, todas las chorradas que se dicen. Pero es normal, tiene que estar acostumbrada a todo esto\u00bb, dijo e ironiz\u00f3 sobre las memorias de Bigote Arrocet asegurando que no tendr\u00e1 problema en leerlas.<\/p>\n<p>Alejandra Rubio confiesa la tradici\u00f3n de Navidad que no puede cumplir en su casa<\/p>\n<p data-journey-content=\"true\" data-node-id=\"11\" class=\"css-6wxqfj emevuu60\"><strong data-node-id=\"11.0\">Alejandra Rubio explic\u00f3 que \u00abme encanta la Navidad,<\/strong> me encantan las fiestas, los regalos, las cenas&#8230; Me encanta\u00bb, dijo y <strong data-node-id=\"11.2\">confes\u00f3 la tradici\u00f3n que no puede cumplir. <\/strong>\u00ab\u00c1rbol no podemos poner en casa porque entre los gatos, la perra&#8230; El \u00e1rbol me dura medio d\u00eda. Lo hemos intentado con estos, as\u00ed de fieltro, que se pegan cosas, pero ni con esas\u00bb, asegur\u00f3. La colaboradora todav\u00eda no sabe c\u00f3mo pasar\u00e1 estas Fiestas. \u00abMi madre es la t\u00edpica que te pregunta por las Navidades en agosto, \u00bfsabes? \u00bfY qu\u00e9 se va a hacer en Nochebuena? Y yo, de verdad, no me agobies. Entonces, estamos ah\u00ed en modo, ella pregunta y yo todav\u00eda no s\u00e9 qu\u00e9 vamos a hacer\u00bb y a\u00f1adi\u00f3 que, <a href=\"https:\/\/www.diezminutos.es\/famosos-corazon\/famosos-espanoles\/a69562265\/mar-flores-cumpleanos-nieto-terelu-campos\/\" target=\"_blank\" data-vars-ga-outbound-link=\"https:\/\/www.diezminutos.es\/famosos-corazon\/famosos-espanoles\/a69562265\/mar-flores-cumpleanos-nieto-terelu-campos\/\" data-vars-ga-ux-element=\"Hyperlink\" data-vars-ga-call-to-action=\"como ya dijo su suegra, Mar Flores\" data-node-id=\"11.4\" class=\"body-link css-177bzfx emevuu60\" rel=\"nofollow noopener\">como ya dijo su suegra, Mar Flores<\/a>, no habr\u00eda ning\u00fan problema en juntar a ambas familias. \u00abEs que no hay ning\u00fan problema\u00bb, afirm\u00f3. <strong data-node-id=\"11.6\">La novia de Carlo Costanzia tambi\u00e9n revel\u00f3 la tradici\u00f3n familiar que han heredado de su abuela, Mar\u00eda Teresa Campos. <\/strong>\u00abSiempre hemos hecho lo mismo, el d\u00eda de Reyes es muy importante para la familia de mi madre, y yo creo que eso es como lo m\u00e1s significativo\u00bb y desvel\u00f3 que a su madre le encanta cocinar en esas fechas y juntar a gente muy diversa.  <\/p>\n<p><img src=\"https:\/\/www.europesays.com\/es\/wp-content\/uploads\/2025\/11\/1764328456_67_956e4c3c-2efd-4963-a949-05017c07afa9_1734435946.jpg\" alt=\"Headshot of Silvia Criado\" title=\"Headshot of Silvia Criado\" width=\"100%\" height=\"100%\" decoding=\"async\" loading=\"lazy\" class=\"css-o0wq4v ev8dhu53\"\/><\/p>\n<p>Silvia Criado es Jefa de Secci\u00f3n Digital de Diez Minutos experta en coraz\u00f3n y sociedad especializada en famosos y casas reales, de los que lleva escribiendo m\u00e1s de 20 a\u00f1os. En su larga trayectoria profesional, ha cubierto eventos de lo m\u00e1s variado desde el nacimiento de la princesa Leonor, futura reina de Espa\u00f1a, a los premios Goya. No se le escapa un detalle de las alfombras rojas como los Goya o el Oscar y conoce como nadie los secretos de las biograf\u00edas de las celebridades.<br \/>\nAunque est\u00e1 especializada en famosos y realidad, es una periodista todoterreno que tambi\u00e9n ha escrito mucho sobre maternidad, decoraci\u00f3n, moda, belleza, televisi\u00f3n y ocio. En sus art\u00edculos tanto te cuenta cu\u00e1l es el restaurante m\u00e1s de moda de Madrid, copia el look de Nuria Roca en versi\u00f3n &#8216;low cost&#8217;, te da los &#8216;consejos&#8217; necesarios para decorar la habitaci\u00f3n de tu hijo o te cuenta todo lo que ha pasado en &#8216;Supervivientes&#8217;.<br \/>\nSilvia Criado es licenciada en Periodismo por la Universidad Complutense de Madrid y a empez\u00f3 a colaborar en diferentes medios de comunicaci\u00f3n cuando todav\u00eda no hab\u00eda terminado la carrera. Ha trabajado en la cadena Ser, el diario Menorca y las revistas Crecer Feliz, Casa Diez, Micasa o Elle Decoration aunque, la mayor parte de su trayectoria, ha transcurrido en Diez Minutos donde lleg\u00f3 a su edici\u00f3n de papel en el a\u00f1o 2001. Desde 2018, puedes leer sus art\u00edculos en la web.<\/p>\n","protected":false},"excerpt":{"rendered":"Alejandra Rubio habla de sus planes de Navidad y del primer a\u00f1o de su hijo Carlo. La hija&hellip;\n","protected":false},"author":2,"featured_media":260185,"comment_status":"","ping_status":"","sticky":false,"template":"","format":"standard","meta":{"footnotes":""},"categories":[174],"tags":[255,253,146,147,25,24,256,23],"class_list":{"0":"post-260184","1":"post","2":"type-post","3":"status-publish","4":"format-standard","5":"has-post-thumbnail","7":"category-famosos","8":"tag-celebrities","9":"tag-discover","10":"tag-entertainment","11":"tag-entretenimiento","12":"tag-es","13":"tag-espana","14":"tag-famosos","15":"tag-spain"},"share_on_mastodon":{"url":"https:\/\/pubeurope.com\/@es\/115627037222035928","error":""},"_links":{"self":[{"href":"https:\/\/www.europesays.com\/es\/wp-json\/wp\/v2\/posts\/260184","targetHints":{"allow":["GET"]}}],"collection":[{"href":"https:\/\/www.europesays.com\/es\/wp-json\/wp\/v2\/posts"}],"about":[{"href":"https:\/\/www.europesays.com\/es\/wp-json\/wp\/v2\/types\/post"}],"author":[{"embeddable":true,"href":"https:\/\/www.europesays.com\/es\/wp-json\/wp\/v2\/users\/2"}],"replies":[{"embeddable":true,"href":"https:\/\/www.europesays.com\/es\/wp-json\/wp\/v2\/comments?post=260184"}],"version-history":[{"count":0,"href":"https:\/\/www.europesays.com\/es\/wp-json\/wp\/v2\/posts\/260184\/revisions"}],"wp:featuredmedia":[{"embeddable":true,"href":"https:\/\/www.europesays.com\/es\/wp-json\/wp\/v2\/media\/260185"}],"wp:attachment":[{"href":"https:\/\/www.europesays.com\/es\/wp-json\/wp\/v2\/media?parent=260184"}],"wp:term":[{"taxonomy":"category","embeddable":true,"href":"https:\/\/www.europesays.com\/es\/wp-json\/wp\/v2\/categories?post=260184"},{"taxonomy":"post_tag","embeddable":true,"href":"https:\/\/www.europesays.com\/es\/wp-json\/wp\/v2\/tags?post=260184"}],"curies":[{"name":"wp","href":"https:\/\/api.w.org\/{rel}","templated":true}]}}