{"id":260186,"date":"2025-11-28T11:15:24","date_gmt":"2025-11-28T11:15:24","guid":{"rendered":"https:\/\/www.europesays.com\/es\/260186\/"},"modified":"2025-11-28T11:15:24","modified_gmt":"2025-11-28T11:15:24","slug":"alberto-amez-despliega-sus-paisajes-espirituales-en-el-bellas-artes-con-su-nueva-exposicion-in-arcadia","status":"publish","type":"post","link":"https:\/\/www.europesays.com\/es\/260186\/","title":{"rendered":"Alberto \u00c1mez despliega sus paisajes espirituales en el Bellas Artes con su nueva exposici\u00f3n \u00abIn Arcadia\u00bb"},"content":{"rendered":"<p class=\"ft-text ft-helper-closenews\">La trascendencia de lo frondoso del bosque, como refugio y como libertad, han brotado en las paredes de la planta baja del Palacio de Velarde en forma de nueva colecci\u00f3n de pinturas del gijon\u00e9s <strong>Alberto \u00c1mez<\/strong>. El museo de Bellas Artes presento ayer \u00abIn Arcadia\u00bb, \u00faltima gran muestra del a\u00f1o de un artista asturiano en un 2025 en el que, como se\u00f1al\u00f3 el director general de Cultura <strong>Pablo Le\u00f3n<\/strong>, la presencia de los de aqu\u00ed ha sido muy notable. <strong>La de \u00c1mez, comisariada por Juan Llano, consta de 52 cuadros, la mayor\u00eda de ellos in\u00e9ditos, reci\u00e9n salidos del taller<\/strong>. Son escenas de campo pobladas de las caracter\u00edsticas \u00e1nimas del artista, ninfas, dioses o \u00e1ngeles, llenas de resonancias a la historia del arte, imbuidas de una gran espiritualidad y con un sobrecogedor trabajo en la composici\u00f3n de sus cielos y sus montes, una amalgama de verdes y azules tormentosos que atraviesa el alma del espectador.De parecidas sensaciones habl\u00f3 <strong>Llano Borbolla<\/strong>, comisario de \u00abIn Arcadia\u00bb, <strong>un t\u00edtulo que no hace tanto referencia al mito del lugar buc\u00f3lico como a esa otra idea del bosque como refugio, cobijo necesario ante las dificultades de los tiempos<\/strong>. Llano lo relaciona con el \u00abDenkraum\u00bb, el \u00abespacio para pensar\u00bb del que hablaba el fil\u00f3sofo Aby Warburg y tambi\u00e9n con los \u00abclaros del bosque\u00bb de <strong>Mar\u00eda Zambrano<\/strong>, \u00abel lugar al que llegar y meditar sobre uno mismo o encontrarte con tus propios fantasmas\u00bb.Distribuido en dos salas y en el hall principal, las escenas de campo de \u00c1mez transportan y elevan pero tambi\u00e9n inquietan o alertan. <strong>En una r\u00e1pida visita guiada se pudieron apreciar los valles sembrados de minas, los paisajes que plasman de forma sutil, aleg\u00f3rica, el d\u00eda despu\u00e9s de la batalla<\/strong>. La guerra. Tambi\u00e9n la muerte, la verg\u00fcenza, el suicidio, como en el que reinterpreta el mito de Ofelia. \u00c1mez, poco dado a los largos discursos, agradeci\u00f3 el apoyo del Bellas Artes, mostr\u00f3 la satisfacci\u00f3n que le produce el arte pict\u00f3rico y resumi\u00f3 que todos esos paisajes llenos de almas peque\u00f1as son \u00abuna alegor\u00eda de nuestra vida\u00bb. <strong>Tambi\u00e9n, \u00abuna mezcla de ficci\u00f3n y realidad, de vigilia y sue\u00f1o\u00bb. En ese espacio donde quien manda es la \u00abraz\u00f3n po\u00e9tica\u00bb, dijo citando de nuevo a Zambrano, es donde \u00c1mez encuentra \u00abrefugio y consuelo\u00bb, pero tambi\u00e9n \u00abesperanza\u00bb<\/strong>.<\/p>\n<p><img decoding=\"async\" src=\"https:\/\/www.europesays.com\/es\/wp-content\/uploads\/2025\/11\/9821da41-b970-492e-b75f-f33d51bf142b_alta-libre-aspect-ratio_default_0.jpg\" width=\"1200\" height=\"810\" alt=\"Amez junto a una de sus obras. | IRMA COLL\u00cdN\" class=\"ft-helper-img-rd\" loading=\"lazy\"\/><\/p>\n<p class=\"ft-helper-fontColor-quaternary ft-helper-fontSize-body-S ft-helper-spacer-t-xxs\">Amez junto a una de sus obras. | IRMA COLL\u00cdN <\/p>\n<p class=\"ft-text\">Los escenarios de \u00abIn Arcadia\u00bb son \u00abeminentemente asturianos\u00bb, en palabras de Juan Llano. Pero no remiten a un lugar concreto. <strong>El artista gijon\u00e9s explica que compone esa frondosidad a partir de varias ideas<\/strong>. El recuerdo de un paisaje, una fotograf\u00eda, la evocaci\u00f3n de un d\u00eda de senderismo. Distintas capas de la memoria que parecen haberse ido depositando en el lienzo hasta construir una idea m\u00e1s grande, mejor en su capacidad de tocar al espectador, del verde de Asturias.<\/p>\n<p class=\"ft-text\"><strong>Es en esos lugares donde el pintor introduce figuras y arquetipos cl\u00e1sicos de toda la historia del arte y de la literatura<\/strong>. Y por eso, subray\u00f3 el comisario, el Museo de Bellas Artes era \u00abel lugar id\u00f3neo\u00bb para la exposici\u00f3n. Tan es as\u00ed, que la propia exposici\u00f3n muestra algunas de las obras con las que dialogan estos cuadros. Sucede as\u00ed con el mono que toca la guitarra para el asno en el grabado de Goya y en una representaci\u00f3n del Para\u00edso.<\/p>\n<p class=\"ft-text\"><strong>Gabino Busto<\/strong>, conservador del museo, introdujo la presentaci\u00f3n con una breve cita en la que apunt\u00f3 tres ejes que pueden resumir la exposici\u00f3n: el ya citado di\u00e1logo con el arte, el enraizamiento en una Asturias m\u00edtica y la pintura como refugio cultural.<\/p>\n<p class=\"ft-text\">En la lectura atenta de algunos de estos cuadros se pueden descubrir figuras como una ninfa y un \u00e1ngel simbolizando a Arist\u00f3teles y a Plat\u00f3n, lo terrenal y lo celestial; la imaginer\u00eda de las hogueras como se\u00f1ales espirituales, la evocaci\u00f3n de San Crist\u00f3bal cruzando el r\u00edo convertido en una escena de guerra; la chica fugada de la fiesta, las luces de las romer\u00edas, o la impresionante par\u00e1frasis de la \u00abMelancol\u00eda\u00bb de Durero que nos muestra, como en casi todos los cuadros de \u00c1mez y como resumi\u00f3 Juan Llano \u00abque la pintura es un misterio\u00bb.<\/p>\n<p class=\"ft-text\">La muestra de Alberto \u00c1mez \u00abIn Arcadia\u00bb se podr\u00e1 visitar hasta el 1 de marzo.<\/p>\n<p data-close=\"closedContent\" class=\"subscribeHideForDisplay\">Suscr\u00edbete para seguir leyendo<\/p>\n","protected":false},"excerpt":{"rendered":"La trascendencia de lo frondoso del bosque, como refugio y como libertad, han brotado en las paredes de&hellip;\n","protected":false},"author":2,"featured_media":260187,"comment_status":"","ping_status":"","sticky":false,"template":"","format":"standard","meta":{"footnotes":""},"categories":[173],"tags":[9125,65054,229,233,231,230,16568,232,19290,234,146,147,25,10558,24,65055,2003,69,38870,23],"class_list":{"0":"post-260186","1":"post","2":"type-post","3":"status-publish","4":"format-standard","5":"has-post-thumbnail","7":"category-arte-y-diseno","8":"tag-alberto","9":"tag-amez","10":"tag-arte","11":"tag-arte-y-diseno","12":"tag-arts","13":"tag-arts-and-design","14":"tag-bellas-artes","15":"tag-design","16":"tag-despliega","17":"tag-diseno","18":"tag-entertainment","19":"tag-entretenimiento","20":"tag-es","21":"tag-espacio","22":"tag-espana","23":"tag-espirituales","24":"tag-exposicion","25":"tag-guerra","26":"tag-paisajes","27":"tag-spain"},"share_on_mastodon":{"url":"","error":""},"_links":{"self":[{"href":"https:\/\/www.europesays.com\/es\/wp-json\/wp\/v2\/posts\/260186","targetHints":{"allow":["GET"]}}],"collection":[{"href":"https:\/\/www.europesays.com\/es\/wp-json\/wp\/v2\/posts"}],"about":[{"href":"https:\/\/www.europesays.com\/es\/wp-json\/wp\/v2\/types\/post"}],"author":[{"embeddable":true,"href":"https:\/\/www.europesays.com\/es\/wp-json\/wp\/v2\/users\/2"}],"replies":[{"embeddable":true,"href":"https:\/\/www.europesays.com\/es\/wp-json\/wp\/v2\/comments?post=260186"}],"version-history":[{"count":0,"href":"https:\/\/www.europesays.com\/es\/wp-json\/wp\/v2\/posts\/260186\/revisions"}],"wp:featuredmedia":[{"embeddable":true,"href":"https:\/\/www.europesays.com\/es\/wp-json\/wp\/v2\/media\/260187"}],"wp:attachment":[{"href":"https:\/\/www.europesays.com\/es\/wp-json\/wp\/v2\/media?parent=260186"}],"wp:term":[{"taxonomy":"category","embeddable":true,"href":"https:\/\/www.europesays.com\/es\/wp-json\/wp\/v2\/categories?post=260186"},{"taxonomy":"post_tag","embeddable":true,"href":"https:\/\/www.europesays.com\/es\/wp-json\/wp\/v2\/tags?post=260186"}],"curies":[{"name":"wp","href":"https:\/\/api.w.org\/{rel}","templated":true}]}}