{"id":260188,"date":"2025-11-28T11:17:10","date_gmt":"2025-11-28T11:17:10","guid":{"rendered":"https:\/\/www.europesays.com\/es\/260188\/"},"modified":"2025-11-28T11:17:10","modified_gmt":"2025-11-28T11:17:10","slug":"rtve-anuncia-ya-a-la-sustituta-fija-de-futuro-imperfecto-tras-la-baja-de-buenafuente","status":"publish","type":"post","link":"https:\/\/www.europesays.com\/es\/260188\/","title":{"rendered":"RTVE anuncia ya a la sustituta fija de &#8216;Futuro imperfecto&#8217; tras la baja de Buenafuente"},"content":{"rendered":"<p class=\"article-text\">\n        <strong>Andreu Buenafuente<\/strong> ya tiene sustituta en la parrilla de<strong> La 1<\/strong> durante su baja m\u00e9dica. <strong>RTVE <\/strong>ha anunciado el estreno de <strong>Dra. Fabiola Jones<\/strong>, que ocupar\u00e1 el hueco de <strong>Futuro imperfecto<\/strong> en la noche de los jueves tras<strong> La Revuelta<\/strong>. Se entiende, por tanto, que su retorno no ser\u00e1 pr\u00f3ximo.\n    <\/p>\n<p>    <a href=\"https:\/\/www.eldiario.es\/vertele\/noticias\/buenafuente-detiene-prescripcion-medica-agenda-rtve-suspende-futuro-imperfecto-sigue-campanadas_1_12787495.html\" data-mrf-recirculation=\"saber-mas\" data-dl-event=\"saber-mas\" rel=\"nofollow noopener\" target=\"_blank\"><\/p>\n<p class=\"know-more__title\">Buenafuente detiene por prescripci\u00f3n m\u00e9dica su agenda: RTVE suspende &#8216;Futuro imperfecto&#8217;, y sigue con sus Campanadas<\/p>\n<p>            <img decoding=\"async\" class=\"lazy\" loading=\"lazy\" data-src=\"https:\/\/static.eldiario.es\/clip\/af1800b0-4d38-4ca3-834c-fa9647291cc3_16-9-aspect-ratio_default_0.jpg\" src=\"data:image\/svg+xml,%3Csvg xmlns=\" http:=\"\" viewbox=\"0 0 880 495\" alt=\"Buenafuente detiene por prescripci\u00f3n m\u00e9dica su agenda: RTVE suspende 'Futuro imperfecto', y sigue con sus Campanadas\"\/><\/p>\n<p>                        <\/a><\/p>\n<p class=\"article-text\">\n        La cadena p\u00fablica ya comunic\u00f3 que el show del humorista catal\u00e1n quedar\u00eda <a href=\"https:\/\/www.eldiario.es\/vertele\/noticias\/buenafuente-detiene-prescripcion-medica-agenda-rtve-suspende-futuro-imperfecto-sigue-campanadas_1_12787495.html\" target=\"_blank\" data-mrf-recirculation=\"links-noticia\" class=\"link\" rel=\"nofollow noopener\">suspendido<\/a> durante su ausencia, aunque este jueves 27 de noviembre lo mantuvo en la programaci\u00f3n con una <a href=\"https:\/\/www.eldiario.es\/vertele\/noticias\/rtve-no-sustituira-buenafuente-baja-medica-la-1-mantiene-futuro-imperfecto-jueves_1_12796506.html\" target=\"_blank\" data-mrf-recirculation=\"links-noticia\" class=\"link\" rel=\"nofollow noopener\">selecci\u00f3n de sus mejores momentos<\/a> que no destac\u00f3 en <a href=\"https:\/\/www.eldiario.es\/vertele\/audiencias-tv\/jueves-27-noviembre-2025-gh-20-sufre-pierde-horizonte-quinta-opcion-access-dato-insostenible_1_12804027.html\" target=\"_blank\" data-mrf-recirculation=\"links-noticia\" class=\"link\" rel=\"nofollow noopener\">audiencias<\/a>. Para la pr\u00f3xima semana, <strong>el jueves 4 de diciembre<\/strong>, La 1 lo dejar\u00e1 descansar y apostar\u00e1 por un contenido de estreno.\n    <\/p>\n<p class=\"article-text\">\n         Dra. Fabiola Jones es un nuevo formato factual que propone \u201cuna mirada \u00fanica\u201d sobre la vida en la sabana africana. Presentado por la veterinaria espa\u00f1ola Afincada en \u00c1frica <strong>Fabiola Quesada<\/strong>, y poducido por <strong>Warner Bros ITVP<\/strong>, estar\u00e1 marcado en cada episodio por aventura, adrenalina, protecci\u00f3n de la fauna salvaje, animales majestuosos y una profunda sensibilidad hacia la naturaleza.\n    <\/p>\n<p class=\"article-text\">\n        Los espectadores asistir\u00e1n en primera persona al trabajo de su protagonista, para quien la protecci\u00f3n de la fauna salvaje es una misi\u00f3n de vida. \u201c<strong>Mi mirada es muy cr\u00edtica y de esperanza hacia el planeta<\/strong>, hacia la fauna salvaje y hacia la humanidad (&#8230;) Me niego a pensar que aquellos dispuestos a destruir tienen m\u00e1s poder que los profesionales preparados para proteger\u201d, afirm\u00f3 Fabiola en la <a href=\"https:\/\/www.eldiario.es\/vertele\/noticias\/rtve-doctora-fabiola-jones-programa-veterinaria-africa_1_12762775.html\" target=\"_blank\" data-mrf-recirculation=\"links-noticia\" class=\"link\" rel=\"nofollow noopener\">presentaci\u00f3n<\/a> ante la prensa.\n    <\/p>\n<blockquote class=\"twitter-tweet\" data-lang=\"es\"><p><a href=\"https:\/\/twitter.com\/X\/status\/1994163060961861976?ref_src=twsrc%5Etfw\" rel=\"nofollow noopener\" target=\"_blank\"><\/p><\/blockquote>\n<p>    <strong>As\u00ed es &#8216;Dra. Fabiola Jones&#8217;<\/strong><\/p>\n<p class=\"article-text\">\n        La sabana africana desde una perspectiva \u00fanica\u00a0Dra. Fabiola Jones, nuevo formato factual, muestra la faceta profesional y personal de una joven veterinaria espa\u00f1ola afincada en el coraz\u00f3n de \u00c1frica desde hace m\u00e1s de 15 a\u00f1os. Con una perspectiva \u00fanica y con una voz femenina al frente, la serie recorrer\u00e1 la sabana africana y otros enclaves del continente para mostrar su d\u00eda a d\u00eda.\n    <\/p>\n<p class=\"article-text\">\n        Desde rinocerontes, leones, b\u00fafalos y elefantes hasta cebras, ant\u00edlopes y guepardos,\u00a0Dra. Fabiola Jones\u00a0mostrar\u00e1 la intervenci\u00f3n sobre algunas de las especies m\u00e1s emblem\u00e1ticas del continente.\n    <\/p>\n<p class=\"article-text\">\n        Con base en Sud\u00e1frica y localizaciones en Namibia, el programa abordar\u00e1 algunas de las amenazas m\u00e1s graves para la biodiversidad, poniendo el foco en el fr\u00e1gil equilibrio de los ecosistemas y en los conflictos que surgen cuando este se rompe: desde enfermedades zoon\u00f3ticas hasta tensiones entre la fauna salvaje y los humanos.\n    <\/p>\n<p class=\"article-text\">\n        Un espacio que sumergir\u00e1 a la audiencia en impactantes operaciones quir\u00fargicas en plena sabana, el tenso \u201cdescornado\u201d del animal m\u00e1s amenazado para evitar su caza, arriesgadas capturas con dardos anest\u00e9sicos, patrullajes contra furtivos, delicados rescates, rigurosos chequeos m\u00e9dicos y proyectos de recuperaci\u00f3n en refugios y santuarios. Adem\u00e1s, mostrar\u00e1 el contacto diario con las comunidades locales y la vida nocturna en entornos salvajes.\n    <\/p>\n<p>    <a href=\"https:\/\/www.eldiario.es\/vertele\/noticias\/revuelta-envio-mensaje-animo-buenafuente-paron-prescripcion-medica-recuperacio_1_12803684.html\" data-mrf-recirculation=\"saber-mas-abajo\" data-dl-event=\"saber-mas-abajo\" rel=\"nofollow noopener\" target=\"_blank\"><\/p>\n<p class=\"know-more__title\">&#8216;La Revuelta&#8217; envi\u00f3 un mensaje de \u00e1nimo a Buenafuente tras su par\u00f3n por prescripci\u00f3n m\u00e9dica: \u201cEst\u00e1 en &#8216;la recuperasi\u00f3&#8217;\u201d\n<\/p>\n<p>            <img decoding=\"async\" class=\"lazy\" loading=\"lazy\" data-src=\"https:\/\/static.eldiario.es\/clip\/d076d20f-a7f9-43b2-9e96-c2b41e00365f_16-9-aspect-ratio_default_0.jpg\" src=\"data:image\/svg+xml,%3Csvg xmlns=\" http:=\"\" viewbox=\"0 0 880 495\" alt=\"'La Revuelta' envi\u00f3 un mensaje de \u00e1nimo a Buenafuente tras su par\u00f3n por prescripci\u00f3n m\u00e9dica: &quot;Est\u00e1 en 'la recuperasi\u00f3'&quot;\"\/><\/p>\n<p>                        <\/a><\/p>\n<p class=\"article-text\">\n        Dra. Fabiola Jones\u00a0no se quedar\u00e1 solo en tierra: tambi\u00e9n abordar\u00e1 la fauna marina, mostrando intervenciones en algunos de los entornos oce\u00e1nicos m\u00e1s vibrantes y amenazados.\n    <\/p>\n<p>                                    <script async src=\"https:\/\/platform.twitter.com\/widgets.js\" charset=\"utf-8\"><\/script><\/p>\n","protected":false},"excerpt":{"rendered":"Andreu Buenafuente ya tiene sustituta en la parrilla de La 1 durante su baja m\u00e9dica. RTVE ha anunciado&hellip;\n","protected":false},"author":2,"featured_media":123404,"comment_status":"","ping_status":"","sticky":false,"template":"","format":"standard","meta":{"footnotes":""},"categories":[171],"tags":[4187,6814,1270,146,147,25,24,2540,2848,2849,518,23,59368,214],"class_list":{"0":"post-260188","1":"post","2":"type-post","3":"status-publish","4":"format-standard","5":"has-post-thumbnail","7":"category-tv","8":"tag-anuncia","9":"tag-baja","10":"tag-buenafuente","11":"tag-entertainment","12":"tag-entretenimiento","13":"tag-es","14":"tag-espana","15":"tag-fija","16":"tag-futuro","17":"tag-imperfecto","18":"tag-rtve","19":"tag-spain","20":"tag-sustituta","21":"tag-tv"},"share_on_mastodon":{"url":"https:\/\/pubeurope.com\/@es\/115627048898242294","error":""},"_links":{"self":[{"href":"https:\/\/www.europesays.com\/es\/wp-json\/wp\/v2\/posts\/260188","targetHints":{"allow":["GET"]}}],"collection":[{"href":"https:\/\/www.europesays.com\/es\/wp-json\/wp\/v2\/posts"}],"about":[{"href":"https:\/\/www.europesays.com\/es\/wp-json\/wp\/v2\/types\/post"}],"author":[{"embeddable":true,"href":"https:\/\/www.europesays.com\/es\/wp-json\/wp\/v2\/users\/2"}],"replies":[{"embeddable":true,"href":"https:\/\/www.europesays.com\/es\/wp-json\/wp\/v2\/comments?post=260188"}],"version-history":[{"count":0,"href":"https:\/\/www.europesays.com\/es\/wp-json\/wp\/v2\/posts\/260188\/revisions"}],"wp:featuredmedia":[{"embeddable":true,"href":"https:\/\/www.europesays.com\/es\/wp-json\/wp\/v2\/media\/123404"}],"wp:attachment":[{"href":"https:\/\/www.europesays.com\/es\/wp-json\/wp\/v2\/media?parent=260188"}],"wp:term":[{"taxonomy":"category","embeddable":true,"href":"https:\/\/www.europesays.com\/es\/wp-json\/wp\/v2\/categories?post=260188"},{"taxonomy":"post_tag","embeddable":true,"href":"https:\/\/www.europesays.com\/es\/wp-json\/wp\/v2\/tags?post=260188"}],"curies":[{"name":"wp","href":"https:\/\/api.w.org\/{rel}","templated":true}]}}