{"id":260193,"date":"2025-11-28T11:20:21","date_gmt":"2025-11-28T11:20:21","guid":{"rendered":"https:\/\/www.europesays.com\/es\/260193\/"},"modified":"2025-11-28T11:20:21","modified_gmt":"2025-11-28T11:20:21","slug":"laliga-genuine-moeve-abre-su-octava-temporada-apostando-por-la-normalizacion-y-el-compromiso-lider-en-informacion-social","status":"publish","type":"post","link":"https:\/\/www.europesays.com\/es\/260193\/","title":{"rendered":"LaLiga Genuine Moeve abre su octava temporada apostando por la \u201cnormalizaci\u00f3n\u201d y el \u201ccompromiso\u201d | L\u00edder en Informaci\u00f3n Social"},"content":{"rendered":"<p>\n      LaLiga Genuine Moeve ha arrancado su octava temporada, una competici\u00f3n pionera en el deporte inclusivo dirigida a personas con discapacidad intelectual. La primera jornada ha reunido en Tarragona a 50 equipos, 800 jugadores y 200 miembros de cuerpos t\u00e9cnicos, una competici\u00f3n que tanto LaLiga como Moeve ponen en marcha juntos esta temporada desde la \u201cnormalizaci\u00f3n\u201d y el \u201c compromiso\u201d.\n    <\/p>\n<p>As\u00ed lo puso de manifiesto la directora de la Fundaci\u00f3n LaLiga, Olga de la Fuente, en un di\u00e1logo sobre \u2018F\u00fatbol inclusivo\u2019 organizado en Servimedia con el apoyo de Moeve, donde destac\u00f3 la \u201cilusi\u00f3n, deportividad, compa\u00f1erismo\u201d de todos los participantes, no s\u00f3lo en esta primera fase, sino a lo largo de las temporadas que se ha disputado esta competici\u00f3n.<\/p>\n<p>De la Fuente subray\u00f3 que todos esos valores \u201crefuerzan\u201d ese v\u00ednculo que existe entre los jugadores y las jugadoras, las familias, los aficionados, la organizaci\u00f3n, las marcas asociadas y los 150 voluntarios que estuvieron presentes en Tarragona y que aportaron \u00abun plus incre\u00edble\u201d. LaLiga Genuine naci\u00f3 hace ocho a\u00f1os, cuando dos jugadores del N\u00e0stic, Rub\u00e9n y \u00c1lvaro, se desplazaron a Madrid para proponerle al presidente de LaLiga, Javier Tebas, un formato que ha dado la vuelta al mundo.<\/p>\n<p>La competici\u00f3n cuenta con equipos mixtos a partir de los 16 a\u00f1os y se disputa en seis fases. La primera ha tenido lugar en tierras tarraconenses. Como novedad, esta temporada la fase final de junio tendr\u00e1 lugar en la Ciudad del F\u00fatbol de Las Rozas, sede de la Federaci\u00f3n Espa\u00f1ola, donde se concentra y entrena la Selecci\u00f3n nacional. Cada partido se juega en cuatro partes y el equipo que gana suma un punto. Los clubes se reparten en tres grupos, y en cada uno se reconoce a un vencedor deportivo y otro en fair play.<\/p>\n<p>En el di\u00e1logo de Servimedia participaron tambi\u00e9n la &#8216;head of brand &amp; sponsorship&#8217; de Moeve, Teresa Flores, as\u00ed como el director general del Comit\u00e9 Paral\u00edmpico espa\u00f1ol, Paco Bot\u00eda, y el jugador de la Selecci\u00f3n espa\u00f1ola de f\u00fatbol para ciegos \u00c1lvaro G\u00f3mez.<\/p>\n<p>Flores afirm\u00f3 que Moeve lleg\u00f3 al proyecto \u201cen un momento muy dulce\u201d. La marca se uni\u00f3 a LaLiga Genuine en la fase final de la pasada temporada y este curso decidi\u00f3 apostar por ir de la mano de la Fundaci\u00f3n. \u201cLaLiga ha hecho una labor maravillosa. Con el impulso podemos llegar m\u00e1s all\u00e1 con cosas impensables antes, como un sponsor en televisi\u00f3n con Pedri y Celia, que expresaban compartiendo su amor por el f\u00fatbol\u201d, subray\u00f3.<\/p>\n<p><img decoding=\"async\" src=\"https:\/\/www.europesays.com\/es\/wp-content\/uploads\/2025\/11\/A1-1412184083-3.jpg\" alt=\"\"\/><\/p>\n<p>VISIBILIDAD Y NORMALIZACI\u00d3N<\/p>\n<p>\u201cEl mundo es nuestro terreno de juego y creemos que el futuro es mejor si jugamos todos\u201d, continu\u00f3 Teresa Flores que confes\u00f3 que para Moeve esta competici\u00f3n es la \u201cjoya\u201d de esas ligas, sum\u00e1ndose a otras que patrocina como LaLiga F Moeve o LaLiga Futures. \u201cNo quer\u00edamos dejar a nadie fuera\u201d.<\/p>\n<p>Otro de los puntos clave es ese n\u00famero de equipos, entre los que se encuentran los 42 que actualmente militan tanto en LaLiga EA Sports y LaLiga Hypermotion y ocho clubes que, pese a descender a Primera RFEF, han querido seguir en competici\u00f3n tras su salida del f\u00fatbol profesional. Destacan que, al ser un proyecto inclusivo, \u201csiempre hay sitio para ellos\u201d.<\/p>\n<p>Por su parte, Bot\u00eda expres\u00f3 que ver que hay empresas como Moeve que ayudan al deporte inclusivo y que \u201cson capaces de sumar\u201d poniendo su granito de arena \u201chay que celebrarlo\u201d.<\/p>\n<p>De la Fuente afirm\u00f3 que siente a Moeve como \u201cun compa\u00f1ero de viaje\u201d por su \u201c implicaci\u00f3n, el compromiso sincero y real\u201d que est\u00e1 transmitiendo desde que se incorpor\u00f3 hace seis meses. Destac\u00f3 la participaci\u00f3n del f\u00fatbol profesional para normalizar la situaci\u00f3n de las personas con discapacidad intelectual y, pese a que LaLiga se hace cargo de todos los gastos, los equipos est\u00e1n con ese compromiso de dotar equipaciones, campos, horarios y poder entrenar una vez por semana, adem\u00e1s de fomentar el deporte inclusivo compitiendo en su localidad.<\/p>\n<p>\u201cEs muy importante para la discapacidad y el deporte paral\u00edmpico y nuestro pa\u00eds. Los temas de visibilidad son importante\u201d, a\u00f1adi\u00f3 Bot\u00edn. Durante el di\u00e1logo, \u00c1lvaro G\u00f3mez calific\u00f3 de \u201cfundamental\u201d esa ayuda de los clubes de f\u00fatbol, aunque tambi\u00e9n advirti\u00f3 que a\u00fan \u201chay mucho que hacer\u201d.<\/p>\n<p>LaLiga Genuine Moeve traspasa fronteras y en otras competiciones internacionales ya se han fijado en este formato pionero en el mundo con jugadores con discapacidad intelectual. La directora de la Fundaci\u00f3n LaLiga confes\u00f3 que hay organizaciones que han contactado con ellos para saber m\u00e1s sobre el modelo y poder replicarlo en sus respectivos pa\u00edses. \u201cSe quedan muy sorprendidos con la implicaci\u00f3n de los clubes\u201d, destac\u00f3. \u201cEs una competici\u00f3n que ha llegado para quedarse, es el proyecto m\u00e1s querido de LaLiga\u201d.<\/p>\n","protected":false},"excerpt":{"rendered":"LaLiga Genuine Moeve ha arrancado su octava temporada, una competici\u00f3n pionera en el deporte inclusivo dirigida a personas&hellip;\n","protected":false},"author":2,"featured_media":260194,"comment_status":"","ping_status":"","sticky":false,"template":"","format":"standard","meta":{"footnotes":""},"categories":[93],"tags":[65060,168,9521,2379,25,24,288,65056,54186,65057,65059,492,23,167,65058],"class_list":{"0":"post-260193","1":"post","2":"type-post","3":"status-publish","4":"format-standard","5":"has-post-thumbnail","7":"category-deportes","8":"tag-alvaro-gomez","9":"tag-deportes","10":"tag-discamedia","11":"tag-discapacidad","12":"tag-es","13":"tag-espana","14":"tag-laliga","15":"tag-laliga-genuine-moeve","16":"tag-moeve","17":"tag-olga-de-la-fuente","18":"tag-paco-botia","19":"tag-sociedad","20":"tag-spain","21":"tag-sports","22":"tag-teresa-flores"},"share_on_mastodon":{"url":"https:\/\/pubeurope.com\/@es\/115627060677948800","error":""},"_links":{"self":[{"href":"https:\/\/www.europesays.com\/es\/wp-json\/wp\/v2\/posts\/260193","targetHints":{"allow":["GET"]}}],"collection":[{"href":"https:\/\/www.europesays.com\/es\/wp-json\/wp\/v2\/posts"}],"about":[{"href":"https:\/\/www.europesays.com\/es\/wp-json\/wp\/v2\/types\/post"}],"author":[{"embeddable":true,"href":"https:\/\/www.europesays.com\/es\/wp-json\/wp\/v2\/users\/2"}],"replies":[{"embeddable":true,"href":"https:\/\/www.europesays.com\/es\/wp-json\/wp\/v2\/comments?post=260193"}],"version-history":[{"count":0,"href":"https:\/\/www.europesays.com\/es\/wp-json\/wp\/v2\/posts\/260193\/revisions"}],"wp:featuredmedia":[{"embeddable":true,"href":"https:\/\/www.europesays.com\/es\/wp-json\/wp\/v2\/media\/260194"}],"wp:attachment":[{"href":"https:\/\/www.europesays.com\/es\/wp-json\/wp\/v2\/media?parent=260193"}],"wp:term":[{"taxonomy":"category","embeddable":true,"href":"https:\/\/www.europesays.com\/es\/wp-json\/wp\/v2\/categories?post=260193"},{"taxonomy":"post_tag","embeddable":true,"href":"https:\/\/www.europesays.com\/es\/wp-json\/wp\/v2\/tags?post=260193"}],"curies":[{"name":"wp","href":"https:\/\/api.w.org\/{rel}","templated":true}]}}