{"id":260203,"date":"2025-11-28T11:25:10","date_gmt":"2025-11-28T11:25:10","guid":{"rendered":"https:\/\/www.europesays.com\/es\/260203\/"},"modified":"2025-11-28T11:25:10","modified_gmt":"2025-11-28T11:25:10","slug":"trump-suspendera-la-migracion-desde-el-tercer-mundo-dw-28-11-2025","status":"publish","type":"post","link":"https:\/\/www.europesays.com\/es\/260203\/","title":{"rendered":"Trump suspender\u00e1 la migraci\u00f3n desde el \u00abtercer mundo\u00bb \u2013 DW \u2013 28\/11\/2025"},"content":{"rendered":"<p>El presidente de <a class=\"internal-link\" href=\"https:\/\/www.dw.com\/es\/estados-unidos\/t-17411942\" rel=\"nofollow noopener\" target=\"_blank\">Estados Unidos<\/a>, <a class=\"internal-link\" href=\"https:\/\/www.dw.com\/es\/donald-trump\/t-19445010\" rel=\"nofollow noopener\" target=\"_blank\">Donald Trump<\/a>, dijo el jueves (27.11.2025) que detendr\u00eda la inmigraci\u00f3n procedente de los que llam\u00f3 \u00abpa\u00edses del tercer mundo\u00bb, al d\u00eda siguiente de que un afgano disparara presuntamente contra dos guardias nacionales en <a class=\"internal-link\" href=\"https:\/\/www.dw.com\/es\/washington-post\/t-45870699\" rel=\"nofollow noopener\" target=\"_blank\">Washington D. C.<\/a>, una de los cuales muri\u00f3.<\/p>\n<p>\u00abSuspender\u00e9 permanentemente la migraci\u00f3n desde todos los pa\u00edses del tercer mundo para permitir que el sistema estadounidense se recupere por completo\u00bb, escribi\u00f3 el magnate republicano en una publicaci\u00f3n nocturna en su plataforma de redes sociales Truth, usando un t\u00e9rmino obsoleto y ofensivo para las naciones econ\u00f3micamente en desarrollo.<\/p>\n<p>Trump tambi\u00e9n escribi\u00f3 que \u00abeliminar\u00eda a cualquiera que no sea un activo neto para los Estados Unidos\u00bb y \u00abpondr\u00eda fin a todos los beneficios y subsidios federales para los no ciudadanos de nuestro pa\u00eds, desnaturalizar\u00eda a los inmigrantes que socaven la tranquilidad dom\u00e9stica y deportar\u00eda a cualquier extranjero que sea una carga p\u00fablica, un riesgo para la seguridad o no compatible con la civilizaci\u00f3n occidental\u00bb.<\/p>\n<p>Tambi\u00e9n amenaz\u00f3 con revocar \u00abmillones\u00bb de visados concedidos durante el gobierno de su predecesor, <a class=\"internal-link\" href=\"https:\/\/www.dw.com\/es\/joe-biden\/t-62463399\" rel=\"nofollow noopener\" target=\"_blank\">Joe Biden<\/a>. Esto incluir\u00eda el programa de visas especiales para los afganos que hab\u00edan trabajado con Estados Unidos en Afganist\u00e1n antes de que los talibanes regresaran al poder.<\/p>\n<p><img data-format=\"MASTER_LANDSCAPE\" data-id=\"74915502\" data-url=\"https:\/\/static.dw.com\/image\/74915502_${formatId}.jpg\" data-aspect-ratio=\"16\/9\" alt=\"Soldados de la Guardia Nacional de Estados Unidos tras el tiroteo que mat\u00f3 a una de ellos en Washington, DC. (26.11.2025).\" style=\"padding-bottom: 56.25%; height: 0; max-height: 0;\"\/>Un hombre afgano tirote\u00f3 presuntamente a soldados de la Guardia Nacional de Estados Unidos el 26.11.2025, y una mujer soldado falleci\u00f3 por los disparos.Imagen: Nathan Howard\/REUTERS<\/p>\n<p>Se orden\u00f3 una revisi\u00f3n completa tras el ataque en Washington<\/p>\n<p>Su airada publicaci\u00f3n, que terminaba deseando a los estadounidenses un feliz D\u00eda de Acci\u00f3n de Gracias, marca una nueva escalada en las pol\u00edticas antimigratorias de su segundo mandato, caracterizado por una campa\u00f1a de deportaciones masivas.<\/p>\n<p>El presidente estadounidense hab\u00eda anunciado previamente la muerte de Sarah Beckstrom, de 20 a\u00f1os y miembro de la Guardia Nacional de Virginia Occidental, atacada la v\u00edspera en un tiroteo cerca de la Casa Blanca.<\/p>\n<p>El ataque, descrito por las autoridades como una \u00abemboscada\u00bb, se perpetu\u00f3 contra dos soldados de este cuerpo militar, desplegado en Washington y otras ciudades dem\u00f3cratas como parte del controvertido dispositivo de Trump para combatir lo que considera una delincuencia violenta y desenfrenada.<\/p>\n<p>Trump, de hecho, vincul\u00f3 el tiroteo con su decisi\u00f3n de enviar a cientos de efectivos de la Guardia Nacional a la ciudad. \u00abQuiz\u00e1s este hombre estaba molesto porque no pod\u00eda cometer delitos\u00bb, sugiri\u00f3.\u00a0<\/p>\n<p><img data-format=\"MASTER_LANDSCAPE\" data-id=\"74932358\" data-url=\"https:\/\/static.dw.com\/image\/74932358_${formatId}.jpg\" data-aspect-ratio=\"16\/9\" alt=\"El director del FBI, Kash Patel, junto a soldados de la Guardia Nacional de EE. UU. y otras autoridades.\" style=\"padding-bottom: 56.25%; height: 0; max-height: 0;\"\/>El director del FBI, Kash Patel, el d\u00eda del tiroteo a soldados de la Guardia Nacional de EE. UU.Imagen: Celal Gunes\/Anadolu\/picture alliance<\/p>\n<p>Las autoridades identificaron al presunto autor de los disparos como un afgano de 29 a\u00f1os que trabaj\u00f3 con las fuerzas estadounidenses en su pa\u00eds durante la guerra contra los talibanes y se radic\u00f3 en Estados Unidos en 2021, cuando Washington retir\u00f3 a sus tropas de Afganist\u00e1n. El FBI, por su parte, inici\u00f3 una investigaci\u00f3n por terrorismo.<\/p>\n<p>El presidente estadounidense orden\u00f3 una\u00a0\u00a0<a class=\"internal-link\" href=\"https:\/\/www.dw.com\/es\/eeuu-revisar\u00e1-green-cards-de-migrantes-de-19-pa\u00edses\/a-74932914\" rel=\"nofollow noopener\" target=\"_blank\">revisi\u00f3n completa del estatus de residencia permanente de inmigrantes de 19 pa\u00edses<\/a>, a ra\u00edz del ataque a dos miembros de la Guardia Nacional estadounidense\u00a0 en Washington, DC.<\/p>\n<p>Joseph Edlow, director del Servicio de Ciudadan\u00eda e Inmigraci\u00f3n de Estados Unidos (USCIS), dijo en X: \u00abHe ordenado una reexaminaci\u00f3n rigurosa y a gran escala de cada Tarjeta Verde para cada extranjero de cada pa\u00eds de preocupaci\u00f3n\u00bb.<\/p>\n<blockquote class=\"tweet embed\" data-id=\"1994114271844676047\"\/>\n<p>El mi\u00e9rcoles, la administraci\u00f3n Trump ya hab\u00eda detenido el procesamiento de solicitudes de inmigraci\u00f3n procedentes de Afganist\u00e1n tras el tiroteo.<\/p>\n<p>Afganist\u00e1n, Ir\u00e1n, Somalia, Libia, Yemen, Cuba y Venezuela entre los pa\u00edses enumerados<\/p>\n<p>Los 19 pa\u00edses bajo escrutinio fueron nombrados en una proclamaci\u00f3n de junio, que inicialmente hab\u00eda impuesto restricciones de entrada a los nacionales de estados considerados deficientes en los protocolos de detecci\u00f3n y verificaci\u00f3n.<\/p>\n<p>Entre los pa\u00edses enumerados se encuentran Afganist\u00e1n , Ir\u00e1n, Somalia, Libia y Yemen, as\u00ed como Cuba, Venezuela, Chad y Eritrea.<\/p>\n<p>Los cr\u00edticos advierten que la pol\u00edtica corre el riesgo de penalizar a cientos de miles de residentes permanentes legales bas\u00e1ndose \u00fanicamente en la nacionalidad.<\/p>\n<p>A\u00fan no est\u00e1 claro si la revisi\u00f3n resultar\u00e1 en revocaciones o deportaciones. Tampoco est\u00e1 claro c\u00f3mo el anuncio de Trump del jueves podr\u00eda afectar la revisi\u00f3n del USCIS.<\/p>\n<p>Por ahora, la administraci\u00f3n lo presenta como una medida de protecci\u00f3n dirigida a la seguridad nacional a la luz del ataque de DC.<\/p>\n<p>Redadas de inmigraci\u00f3n avivan el miedo en California<video id=\"video-73374796\" controls=\"\" playsinline=\"\" preload=\"none\" poster=\"data:image\/png;base64,iVBORw0KGgoAAAANSUhEUgAAAAEAAAABCAQAAAC1HAwCAAAAC0lEQVR42mNkYAAAAAYAAjCB0C8AAAAASUVORK5CYII=\" data-id=\"73374796\" data-posterurl=\"https:\/\/static.dw.com\/image\/73374253_605.webp\" data-duration=\"04:00\"><\/p>\n<p class=\"vjs-no-js\">To view this video please enable JavaScript, and consider upgrading to a web browser that <a href=\"https:\/\/videojs.com\/html5-video-support\/\" target=\"_blank\" rel=\"nofollow noopener\">supports HTML5 video<\/a><\/p>\n<p><\/video><\/p>\n<p>La ofensiva migratoria de la administraci\u00f3n Trump<\/p>\n<p>El segundo mandato de Trump ha estado marcado por un esfuerzo concertado para frenar la inmigraci\u00f3n.<\/p>\n<p>Miles de personas han sido arrestadas por agentes federales de inmigraci\u00f3n en redadas dirigidas a inmigrantes sin documentaci\u00f3n v\u00e1lida, y aquellos considerados \u00abextranjeros ilegales\u00bb han sido deportados.<\/p>\n<p>Los agentes del Servicio de Inmigraci\u00f3n y Control de Aduanas (ICE) han sido criticados por utilizar t\u00e1cticas de mano dura, con agentes fuertemente armados y vestidos con pasamonta\u00f1as abalanz\u00e1ndose sobre las personas que detienen.<\/p>\n<p>Las medidas han sido duramente criticadas y los grupos de derechos humanos argumentan que las pol\u00edticas de Trump pisotean e ignoran los derechos humanos.<\/p>\n<p>Trump parece no dejarse intimidar y, con sus \u00faltimos comentarios, parece estar redoblando sus esfuerzos en sus pol\u00edticas de inmigraci\u00f3n.<\/p>\n<p>CP (afp, rtr, dpa)<\/p>\n","protected":false},"excerpt":{"rendered":"El presidente de Estados Unidos, Donald Trump, dijo el jueves (27.11.2025) que detendr\u00eda la inmigraci\u00f3n procedente de los&hellip;\n","protected":false},"author":2,"featured_media":260204,"comment_status":"","ping_status":"","sticky":false,"template":"","format":"standard","meta":{"footnotes":""},"categories":[42],"tags":[17,18,13,14,11,61,62,63,64,19,20,9,10,15,16,12,21,22,65,66,67],"class_list":{"0":"post-260203","1":"post","2":"type-post","3":"status-publish","4":"format-standard","5":"has-post-thumbnail","7":"category-internacional","8":"tag-breaking-news","9":"tag-breakingnews","10":"tag-featured-news","11":"tag-featurednews","12":"tag-headlines","13":"tag-internacional","14":"tag-international","15":"tag-international-news","16":"tag-internationalnews","17":"tag-latest-news","18":"tag-latestnews","19":"tag-news","20":"tag-noticias","21":"tag-noticias-destacadas","22":"tag-noticiasdestacadas","23":"tag-titulares","24":"tag-ultimas-noticias","25":"tag-ultimasnoticias","26":"tag-world","27":"tag-world-news","28":"tag-worldnews"},"share_on_mastodon":{"url":"https:\/\/pubeurope.com\/@es\/115627079980276104","error":""},"_links":{"self":[{"href":"https:\/\/www.europesays.com\/es\/wp-json\/wp\/v2\/posts\/260203","targetHints":{"allow":["GET"]}}],"collection":[{"href":"https:\/\/www.europesays.com\/es\/wp-json\/wp\/v2\/posts"}],"about":[{"href":"https:\/\/www.europesays.com\/es\/wp-json\/wp\/v2\/types\/post"}],"author":[{"embeddable":true,"href":"https:\/\/www.europesays.com\/es\/wp-json\/wp\/v2\/users\/2"}],"replies":[{"embeddable":true,"href":"https:\/\/www.europesays.com\/es\/wp-json\/wp\/v2\/comments?post=260203"}],"version-history":[{"count":0,"href":"https:\/\/www.europesays.com\/es\/wp-json\/wp\/v2\/posts\/260203\/revisions"}],"wp:featuredmedia":[{"embeddable":true,"href":"https:\/\/www.europesays.com\/es\/wp-json\/wp\/v2\/media\/260204"}],"wp:attachment":[{"href":"https:\/\/www.europesays.com\/es\/wp-json\/wp\/v2\/media?parent=260203"}],"wp:term":[{"taxonomy":"category","embeddable":true,"href":"https:\/\/www.europesays.com\/es\/wp-json\/wp\/v2\/categories?post=260203"},{"taxonomy":"post_tag","embeddable":true,"href":"https:\/\/www.europesays.com\/es\/wp-json\/wp\/v2\/tags?post=260203"}],"curies":[{"name":"wp","href":"https:\/\/api.w.org\/{rel}","templated":true}]}}