{"id":260209,"date":"2025-11-28T11:35:09","date_gmt":"2025-11-28T11:35:09","guid":{"rendered":"https:\/\/www.europesays.com\/es\/260209\/"},"modified":"2025-11-28T11:35:09","modified_gmt":"2025-11-28T11:35:09","slug":"los-thunder-recuperan-a-jalen-williams","status":"publish","type":"post","link":"https:\/\/www.europesays.com\/es\/260209\/","title":{"rendered":"\u00a1los Thunder recuperan a Jalen Williams!"},"content":{"rendered":"<p data-gtm-element-container=\"modulo-texto-link\" class=\"paragraph\">Por si los <strong>Thunder <\/strong>no eran pocos pari\u00f3 la abuela o algo parecido pueden decir en los c\u00edrculos de la NBA: por si los campeones reinantes, tiranos dominantes con 18-1, no eran ya muchos con su profundidad de plantilla, ahora vuelve <strong>Jalen Williams.\u00a0<\/strong><\/p>\n<p data-gtm-element-container=\"modulo-texto-link\" class=\"paragraph\">J-Dub, segunda espada de Oklahoma tras el MVP <strong>Shai Gilgeous-Alexander,<\/strong> debutar\u00e1 esta pr\u00f3xima madrugada contra los Phoenix Suns seg\u00fan avanz\u00f3 Shams Charania. Williams no hab\u00eda podido debutar a\u00fan esta temporada al haber estado recuper\u00e1ndose de una cirug\u00eda en su  mu\u00f1eca derecha en julio y posterior retirada de un tornillo.\u00a0<\/p>\n<p>            <img loading=\"lazy\" decoding=\"async\" data-full-src=\"https:\/\/www.mundodeportivo.com\/uploads\/2025\/06\/18\/6852438c3a334.jpeg\" alt=\"Horizontal\" width=\"449\" height=\"220\" src=\"https:\/\/www.europesays.com\/es\/wp-content\/uploads\/2025\/11\/6852438c3a334.jpeg\" class=\"lazy\"\/><\/p>\n<p>            \ud83c\udfc0<\/p>\n<p>    El tr\u00edo exterior de los Thunder<br \/>\nDort -Shai &#8211; Williams<\/p>\n<p data-gtm-element-container=\"modulo-texto-link\" class=\"paragraph\">El escolta necesit\u00f3 operarse nada m\u00e1s acabar la pasada temporada despu\u00e9s de haber jugado los playoffs con un<strong> ligamento roto<\/strong>. El segundo de a bordo de Gilgeous-Alexander promedi\u00f3 el pasado curso 21,6 puntos, 5,3 rebotes y 5 asistencias con un 48% en tiros de campo y un 36,5% en triples con un volumen de 5 lanzamientos.\u00a0<\/p>\n<p data-gtm-element-container=\"modulo-texto-link\" class=\"paragraph\">Williams fue el \u00fanico jugador de la NBA junto a <strong>Evan Mobley,<\/strong> de los Cavaliers, en los quintetos ideales y quintetos ideales defensivos de la mejor liga del mundo el pasado curso. En otra estad\u00edstica que dice todo de su impacto, J-Dub anot\u00f3 junto a Shai 1.180 puntos en los pasados playoffs, la cuarta mejor marca de un d\u00fao en una fase por el t\u00edtulo.\u00a0<\/p>\n<p>    Lee tambi\u00e9n<\/p>\n<p data-gtm-element-container=\"modulo-texto-link\" class=\"paragraph\"><strong>Cason Wallace<\/strong> y otro joven emergente como\u00a0<strong>Ajay Mithcell<\/strong> en el quinteto titular en muchas ocasiones e Isaiah Joe desde el banquillo han colaborado para paliar la baja de <strong>Jalen Williams <\/strong>hasta ahora. Tan profundos son estos Thunder que se est\u00e1n paseando por la NBA sin su segundo mejor anotador, un J-Dub que se une a OKC por si los vigentes campeones fueran pocos.\u00a0\u00a0<\/p>\n","protected":false},"excerpt":{"rendered":"Por si los Thunder no eran pocos pari\u00f3 la abuela o algo parecido pueden decir en los c\u00edrculos&hellip;\n","protected":false},"author":2,"featured_media":260210,"comment_status":"","ping_status":"","sticky":false,"template":"","format":"standard","meta":{"footnotes":""},"categories":[269],"tags":[299,298,168,25,24,23,167],"class_list":{"0":"post-260209","1":"post","2":"type-post","3":"status-publish","4":"format-standard","5":"has-post-thumbnail","7":"category-baloncesto","8":"tag-baloncesto","9":"tag-basketball","10":"tag-deportes","11":"tag-es","12":"tag-espana","13":"tag-spain","14":"tag-sports"},"share_on_mastodon":{"url":"https:\/\/pubeurope.com\/@es\/115627119791008134","error":""},"_links":{"self":[{"href":"https:\/\/www.europesays.com\/es\/wp-json\/wp\/v2\/posts\/260209","targetHints":{"allow":["GET"]}}],"collection":[{"href":"https:\/\/www.europesays.com\/es\/wp-json\/wp\/v2\/posts"}],"about":[{"href":"https:\/\/www.europesays.com\/es\/wp-json\/wp\/v2\/types\/post"}],"author":[{"embeddable":true,"href":"https:\/\/www.europesays.com\/es\/wp-json\/wp\/v2\/users\/2"}],"replies":[{"embeddable":true,"href":"https:\/\/www.europesays.com\/es\/wp-json\/wp\/v2\/comments?post=260209"}],"version-history":[{"count":0,"href":"https:\/\/www.europesays.com\/es\/wp-json\/wp\/v2\/posts\/260209\/revisions"}],"wp:featuredmedia":[{"embeddable":true,"href":"https:\/\/www.europesays.com\/es\/wp-json\/wp\/v2\/media\/260210"}],"wp:attachment":[{"href":"https:\/\/www.europesays.com\/es\/wp-json\/wp\/v2\/media?parent=260209"}],"wp:term":[{"taxonomy":"category","embeddable":true,"href":"https:\/\/www.europesays.com\/es\/wp-json\/wp\/v2\/categories?post=260209"},{"taxonomy":"post_tag","embeddable":true,"href":"https:\/\/www.europesays.com\/es\/wp-json\/wp\/v2\/tags?post=260209"}],"curies":[{"name":"wp","href":"https:\/\/api.w.org\/{rel}","templated":true}]}}