{"id":260211,"date":"2025-11-28T11:36:21","date_gmt":"2025-11-28T11:36:21","guid":{"rendered":"https:\/\/www.europesays.com\/es\/260211\/"},"modified":"2025-11-28T11:36:21","modified_gmt":"2025-11-28T11:36:21","slug":"el-primer-mosaico-del-spotify-camp-nou-listo-para-el-barca-alaves","status":"publish","type":"post","link":"https:\/\/www.europesays.com\/es\/260211\/","title":{"rendered":"El primer mosaico del Spotify Camp Nou, listo para el Bar\u00e7a-Alav\u00e9s"},"content":{"rendered":"<p>                        Todo est\u00e1 preparado para conmemorar este s\u00e1bado a las 16.15 horas (Dazn) el 126 aniversario del club azulgrana\n<\/p>\n<p><img src=\"https:\/\/www.mundodeportivo.com\/files\/image_449_220\/files\/fp\/uploads\/2025\/11\/22\/6921ea146f23d.r_d.4251-2768-818.jpeg\" data-full-src=\"https:\/\/www.europesays.com\/es\/wp-content\/uploads\/2025\/11\/6921ea146f23d.jpeg\" alt=\"Horizontal\" width=\"449\" height=\"220\" class=\"nolazy\" decoding=\"async\" fetchpriority=\"high\"\/><\/p>\n<p class=\"caption-title \">El Spotify Camp Nou, minutos antes del Bar\u00e7a-Athletic en el d\u00eda del estren)<\/p>\n<p>Alex Caparros \/ Getty<\/p>\n<p>                <img loading=\"lazy\" decoding=\"async\" width=\"60\" height=\"60\" alt=\"El primer mosaico del Spotify Camp Nou, listo para el Bar\u00e7a-Alav\u00e9s\" title=\"\" src=\"\/files\/image_60_60\/uploads\/2022\/02\/28\/621c0b67d84a6.png\" class=\"lazy\"\/><\/p>\n<p>\n                        Actualizado a  28\/11\/2025 09:15 CET\n                    <\/p>\n<p data-gtm-element-container=\"modulo-texto-link\" class=\"paragraph\">Los aficionados que ha comprado entradas estos d\u00edas para el <strong>Bar\u00e7a-Alav\u00e9s<\/strong> de este s\u00e1bado (16.15 horas, DAZN) a trav\u00e9s de la web del club azulgrana se han encontrado con un reclamo especial: \u00abForma parte del primer mosaico del Estadi\u00bb. Y diferentes videos en las redes sociales confirman que todo est\u00e1 preparado para que el nuevo Spotify Camp Nou viva su segundo &#8216;estreno&#8217; en ocho d\u00edas.<\/p>\n<blockquote class=\"instagram-media\" data-instgrm-captioned=\"\" data-instgrm-version=\"6\" style=\"background: #FFF; border: 0; border-radius: 3px; box-shadow: 0 0 1px 0 rgba(0,&#10;0, 0, 0.5), 0 1px 10px 0 rgba(0, 0, 0, 0.15); margin: 1px; max-width: 658px; padding: 0;&#10;width: 99.375%; width: -webkit-calc(100% - 2px); width: calc(100% - 2px);\">\n<\/blockquote>\n<p data-gtm-element-container=\"modulo-texto-link\" class=\"paragraph\">El primero fue el pasado s\u00e1bado con el primer partido oficial, el <strong>Bar\u00e7a-Athletic (4-0)<\/strong>, un d\u00eda m\u00e1gico para los socios del club azulgrana y muy emotivo que tuvo su colof\u00f3n con una exhibici\u00f3n de luces y fuegos artificiales.<\/p>\n<p>    Lee tambi\u00e9n<\/p>\n<p data-gtm-element-container=\"modulo-texto-link\" class=\"paragraph\">Y este s\u00e1bado se vivir\u00e1 el segundo estreno, el del primer mosaico en el <strong>Spotify Camp Nou<\/strong>, con motivo del 126 aniversario de la fundaci\u00f3n del FC Barcelona. Las cartulinas blaugranas ya est\u00e1n colocadas en los asientos. Falta saber c\u00f3mo ser\u00e1 y su dimensi\u00f3n.<\/p>\n<p>\n        Mostrar comentarios\n    <\/p>\n<p>{\u00aballowComment\u00bb:\u00bballowed\u00bb,\u00bbarticleId\u00bb:\u00bbarticle-1002577370&#8243;,\u00bburl\u00bb:\u00bbhttps:\\\/\\\/www.mundodeportivo.com\\\/futbol\\\/fc-barcelona\\\/20251128\\\/1002577370\\\/primer-mosaico-spotify-camp-nou-listo-barca-alaves.html\u00bb,\u00bblivefyre-url\u00bb:\u00bbarticle-1002577370&#8243;}<\/p>\n<p>Cargando siguiente contenido&#8230;\n                <\/p>\n","protected":false},"excerpt":{"rendered":"Todo est\u00e1 preparado para conmemorar este s\u00e1bado a las 16.15 horas (Dazn) el 126 aniversario del club azulgrana&hellip;\n","protected":false},"author":2,"featured_media":260212,"comment_status":"","ping_status":"","sticky":false,"template":"","format":"standard","meta":{"footnotes":""},"categories":[268],"tags":[168,25,24,280,282,281,23,167],"class_list":{"0":"post-260211","1":"post","2":"type-post","3":"status-publish","4":"format-standard","5":"has-post-thumbnail","7":"category-futbol","8":"tag-deportes","9":"tag-es","10":"tag-espana","11":"tag-football","12":"tag-futbol","13":"tag-soccer","14":"tag-spain","15":"tag-sports"},"share_on_mastodon":{"url":"https:\/\/pubeurope.com\/@es\/115627123871946269","error":""},"_links":{"self":[{"href":"https:\/\/www.europesays.com\/es\/wp-json\/wp\/v2\/posts\/260211","targetHints":{"allow":["GET"]}}],"collection":[{"href":"https:\/\/www.europesays.com\/es\/wp-json\/wp\/v2\/posts"}],"about":[{"href":"https:\/\/www.europesays.com\/es\/wp-json\/wp\/v2\/types\/post"}],"author":[{"embeddable":true,"href":"https:\/\/www.europesays.com\/es\/wp-json\/wp\/v2\/users\/2"}],"replies":[{"embeddable":true,"href":"https:\/\/www.europesays.com\/es\/wp-json\/wp\/v2\/comments?post=260211"}],"version-history":[{"count":0,"href":"https:\/\/www.europesays.com\/es\/wp-json\/wp\/v2\/posts\/260211\/revisions"}],"wp:featuredmedia":[{"embeddable":true,"href":"https:\/\/www.europesays.com\/es\/wp-json\/wp\/v2\/media\/260212"}],"wp:attachment":[{"href":"https:\/\/www.europesays.com\/es\/wp-json\/wp\/v2\/media?parent=260211"}],"wp:term":[{"taxonomy":"category","embeddable":true,"href":"https:\/\/www.europesays.com\/es\/wp-json\/wp\/v2\/categories?post=260211"},{"taxonomy":"post_tag","embeddable":true,"href":"https:\/\/www.europesays.com\/es\/wp-json\/wp\/v2\/tags?post=260211"}],"curies":[{"name":"wp","href":"https:\/\/api.w.org\/{rel}","templated":true}]}}