{"id":260213,"date":"2025-11-28T11:37:09","date_gmt":"2025-11-28T11:37:09","guid":{"rendered":"https:\/\/www.europesays.com\/es\/260213\/"},"modified":"2025-11-28T11:37:09","modified_gmt":"2025-11-28T11:37:09","slug":"jordi-roca-necesita-poco-para-dejar-claro-que-le-ha-parecido-el-discurso-de-wyoming","status":"publish","type":"post","link":"https:\/\/www.europesays.com\/es\/260213\/","title":{"rendered":"Jordi Roca necesita poco para dejar claro qu\u00e9 le ha parecido el discurso de Wyoming"},"content":{"rendered":"<p>El prestigioso cocinero Jordi Roca, conocido por ser el pastelero del restaurante El Celler de Can Roca, ha dejado claro <b>lo que le ha parecido el discurso de Jos\u00e9 Miguel Monz\u00f3n,<\/b> popularmente conocido como El Gran Wyoming,\u00a0<a href=\"https:\/\/www.huffingtonpost.es\/virales\/el-gran-wyoming-recoge-premio-ondas-acuerda-enseguida-fiscal-general-se-legalizado-mentira.html\" rel=\"nofollow noopener\" target=\"_blank\">tras recibir este mi\u00e9rcoles el Premio Ondas a Mejor Comunicador.<\/a><\/p>\n<p>El presentador de El Intermedio defendi\u00f3 el buen periodismo y<b> arremeti\u00f3 contra las mentiras que se difunden a diario<\/b> y que intoxican la informaci\u00f3n en unas palabras que se han visualizado<a href=\"https:\/\/www.huffingtonpost.es\/virales\/evole-utiliza-dos-palabras-mayusculas-describir-potente-discurso-wyoming.html\" rel=\"nofollow noopener\" target=\"_blank\"> cientos de miles de veces en las \u00faltimas horas.<\/a><\/p>\n<p>\u00abLlevo m\u00e1s de 40 a\u00f1os en la televisi\u00f3n y<b> nunca como ahora he visto el sistema democr\u00e1tico tan amenazado.<\/b> Y gran responsabilidad de esto son personas responsables de medios que, bajo el disfraz hip\u00f3crita de la pluralidad y la libertad de expresi\u00f3n, ceden espacio con todo el cinismo del mundo a intoxicadores que ocupan el terreno de la informaci\u00f3n para soltar falsedades y mentiras\u00bb, afirm\u00f3 Wyoming.<\/p>\n<p>El presentador de El Intermedio subray\u00f3 que <b>\u00abellos sueltan que nadie le da clases de periodismo, pero es que son clases de decencia elemental\u00bb<\/b> y mand\u00f3 su apoyo a \u00ablos profesionales de la informaci\u00f3n que est\u00e1n siendo se\u00f1alados desde la impunidad de los cargos p\u00fablicos por el delito de desenmascarar mentiras\u00bb.<\/p>\n<p>Jordi Roca ha reaccionado<b> de forma breve pero muy expl\u00edcita en Instagram<\/b> a ese discurso, con varios emoticonos de aplausos que han sorprendido a muchos de sus seguidores.\u00a0<\/p>\n<p>Wyming tambi\u00e9n aprovech\u00f3 su discurso para <b>acordarse del ya exFiscal Geeral del Estado, \u00c1lvaro Garc\u00eda Ortiz, <\/b>y<a href=\"https:\/\/www.huffingtonpost.es\/politica\/el-presidente-sala-supremo-condeno-garcia-ortiz-participo-curso-acusaciones-concluyo-poner-sentencia.html\" rel=\"nofollow noopener\" target=\"_blank\"> su condena por parte del Tribunal Supremo a dos a\u00f1os de inhabilitaci\u00f3n.<\/a><\/p>\n<p>\u00abLo que hemos escuchado recientemente en la Sala Segunda del Tribunal Supremo, donde se ha ratificado y legalizado la mentira como un arma estrat\u00e9gica. Hemos escuchado decir &#8216;no, yo no soy notario, yo soy periodista&#8230; <b>con lo cual tiene bula para mentir&#8217;.<\/b> No, un periodista deja de serlo cuando miente. Ese no es el cometido y voy un poco m\u00e1s y s\u00ed, un periodista es un notario porque quiero que sea tambi\u00e9n garante de la verdad. Como ciudadano exijo una vez m\u00e1s el derecho constitucional a la informaci\u00f3n veraz\u00bb, subray\u00f3.<\/p>\n","protected":false},"excerpt":{"rendered":"El prestigioso cocinero Jordi Roca, conocido por ser el pastelero del restaurante El Celler de Can Roca, ha&hellip;\n","protected":false},"author":2,"featured_media":260214,"comment_status":"","ping_status":"","sticky":false,"template":"","format":"standard","meta":{"footnotes":""},"categories":[174],"tags":[255,14984,146,147,25,24,256,65061,56939,23],"class_list":{"0":"post-260213","1":"post","2":"type-post","3":"status-publish","4":"format-standard","5":"has-post-thumbnail","7":"category-famosos","8":"tag-celebrities","9":"tag-el-gran-wyoming","10":"tag-entertainment","11":"tag-entretenimiento","12":"tag-es","13":"tag-espana","14":"tag-famosos","15":"tag-jordi-roca","16":"tag-premios-ondas","17":"tag-spain"},"share_on_mastodon":{"url":"https:\/\/pubeurope.com\/@es\/115627127319069326","error":""},"_links":{"self":[{"href":"https:\/\/www.europesays.com\/es\/wp-json\/wp\/v2\/posts\/260213","targetHints":{"allow":["GET"]}}],"collection":[{"href":"https:\/\/www.europesays.com\/es\/wp-json\/wp\/v2\/posts"}],"about":[{"href":"https:\/\/www.europesays.com\/es\/wp-json\/wp\/v2\/types\/post"}],"author":[{"embeddable":true,"href":"https:\/\/www.europesays.com\/es\/wp-json\/wp\/v2\/users\/2"}],"replies":[{"embeddable":true,"href":"https:\/\/www.europesays.com\/es\/wp-json\/wp\/v2\/comments?post=260213"}],"version-history":[{"count":0,"href":"https:\/\/www.europesays.com\/es\/wp-json\/wp\/v2\/posts\/260213\/revisions"}],"wp:featuredmedia":[{"embeddable":true,"href":"https:\/\/www.europesays.com\/es\/wp-json\/wp\/v2\/media\/260214"}],"wp:attachment":[{"href":"https:\/\/www.europesays.com\/es\/wp-json\/wp\/v2\/media?parent=260213"}],"wp:term":[{"taxonomy":"category","embeddable":true,"href":"https:\/\/www.europesays.com\/es\/wp-json\/wp\/v2\/categories?post=260213"},{"taxonomy":"post_tag","embeddable":true,"href":"https:\/\/www.europesays.com\/es\/wp-json\/wp\/v2\/tags?post=260213"}],"curies":[{"name":"wp","href":"https:\/\/api.w.org\/{rel}","templated":true}]}}