{"id":260215,"date":"2025-11-28T11:38:10","date_gmt":"2025-11-28T11:38:10","guid":{"rendered":"https:\/\/www.europesays.com\/es\/260215\/"},"modified":"2025-11-28T11:38:10","modified_gmt":"2025-11-28T11:38:10","slug":"una-auditoria-de-2018-alerto-del-riesgo-del-balcon-del-robo-del-louvre-segun-la-prensa","status":"publish","type":"post","link":"https:\/\/www.europesays.com\/es\/260215\/","title":{"rendered":"Una auditor\u00eda de 2018 alert\u00f3 del riesgo del balc\u00f3n del robo del Louvre, seg\u00fan la prensa"},"content":{"rendered":"<p>Una auditor\u00eda de seguridad del <b>Museo del Louvre <\/b>de 2018 identificaba como <b>un punto vulnerable el balc\u00f3n usado en el robo del 19 de octubre<\/b>, en el que se sustrajeron ocho joyas de un valor patrimonial incalculable que a\u00fan no han sido recuperadas, y hasta mencionaba el posible uso de un montacargas para acceder.<\/p>\n<p>En ese documento, cuyo contenido desvela el diario vespertino &#8216;Le Monde&#8217; en su edici\u00f3n con fecha del mi\u00e9rcoles, la auditor\u00eda la realizaron expertos en seguridad de la firma de joyer\u00eda Van Cleef &amp; Arpels que <b>identificaron \u00abcon gran precisi\u00f3n\u00bb el riesgo que implicaba ese balc\u00f3n ubicado en la fachada del edificio que da al r\u00edo Sena<\/b>.<\/p>\n<p>Coincidencias con su &#8216;modus operandi&#8217;<\/p>\n<p>La Justicia, seg\u00fan &#8216;Le Monde&#8217;, todav\u00eda no ha tenido acceso a este informe, que de haberse filtrado podr\u00eda incluso explicar la estrategia empleada por los ladrones en octubre pasado, dadas las coincidencias con su &#8216;modus operandi&#8217;.<\/p>\n<p><b>La auditor\u00eda de 2018 se realiz\u00f3 en un contexto de inquietud de la polic\u00eda de Par\u00eds y de las grandes firmas de lujo de la capital francesa por el aumento de los robos<\/b>, en especial en la zona centro, que es donde se encuentra el que es el museo m\u00e1s visitado del mundo.<\/p>\n<p>El estudio, que no se hab\u00eda hecho p\u00fablico, alertaba de grandes deficiencias de seguridad del Louvre, que entonces presid\u00eda Jean-Luc Martinez, y el asunto del balc\u00f3n de la Galer\u00eda de Apolo, en concreto, se abordaba en dos p\u00e1ginas con tres esquemas, siempre seg\u00fan Le Monde.<\/p>\n<p>\u00abUno de los mayores puntos vulnerables del establecimiento\u00bb<\/p>\n<p>Los autores de la auditor\u00eda insist\u00edan en el texto en que ese balc\u00f3n que da al Quai Fran\u00e7ois-Mitterrand es \u00abuno de los mayores puntos vulnerables del establecimiento\u00bb y en la facilidad de acceso desde el suelo. De hecho, barajaban el posible uso de un montacargas.<\/p>\n<p>Tambi\u00e9n advert\u00edan que las c\u00e1maras de seguridad no cubr\u00edan completamente ese punto.<\/p>\n<p>Adem\u00e1s, de acuerdo con las informaciones del peri\u00f3dico, <b>un a\u00f1o antes Martinez hab\u00eda recibido ya otro informe de riesgos elaborado por el Instituto Nacional de Altos Estudios de Seguridad y Justicia de Par\u00eds, pero la direcci\u00f3n del museo consider\u00f3 sus conclusiones demasiado alarmistas y generales<\/b>, por lo que qued\u00f3 a la espera de recibir recomendaciones m\u00e1s precisas.<\/p>\n<p>Evaluaci\u00f3n desconocida<\/p>\n<p>La firma Van Cleef &amp; Arpels, sin desmentir la existencia de ese informe de 2018, rechaz\u00f3 hacer comentarios a &#8216;Le Monde&#8217;, mientras que la direcci\u00f3n del Louvre, liderada desde 2021 por Laurence des Cars, se\u00f1al\u00f3 que esa evaluaci\u00f3n solo ha salido a la luz despu\u00e9s de que la nueva presidenta, tras el robo, pidiera todos los documentos sobre la Galer\u00eda de Apolo de los \u00faltimos 25 a\u00f1os.<\/p>\n<p>\u00abEstos documentos no se hab\u00edan comunicado durante el cambio de direcci\u00f3n, en el oto\u00f1o de 2021\u00bb, asever\u00f3 el museo a &#8216;Le Monde&#8217;, adem\u00e1s de indicar que la auditor\u00eda se ha \u00abremitido a la Inspecci\u00f3n General de Asuntos Culturales para que se incorpore a las investigaciones en curso\u00bb.<\/p>\n<p>Estas informaciones se conocieron poco despu\u00e9s de que la Fiscal\u00eda diera a conocer este martes cuatro nuevas detenciones en el marco de las investigaciones por el robo.<\/p>\n<p>Dos hombres y dos mujeres<\/p>\n<p><b>Los detalles sobre sus identidades, m\u00e1s all\u00e1 de que se trata de dos hombres y dos mujeres que fueron arrestados en la regi\u00f3n de Par\u00eds, y los cargos de los que se los acusa se mantienen confidenciales<\/b>.<\/p>\n<p>De acuerdo a los datos filtrados por la prensa, sin embargo, uno de los hombres ser\u00eda el cuarto y \u00faltimo integrante del comando que perpetr\u00f3 &#8216;in situ&#8217; el robo en la ma\u00f1ana del 19 de octubre, que fue una operaci\u00f3n rel\u00e1mpago acometida en apenas 7 minutos.<\/p>\n<p>Los otros tres ya hab\u00edan sido detenidos en las \u00faltimas semanas y tambi\u00e9n hay por el momento imputada una mujer m\u00e1s, acusada de complicidad.<\/p>\n","protected":false},"excerpt":{"rendered":"Una auditor\u00eda de seguridad del Museo del Louvre de 2018 identificaba como un punto vulnerable el balc\u00f3n usado&hellip;\n","protected":false},"author":2,"featured_media":260216,"comment_status":"","ping_status":"","sticky":false,"template":"","format":"standard","meta":{"footnotes":""},"categories":[173],"tags":[229,233,231,230,232,234,146,147,25,24,23],"class_list":{"0":"post-260215","1":"post","2":"type-post","3":"status-publish","4":"format-standard","5":"has-post-thumbnail","7":"category-arte-y-diseno","8":"tag-arte","9":"tag-arte-y-diseno","10":"tag-arts","11":"tag-arts-and-design","12":"tag-design","13":"tag-diseno","14":"tag-entertainment","15":"tag-entretenimiento","16":"tag-es","17":"tag-espana","18":"tag-spain"},"share_on_mastodon":{"url":"https:\/\/pubeurope.com\/@es\/115627131104532934","error":""},"_links":{"self":[{"href":"https:\/\/www.europesays.com\/es\/wp-json\/wp\/v2\/posts\/260215","targetHints":{"allow":["GET"]}}],"collection":[{"href":"https:\/\/www.europesays.com\/es\/wp-json\/wp\/v2\/posts"}],"about":[{"href":"https:\/\/www.europesays.com\/es\/wp-json\/wp\/v2\/types\/post"}],"author":[{"embeddable":true,"href":"https:\/\/www.europesays.com\/es\/wp-json\/wp\/v2\/users\/2"}],"replies":[{"embeddable":true,"href":"https:\/\/www.europesays.com\/es\/wp-json\/wp\/v2\/comments?post=260215"}],"version-history":[{"count":0,"href":"https:\/\/www.europesays.com\/es\/wp-json\/wp\/v2\/posts\/260215\/revisions"}],"wp:featuredmedia":[{"embeddable":true,"href":"https:\/\/www.europesays.com\/es\/wp-json\/wp\/v2\/media\/260216"}],"wp:attachment":[{"href":"https:\/\/www.europesays.com\/es\/wp-json\/wp\/v2\/media?parent=260215"}],"wp:term":[{"taxonomy":"category","embeddable":true,"href":"https:\/\/www.europesays.com\/es\/wp-json\/wp\/v2\/categories?post=260215"},{"taxonomy":"post_tag","embeddable":true,"href":"https:\/\/www.europesays.com\/es\/wp-json\/wp\/v2\/tags?post=260215"}],"curies":[{"name":"wp","href":"https:\/\/api.w.org\/{rel}","templated":true}]}}