{"id":260219,"date":"2025-11-28T11:41:21","date_gmt":"2025-11-28T11:41:21","guid":{"rendered":"https:\/\/www.europesays.com\/es\/260219\/"},"modified":"2025-11-28T11:41:21","modified_gmt":"2025-11-28T11:41:21","slug":"w-radio-y-caracol-podrian-fusionarse-en-el-futuro","status":"publish","type":"post","link":"https:\/\/www.europesays.com\/es\/260219\/","title":{"rendered":"W Radio y Caracol podr\u00edan fusionarse en el futuro"},"content":{"rendered":"<p>Los medios de comunicaci\u00f3n en Colombia, especialmente los radiales, <strong>vienen haciendo cambios en sus parrillas de programaci\u00f3n, reorganizando frecuencias y buscando nuevas sinergias<\/strong>, de cara a las nuevas audiencias y los retos econ\u00f3micos.<\/p>\n<p>Hace pocos meses, <a href=\"https:\/\/www.valoraanalitik.com\/viene-revolcon-en-rcn-radio-la-fm-y-alianza-con-rcn-tv\/\" rel=\"nofollow noopener\" target=\"_blank\">Valora Analitik anticip\u00f3 que desde los medios de la Organizaci\u00f3n Ardila L\u00fclle <\/a>se har\u00eda un ajuste en la programaci\u00f3n, que dej\u00f3 como resultado la fusi\u00f3n entre La FM y la cadena b\u00e1sica, en lo que hoy es una sola frecuencia, entre otros cambios.<\/p>\n<p>Ahora el turno fue para <strong>el Grupo Prisa, que tendr\u00e1 su propio \u201crevolc\u00f3n\u201d, que podr\u00eda involucrar a dos de las emisoras de mayor audiencia en el pa\u00eds.<\/strong> Se trata de W Radio y la cadena b\u00e1sica de Caracol, que tendr\u00edan planes de fusionarse en una sola oferta informativa.<\/p>\n<p>Una de las movidas que har\u00eda parte de esta operaci\u00f3n ser\u00eda una integraci\u00f3n de las redacciones de cara a una nueva propuesta informativa, que tambi\u00e9n incluir\u00eda una nueva parrilla de programaci\u00f3n.<\/p>\n<p>Sin embargo, aunque <strong>esta idea se ha estado mencionando al interior de las empresas del grupo es un plan que, de materializarse, se dar\u00eda en largo plazo.<\/strong><\/p>\n<p><strong>Relacionado:<\/strong> <a href=\"https:\/\/www.valoraanalitik.com\/grupo-prisa-buscara-dividir-sus-negocios-en-latinoamerica\/\" rel=\"nofollow noopener\" target=\"_blank\">Grupo Prisa, due\u00f1o de Caracol Radio, W Radio y El Pa\u00eds, buscar\u00e1 dividir sus negocios\u00a0en\u00a0A.\u00a0Latina<\/a><\/p>\n<p><img loading=\"lazy\" decoding=\"async\" width=\"1024\" height=\"536\" src=\"data:image\/svg+xml,%3Csvg%20xmlns=\" http:=\"\" alt=\"Logo de Caracol Radio. Foto: Valora Analitik\" class=\"wp-image-100297\" title=\"Grupo Prisa tendr\u00e1 su propio revolc\u00f3n en la radio en Colombia: W Radio y Caracol podr\u00edan fusionarse en el futuro\" data-lazy- data-lazy- data-lazy-src=\"https:\/\/www.europesays.com\/es\/wp-content\/uploads\/2025\/11\/Caracol-Radio-Grupo-Prisa-1024x536.jpg\"\/>Logo de Caracol Radio y Prisa Media. Foto: Cortes\u00eda. <\/p>\n<p>Despidos masivos en Prisa Media en Colombia<\/p>\n<p>Como parte de este ajuste que se ver\u00eda en Caracol Radio y de W Radio, que en la m\u00e1s reciente Encuesta de L\u00edderes de Opini\u00f3n de Cifras y Conceptos fueron los dos medios radiales m\u00e1s consultados, hay despidos masivos que involucran a productores y periodistas.<strong> Seg\u00fan pudo comprobar Valora Analitik, algunos ya fueron anunciados.<\/strong><\/p>\n<p>Entre los periodistas que saldr\u00e1n de estas emisoras se destaca <strong>Alfonso Ospina, quien ven\u00eda siendo el director de noticias de Caracol Radio; adem\u00e1s de Paula Bol\u00edvar, actual directora de W Fin de Semana <\/strong>y reconocida por los Premios Sim\u00f3n Bol\u00edvar como periodista del a\u00f1o.<\/p>\n<p>Tambi\u00e9n dejaron sus cargos periodistas reconocidos de estas emisoras como <strong>Juan Manuel Dur\u00e1n, Laura Palomino, entre otros reporteros que cubr\u00edan las \u00e1reas digitales y la redacci\u00f3n de la cadena b\u00e1sica.<\/strong><\/p>\n<p>En la producci\u00f3n de estas emisoras, tambi\u00e9n se cuentan por lo menos cuatro despidos, que fueron notificados este mismo mi\u00e9rcoles.<\/p>\n<p><a href=\"https:\/\/valtk.co\/e8e24\" target=\"_blank\" rel=\"nofollow noopener\"><br \/>\n<img loading=\"lazy\" width=\"370\" height=\"60\" src=\"data:image\/svg+xml,%3Csvg%20xmlns=\" http:=\"\" alt=\"S\u00edguenos en nuestro canal de noticias de WhatsApp - ValoraAnalitik.com\" title=\"S\u00edguenos en nuestro canal de noticias de WhatsApp - ValoraAnalitik.com\" decoding=\"async\" style=\"border-radius: 10px;\" data-lazy-src=\"https:\/\/www.europesays.com\/es\/wp-content\/uploads\/2025\/08\/Whatsapp-inarticle-valora.png\"\/><br \/>\n<\/a><\/p>\n<p><a href=\"https:\/\/www.valoraanalitik.com\" rel=\"nofollow noopener\" target=\"_blank\">Inicio<\/a> &#8211; <a href=\"https:\/\/www.valoraanalitik.com\/noticias-empresariales\/\" rel=\"nofollow noopener\" target=\"_blank\">Noticias empresariales<\/a> &#8211; Grupo Prisa tendr\u00e1 su propio revolc\u00f3n en la radio en Colombia: W Radio y Caracol podr\u00edan fusionarse en el futuro<\/p>\n","protected":false},"excerpt":{"rendered":"Los medios de comunicaci\u00f3n en Colombia, especialmente los radiales, vienen haciendo cambios en sus parrillas de programaci\u00f3n, reorganizando&hellip;\n","protected":false},"author":2,"featured_media":260220,"comment_status":"","ping_status":"","sticky":false,"template":"","format":"standard","meta":{"footnotes":""},"categories":[170],"tags":[146,147,25,24,184,185,23],"class_list":{"0":"post-260219","1":"post","2":"type-post","3":"status-publish","4":"format-standard","5":"has-post-thumbnail","7":"category-musica","8":"tag-entertainment","9":"tag-entretenimiento","10":"tag-es","11":"tag-espana","12":"tag-music","13":"tag-musica","14":"tag-spain"},"share_on_mastodon":{"url":"https:\/\/pubeurope.com\/@es\/115627143286878553","error":""},"_links":{"self":[{"href":"https:\/\/www.europesays.com\/es\/wp-json\/wp\/v2\/posts\/260219","targetHints":{"allow":["GET"]}}],"collection":[{"href":"https:\/\/www.europesays.com\/es\/wp-json\/wp\/v2\/posts"}],"about":[{"href":"https:\/\/www.europesays.com\/es\/wp-json\/wp\/v2\/types\/post"}],"author":[{"embeddable":true,"href":"https:\/\/www.europesays.com\/es\/wp-json\/wp\/v2\/users\/2"}],"replies":[{"embeddable":true,"href":"https:\/\/www.europesays.com\/es\/wp-json\/wp\/v2\/comments?post=260219"}],"version-history":[{"count":0,"href":"https:\/\/www.europesays.com\/es\/wp-json\/wp\/v2\/posts\/260219\/revisions"}],"wp:featuredmedia":[{"embeddable":true,"href":"https:\/\/www.europesays.com\/es\/wp-json\/wp\/v2\/media\/260220"}],"wp:attachment":[{"href":"https:\/\/www.europesays.com\/es\/wp-json\/wp\/v2\/media?parent=260219"}],"wp:term":[{"taxonomy":"category","embeddable":true,"href":"https:\/\/www.europesays.com\/es\/wp-json\/wp\/v2\/categories?post=260219"},{"taxonomy":"post_tag","embeddable":true,"href":"https:\/\/www.europesays.com\/es\/wp-json\/wp\/v2\/tags?post=260219"}],"curies":[{"name":"wp","href":"https:\/\/api.w.org\/{rel}","templated":true}]}}