{"id":260222,"date":"2025-11-28T11:43:14","date_gmt":"2025-11-28T11:43:14","guid":{"rendered":"https:\/\/www.europesays.com\/es\/260222\/"},"modified":"2025-11-28T11:43:14","modified_gmt":"2025-11-28T11:43:14","slug":"no-tengo-prisa-quiero-seguir-disfrutando-de-lo-que-hago-fernando-9-torres","status":"publish","type":"post","link":"https:\/\/www.europesays.com\/es\/260222\/","title":{"rendered":"No tengo prisa, quiero seguir disfrutando de lo que hago &#8211; Fernando 9 Torres"},"content":{"rendered":"<ol>\n<li><a href=\"https:\/\/news.google.com\/rss\/articles\/CBMivgFBVV95cUxQZ1hrbHREUWRNbUpPNXFvWUd0MERvNTRoNVVjX2c0Y1Vya1VsVWNtUVZoNUxMOEFwdU1PNzRTU0hnbnhYbFdabDdXcDZRZlJDeUx2NFc2VTBzNUpzcVRWWTl0ZTl6Z2w4RU9VN0JpRHdoaWJoOVAxMHR6Z1RjV0xRaElsSlRNT2hieXNvbHlaX3BEQ1VBSzg1dl9sR1gzWklxTGlPT0NtZEdxM2IwLU91aWp6NlFydmJRbWFzZnFn?oc=5\" target=\"_blank\" rel=\"nofollow noopener\">No tengo prisa, quiero seguir disfrutando de lo que hago<\/a>&nbsp;&nbsp;Fernando 9 Torres<\/li>\n<li><a href=\"https:\/\/news.google.com\/rss\/articles\/CBMihgFBVV95cUxQMTlRZjVxZGhISUxaaXozb0Y4bzMwT2VWa2pxRzRaMVFmNVZrWGdiQTBjdlpQN1hVbEFJSFBRdDVoTW5KM19BbC1LeVA1eUtFSVlXSUlvcmxDd2VjTHdWd2JCbnE2aUE0Sy1fb0lsdTRVMTBBTVd5MGdkWWQ3ODA2U3ppT3VmQQ?oc=5\" target=\"_blank\" rel=\"nofollow noopener\">Fernando Torres: \u201cMi referente es Kloop\u201d<\/a>&nbsp;&nbsp;Diario AS<\/li>\n<li><a href=\"https:\/\/news.google.com\/rss\/articles\/CBMi1wFBVV95cUxNOWM0WGNFZm5tVm5WYk9qM19IMXRKN3BLQ0tHQ1JtYnZmaE0yLU10ZmtNM25JWnJHN1VLaE4tNFJ1emZ1anBEY2RBc3k3NmVEeURGZkFmU19OQ3JiR2hOZWJxSHhUZ2JIVEtSVnNJcUhST0ZGUUswM1B2bUw5ejU4c0w0anFDdnVHYkpUT3FYTk9xRXJNMFl6WVd6YmkyZWtaanlCb1FHTGgyV0Z0Nmg1NU92QTVJWEw4RDc4VW90TFczd3p6YS1DSjlPekM1NE9oaEFlamI0UdIB1wFBVV95cUxNWmd2a1IzeTA5RmFBNDZwUUN3VFVJWmVrY1p3UU1QbFBVeElwT2RVSjR5emJmT0dUOVF3eUp4WTNjUWxPb2VpOWphdHVWLVY3UTE0RS1YTmhMUUJyQ200WUxBeDZEZld5Y3B5NTVfQ0ctWUFtLTdEYjRMS0JkTVRZVlA3SEdndHRpc2p4YU9SWUJFMmgwUXdHUXd1aERBWS1uOENkMk9kWFpkTmVmbW9hM2thWktVUWxqYzItMDVHMWRodHdnWFc5ZHF5MG9tdVZxanQ4TFFBYw?oc=5\" target=\"_blank\" rel=\"nofollow noopener\">Fernando Torres, un entrenador l\u00edder, sue\u00f1a con dirigir alg\u00fan d\u00eda al Atl\u00e9tico: \u00abTengo muchas cosas de Simeone\u00bb<\/a>&nbsp;&nbsp;MARCA<\/li>\n<li><a href=\"https:\/\/news.google.com\/rss\/articles\/CBMiuAJBVV95cUxQUTJFcFBoNEV4M09zRVZ5X0ozb1QwRWU1bXVhZ01VN3kxdENxa3FsRkZVREtNRlE5U0M2Sm1qUWplX0lJcTZjOTRyZ1IyUWN4eDRseHVMUnU5SGlLRjN1aHA4OVFzX0FSemR6eFlhdlRhSUpSVzZsQVJNanVXZGhXSHhmSVJldFNUN3YwUmUwMXZqVlU2amlRdHlxTjRweFdOQkpvVWI0cGk0NHRNME9zX2Y3dFJoUUZRcVZ6V1dsVVlZeXIzX05IdGNuY3E1TmplZDZPYVA4U2VnMlFGOW9QcGVLNVBxRXNoRzBKSFZaMGhhOVI4X2NoOHpWLXEtZDk3UFN1SkZtSUVIaUdTYzktdmNtZkR5bHRQbUhOd3BsNjVQYV8xb2V3dndVSGJfRGJkTVRwZk5QT0vSAbgCQVVfeXFMTlZpMlV2Q2lwZkVKV21rSlBtOURuWEhNdUEyWWpSVzFFYkNQcVgwZ3NOY1RhTDZOdC1sRWFSVllyR0pSRzBXYjZFNk1YMEY1WGR5ODB0Nl9xQWk3Y3lRUmlJY1d3YWNjR2g5VXo5SldTdUxIb3JlLXliZ3pKSTNTZXNVZnN0WDNTaWVDZnFnblRjNUNBcEI2aFJRNGlac1pWajBjaXJNaUlJR19taDZHN1ZOYXFsRFh0eENwLWRFN3hRWkZ0X2hiaXg5SDJ3TE9qYTlGeE5GUzZXRjJocEVlUVBmYUdfcXRUN2FPNzRHVjFvUW9MUlllVlRFdnZ1c2hqODZ3LUhIRFU0NW5KVGxtRmlYN3h1U040dF9icUh3NmtadVlHc1NEZERZRXpvenFKbk1WMmFGZ014?oc=5\" target=\"_blank\" rel=\"nofollow noopener\">Edu Garc\u00eda sobre el futuro como entrador de Fernando Torres: \u00abSi tiene la mitad de opciones que de ganas\u2026 el<\/a>&nbsp;&nbsp;Onda Cero<\/li>\n<li><a href=\"https:\/\/news.google.com\/rss\/articles\/CBMiwAFBVV95cUxNM0ZNNDc2WXpHNXpTX3U3RUthVVpoQnFFVF93YS1uWHZfMzNFTF9DX1FuS1NNX0ZlRi1kVWpFblZwZG9FSGE1OTItT2RXSzBBYmVvRUhROFM3SWZuS2k2QVE1Q0s3VVZSQlVOblNNdldHcGItTXZQNTZRb1l6dGJmWEdmbExCTWcyLVhkUVAyRDBaVGt4T25vMVI0dXoyTzh6Y0swZEhQT0Z6bFFmUWNGWkhiTVBDV0dYRFBVemNiUC3SAc4BQVVfeXFMTUg5bmF1dm1fVVdkcndQemxvSGo4ckIyY093MFhJQ2lISHJzb1hlX0d0LVBHQk1LS00tU3JQOXlGV0hwNzZNeE85SFRvWWRxeGFmbXptM3R3bFVPTEhXMy1NWFAtTF9Ma0ZUUGNJTnpKY2QtYmZjUU1GaUxvMTlUak05elVqWlY5aDVQQkctbEZCbHR2Q2pfVFJOb21RSXFuZHhaVlk3U0Y4ZWlOdE5TT09qYllyV2ZvbDhPOXpzb3o2Z1hRYjZIR3Y5Z2NfVnc?oc=5\" target=\"_blank\" rel=\"nofollow noopener\">\u00abKlopp es mi referente y los atl\u00e9ticos estamos felices con Simeone\u00bb<\/a>&nbsp;&nbsp;Mundo Deportivo<\/li>\n<\/ol>\n","protected":false},"excerpt":{"rendered":"No tengo prisa, quiero seguir disfrutando de lo que hago&nbsp;&nbsp;Fernando 9 Torres Fernando Torres: \u201cMi referente es Kloop\u201d&nbsp;&nbsp;Diario&hellip;\n","protected":false},"author":2,"featured_media":260223,"comment_status":"","ping_status":"","sticky":false,"template":"","format":"standard","meta":{"footnotes":""},"categories":[93],"tags":[168,25,24,23,167],"class_list":{"0":"post-260222","1":"post","2":"type-post","3":"status-publish","4":"format-standard","5":"has-post-thumbnail","7":"category-deportes","8":"tag-deportes","9":"tag-es","10":"tag-espana","11":"tag-spain","12":"tag-sports"},"share_on_mastodon":{"url":"https:\/\/pubeurope.com\/@es\/115627150868842963","error":""},"_links":{"self":[{"href":"https:\/\/www.europesays.com\/es\/wp-json\/wp\/v2\/posts\/260222","targetHints":{"allow":["GET"]}}],"collection":[{"href":"https:\/\/www.europesays.com\/es\/wp-json\/wp\/v2\/posts"}],"about":[{"href":"https:\/\/www.europesays.com\/es\/wp-json\/wp\/v2\/types\/post"}],"author":[{"embeddable":true,"href":"https:\/\/www.europesays.com\/es\/wp-json\/wp\/v2\/users\/2"}],"replies":[{"embeddable":true,"href":"https:\/\/www.europesays.com\/es\/wp-json\/wp\/v2\/comments?post=260222"}],"version-history":[{"count":0,"href":"https:\/\/www.europesays.com\/es\/wp-json\/wp\/v2\/posts\/260222\/revisions"}],"wp:featuredmedia":[{"embeddable":true,"href":"https:\/\/www.europesays.com\/es\/wp-json\/wp\/v2\/media\/260223"}],"wp:attachment":[{"href":"https:\/\/www.europesays.com\/es\/wp-json\/wp\/v2\/media?parent=260222"}],"wp:term":[{"taxonomy":"category","embeddable":true,"href":"https:\/\/www.europesays.com\/es\/wp-json\/wp\/v2\/categories?post=260222"},{"taxonomy":"post_tag","embeddable":true,"href":"https:\/\/www.europesays.com\/es\/wp-json\/wp\/v2\/tags?post=260222"}],"curies":[{"name":"wp","href":"https:\/\/api.w.org\/{rel}","templated":true}]}}