{"id":260224,"date":"2025-11-28T11:44:13","date_gmt":"2025-11-28T11:44:13","guid":{"rendered":"https:\/\/www.europesays.com\/es\/260224\/"},"modified":"2025-11-28T11:44:13","modified_gmt":"2025-11-28T11:44:13","slug":"un-estudio-describe-un-mecanismo-molecular-clave-en-la-comunicacion-celular","status":"publish","type":"post","link":"https:\/\/www.europesays.com\/es\/260224\/","title":{"rendered":"Un estudio describe un mecanismo molecular \u00abclave\u00bb en la comunicaci\u00f3n celular"},"content":{"rendered":"<p><img id=\"fotoPrincipalNoticia\" src=\"https:\/\/www.europesays.com\/es\/wp-content\/uploads\/2025\/11\/fotonoticia_20251128121514_690.jpg\" loading=\"eager\" decoding=\"async\" style=\"view-transition-name: fechor_20251128121514;\" border=\"0\" alt=\"Albert Lu junto al investigador y profesor de la UB Carles Enrich, que tambi\u00e9n ha participado en el estudio.\" fetchpriority=\"high\" title=\"Un estudio describe un mecanismo molecular &quot;clave&quot; en la comunicaci\u00f3n celular\" width=\"690\" height=\"434\" itemprop=\"image\"\/><\/p>\n<p>Albert Lu junto al investigador y profesor de la UB Carles Enrich, que tambi\u00e9n ha participado en el estudio. &#8211; UB<\/p>\n<p>   BARCELONA, 28 Nov. (EUROPA PRESS) &#8211; <\/p>\n<p>   Un estudio liderado por la Universitat de Barcelona (UB) ha descrito un mecanismo molecular \u00abclave\u00bb que explica c\u00f3mo las c\u00e9lulas intercambian informaci\u00f3n por medio de ves\u00edculas extracelulares (EV), unas peque\u00f1as mol\u00e9culas con gran potencial terap\u00e9utico.<\/p>\n<p>   Los resultados, publicados en la revista &#8216;Journal of Extracellular Vesicles&#8217;, revelan que el complejo de prote\u00ednas Commander, hasta ahora conocido por su papel en el reciclaje de membranas, tambi\u00e9n coordina la entrada y la destinaci\u00f3n interna de las ves\u00edculas dentro de la c\u00e9lula, informa la UB en un comunicado de este viernes.<\/p>\n<p>   El col\u00edder del estudio y profesor de la UB, Albert Lu, ha explicado que comprender c\u00f3mo las c\u00e9lulas receptoras captan y procesan las ves\u00edculas extracelulares es \u00abesencial\u00bb para comprender c\u00f3mo se comunica el organismo a escala molecular.<\/p>\n<p>   \u00abAdem\u00e1s, este conocimiento es clave para aprovechar el potencial terap\u00e9utico y diagn\u00f3stico de estas ves\u00edculas, ya que su eficacia depende de si se pueden dirigir y hacer que sean captadas por las c\u00e9lulas diana adecuadas\u00bb, ha a\u00f1adido.<\/p>\n<p>CRISPR<\/p>\n<p>   Las ves\u00edculas extracelulares (EV) son nanopart\u00edculas secretadas por todas las c\u00e9lulas que act\u00faan como mensajeros biol\u00f3gicos: transportan prote\u00ednas, l\u00edpidos y \u00e1cidos nucleicos.<\/p>\n<p>   Para identificar los mecanismos moleculares que dirigen su captaci\u00f3n e internalizaci\u00f3n a la c\u00e9lula, los equipos han utilizado una aproximaci\u00f3n metodol\u00f3gica \u00abinnovadora\u00bb, consistente en aplicar un cribado gen\u00f3mico masivo basado en la tecnolog\u00eda Crispr-Cas9.<\/p>\n<p>   La herramienta permite desactivar uno por uno cada uno de los m\u00e1s de 20.000 genes humanos de una poblaci\u00f3n celular para analizar cu\u00e1l es su papel en un determinado proceso.<\/p>\n<p>   Los investigadores modificaron gen\u00e9ticamente las c\u00e9lulas para que cada grupo tuviese desactivado un gen distinto y expusieron las c\u00e9lulas a EV marcadas con un colorante fluorescente, tras lo que, mediante citometr\u00eda de flujo, se midieron qu\u00e9 c\u00e9lulas captaban m\u00e1s o menos ves\u00edculas.<\/p>\n<p>   Entonces se utiliz\u00f3 la t\u00e9cnica de &#8216;fluorescence activated cell sorting&#8217; (FACS) para separar las c\u00e9lulas con m\u00e1s o menos capacidad de captaci\u00f3n para, posteriormente, identificar los genes desactivados en cada uno de los grupos mediante secuenciaci\u00f3n masiva.<\/p>\n<p>RESULTADOS<\/p>\n<p>   Los resultados indican que el complejo de reciclaje endosomal Commander, formado por varias prote\u00ednas, act\u00faa como un \u00abregulador fundamental\u00bb y general de la captaci\u00f3n de ves\u00edculas.<\/p>\n<p>   Que el estudio se haya llevado en distintas l\u00edneas celulares humanas sugiere que el mecanismo \u00abes conservado y potencialmente universal\u00bb, aunque su actividad podr\u00eda varias seg\u00fan el tipo celular o el contexto fisiol\u00f3gico.<\/p>\n<p>    La comprensi\u00f3n de este proceso tiene \u00abimplicaciones terap\u00e9uticas importantes\u00bb, ya que la capacidad de estas ves\u00edculas de atravesar membranas y llegar a tejidos espec\u00edficos los convierte en potenciales veh\u00edculos naturales para transportar f\u00e1rmacos o mol\u00e9culas terap\u00e9uticas.<\/p>\n","protected":false},"excerpt":{"rendered":"Albert Lu junto al investigador y profesor de la UB Carles Enrich, que tambi\u00e9n ha participado en el&hellip;\n","protected":false},"author":2,"featured_media":260225,"comment_status":"","ping_status":"","sticky":false,"template":"","format":"standard","meta":{"footnotes":""},"categories":[92],"tags":[25,24,165,166,23],"class_list":{"0":"post-260224","1":"post","2":"type-post","3":"status-publish","4":"format-standard","5":"has-post-thumbnail","7":"category-salud","8":"tag-es","9":"tag-espana","10":"tag-health","11":"tag-salud","12":"tag-spain"},"share_on_mastodon":{"url":"https:\/\/pubeurope.com\/@es\/115627156127597970","error":""},"_links":{"self":[{"href":"https:\/\/www.europesays.com\/es\/wp-json\/wp\/v2\/posts\/260224","targetHints":{"allow":["GET"]}}],"collection":[{"href":"https:\/\/www.europesays.com\/es\/wp-json\/wp\/v2\/posts"}],"about":[{"href":"https:\/\/www.europesays.com\/es\/wp-json\/wp\/v2\/types\/post"}],"author":[{"embeddable":true,"href":"https:\/\/www.europesays.com\/es\/wp-json\/wp\/v2\/users\/2"}],"replies":[{"embeddable":true,"href":"https:\/\/www.europesays.com\/es\/wp-json\/wp\/v2\/comments?post=260224"}],"version-history":[{"count":0,"href":"https:\/\/www.europesays.com\/es\/wp-json\/wp\/v2\/posts\/260224\/revisions"}],"wp:featuredmedia":[{"embeddable":true,"href":"https:\/\/www.europesays.com\/es\/wp-json\/wp\/v2\/media\/260225"}],"wp:attachment":[{"href":"https:\/\/www.europesays.com\/es\/wp-json\/wp\/v2\/media?parent=260224"}],"wp:term":[{"taxonomy":"category","embeddable":true,"href":"https:\/\/www.europesays.com\/es\/wp-json\/wp\/v2\/categories?post=260224"},{"taxonomy":"post_tag","embeddable":true,"href":"https:\/\/www.europesays.com\/es\/wp-json\/wp\/v2\/tags?post=260224"}],"curies":[{"name":"wp","href":"https:\/\/api.w.org\/{rel}","templated":true}]}}