{"id":260226,"date":"2025-11-28T11:45:13","date_gmt":"2025-11-28T11:45:13","guid":{"rendered":"https:\/\/www.europesays.com\/es\/260226\/"},"modified":"2025-11-28T11:45:13","modified_gmt":"2025-11-28T11:45:13","slug":"agenda-cultural-para-el-fin-de-semana-28-al-30-de-noviembre-de-2025","status":"publish","type":"post","link":"https:\/\/www.europesays.com\/es\/260226\/","title":{"rendered":"Agenda cultural para el fin de semana (28 al 30 de noviembre de 2025)"},"content":{"rendered":"<p>Si buscas\u00a0qu\u00e9 hacer en Madrid este fin de semana, la oferta cultural municipal llega con muchos planes atractivos. Puedes visitar una exposici\u00f3n de Juan Mu\u00f1oz, disfrutar de un espect\u00e1culo de circo con ambiente navide\u00f1o o ver la adaptaci\u00f3n de\u00a0Personas, lugares y cosas\u00a0de Duncan Macmillan. Tambi\u00e9n se celebra la 31\u00aa edici\u00f3n del festival Grandes del G\u00f3spel, un taller para aprender a moldear vidrio con soplado, un encuentro sobre tecnolog\u00eda y nuevas ideas y una pieza de danza inspirada en el\u00a0Infierno\u00a0de Dante Alighieri. Todas estas propuestas estar\u00e1n disponibles, como m\u00ednimo, hasta el domingo.<\/p>\n<p><strong>Varias ubicaciones<\/strong><\/p>\n<p>Tras el encendido de la iluminaci\u00f3n navide\u00f1a el 22 de noviembre en la plaza de Cibeles, Madrid ya vive la Navidad en todos sus distritos. Ahora es m\u00e1s f\u00e1cil descubrir todas las calles iluminadas gracias a un\u00a0<a href=\"https:\/\/diario.madrid.es\/blog\/2025\/11\/25\/mapa-de-las-luces-de-navidad-en-madrid-descubre-calle-a-calle-toda-la-iluminacion-navidena\/\" rel=\"nofollow noopener\" target=\"_blank\">mapa de Geoportal<\/a>. Con \u00e9l podr\u00e1s consultar el tipo de adorno en cada calle, ver qu\u00e9 motivos son nuevos o renovados, y planificar tu ruta por los puntos m\u00e1s emblem\u00e1ticos y fotog\u00e9nicos de la ciudad.<\/p>\n<p>Desde cadenetas y arcos hasta figuras dise\u00f1adas por creadores espa\u00f1oles, el mapa permite explorar cada distrito y disfrutar de la Navidad madrile\u00f1a de forma completa y organizada.<\/p>\n<p><strong>Museo Nacional del Prado. C\/ Felipe IV, s\/n<\/strong><\/p>\n<p>Dentro de la\u00a0agenda cultural de Madrid, el\u00a0<a href=\"https:\/\/www.youtube.com\/watch?v=UsZ10jaf5fw\" rel=\"nofollow noopener\" target=\"_blank\">Museo Nacional del Prado<\/a>\u00a0presenta una exposici\u00f3n dedicada al escultor madrile\u00f1o Juan Mu\u00f1oz, abierta hasta el 8 de marzo. La muestra ocupa los edificios de los Jer\u00f3nimos y Villanueva y recorre las distintas etapas de su trayectoria.<\/p>\n<p>Juan Mu\u00f1oz, Premio Nacional de Artes Pl\u00e1sticas, mantuvo siempre su estudio en Madrid, aunque trabaj\u00f3 tambi\u00e9n para instituciones internacionales como el Tate Modern de Londres. El comisario de la exposici\u00f3n es Vicente Todol\u00ed, antiguo director de este museo brit\u00e1nico.<\/p>\n<p>El artista destac\u00f3 por su manera de contar historias a trav\u00e9s de la escultura, las instalaciones, la pintura, los sonidos y el texto. Su obra, muy influida por el Barroco y el Renacimiento, invita al p\u00fablico a participar en escenas llenas de tensi\u00f3n psicol\u00f3gica, ilusi\u00f3n y teatralidad.<\/p>\n<p>La exposici\u00f3n \u2018<a href=\"https:\/\/www.museodelprado.es\/actualidad\/exposicion\/juan-muoz-historias-de-arte\/499fbef9-c3c6-b73d-740f-7eeede62ca7e\" rel=\"nofollow noopener\" target=\"_blank\">Juan Mu\u00f1oz. Historias de arte<\/a>\u2019 \u00a0re\u00fane esculturas, figuras, dibujos, grabados, lienzos y vitrinas-artefacto. Muchas piezas se muestran junto a la colecci\u00f3n permanente, un gesto que refuerza la relaci\u00f3n del artista con el Prado y con los maestros cuyas obras habitan en su interior\u00a0.<\/p>\n<p><strong>Teatro Circo Price. Ronda de Atocha, 35<\/strong><\/p>\n<p>Dentro de los planes fin de semana Madrid, el ciclo\u00a0Circo Price en Navidad\u00a0estrena\u00a0Sue\u00f1a despierto, un espect\u00e1culo para todos los p\u00fablicos que invita a los m\u00e1s peque\u00f1os a vivir una aventura que arranca con una excursi\u00f3n escolar que termina en un circo abandonado. Con la ayuda de los animales del bosque, el p\u00fablico descubre que el esp\u00edritu navide\u00f1o no aparece solo en los lugares habituales.<\/p>\n<p>Acrobacias, equilibrios, sombras chinescas, malabares, magia, payasos, n\u00fameros a\u00e9reos, voces blancas y m\u00fasica en directo con canciones originales dan forma a esta propuesta, que podr\u00e1 disfrutarse hasta el 6 de enero.<\/p>\n<p><strong>Teatro Espa\u00f1ol. C\/ Pr\u00edncipe, 25<\/strong><\/p>\n<p>Si necesitas m\u00e1s sugerencias sobre qu\u00e9 hacer en Madrid este fin de semana, el Teatro Espa\u00f1ol estrena\u00a0Personas, lugares y cosas, del dramaturgo brit\u00e1nico Duncan Macmillan. Pablo Messiez firma la adaptaci\u00f3n y la direcci\u00f3n, e Irene Escolar interpreta a Emma.<\/p>\n<p>Tras desmayarse sobre el escenario, Emma ingresa en una cl\u00ednica de desintoxicaci\u00f3n y convive, entre lo real y lo imaginado, con otros pacientes y profesionales. La obra explora la identidad, la adicci\u00f3n y los l\u00edmites entre actuar y ser, temas que ya rondaban a la protagonista cada vez que sub\u00eda a escena.<\/p>\n<p><strong>Teatro Fern\u00e1n G\u00f3mez. Plaza de Col\u00f3n, 4<\/strong><\/p>\n<p>Tambi\u00e9n dentro de la programaci\u00f3n cultural fin de semana Madrid, vuelve al Teatro Fern\u00e1n G\u00f3mez. Centro Cultural de la Villa el festival\u00a0Grandes del G\u00f3spel. Con la direcci\u00f3n de Luis Manjarr\u00e9s, la cita re\u00fane hasta el 13 de diciembre a referentes destacados de este g\u00e9nero, marcado por la fuerza vocal de los coros y su origen en la tradici\u00f3n afroamericana y la m\u00fasica espiritual.<\/p>\n<p>Las entradas para el Coro G\u00f3spel de Madrid ya se han agotado, pero a\u00fan puedes ver al emblem\u00e1tico Charleston Gospel Choir ma\u00f1ana viernes y durante el fin de semana. El siguiente fin de semana repiten, junto a otros grupos de primer nivel que completan la programaci\u00f3n.<\/p>\n<p><strong>Espacio Abierto. C\/ Juan Ignacio Luca de Tena, 20<\/strong><\/p>\n<p>Si buscas m\u00e1s planes de fin de semana en Madrid, el maestro vidriero Diego Rodr\u00edguez ofrece un taller en Espacio Abierto Quinta de los Molinos para aprender la t\u00e9cnica del soplado de vidrio. Con temperaturas que pueden alcanzar los 2.000 grados, esta t\u00e9cnica milenaria, posiblemente originaria de Asia, todav\u00eda se utiliza hoy para crear muchos objetos cotidianos.<\/p>\n<p>El fin de semana, en distintos pases que comienzan a las 11:00, tanto ni\u00f1os como adultos podr\u00e1n experimentar en primera persona este arte de moldear cristal fundido.<\/p>\n<p><strong>Matadero Madrid. Paseo de la Chopera, 14<\/strong><\/p>\n<p>Desde hoy jueves hasta el domingo se celebra en distintos espacios de Matadero Madrid el festival \u2018Open Lab: futuros raros\u2019. Organizado por\u00a0<a href=\"https:\/\/www.medialab-matadero.es\/\" rel=\"nofollow noopener\" target=\"_blank\">Medialab Matadero<\/a>, se trata del culmen del programa \u2018LAB 4 Futuros Raros\u2019 que se ha venido desarrollando durante este a\u00f1o.<\/p>\n<p>Distintas charlas y presentaciones de proyectos abordar\u00e1n el papel de la tecnolog\u00eda en el imaginario social, en los protocolos, infraestructuras y sus pol\u00edticas. Adem\u00e1s de las conferencias, habr\u00e1 actuaciones musicales y proyecciones audiovisuales.<\/p>\n<p><strong>CentroCentro. Plaza de Cibeles, 1<\/strong><\/p>\n<p>En la agenda cultural de Madrid, la tercera planta de CentroCentro acoge hasta el 15 de marzo la exposici\u00f3n conjunta\u00a0Tirarse es sin\u00f3nimo de futuro desconocido. La muestra re\u00fane obras de los creadores emergentes Sof\u00eda Briales, Mario Manso, Isabel Merchante y \u00c1ngel Sevilla, nacidos entre 1998 y 2004, en formatos que van de la instalaci\u00f3n a la pintura.<\/p>\n<p>El t\u00edtulo, tomado de una frase de la escritora Carmen Rotger, alude a lanzarse hacia lo que est\u00e1 por venir y a\u00fan desconocemos. La exposici\u00f3n convierte esa idea en met\u00e1fora a trav\u00e9s del arte experimental y refleja el impulso creativo de esta nueva generaci\u00f3n.<\/p>\n<p><strong>Centro Danza Matadero. Paseo de la Chopera, 14<\/strong><\/p>\n<p>Dentro de la agenda cultural del fin de semana en Madrid, el core\u00f3grafo y bailar\u00edn multipremiado Mario Berm\u00fadez Gil presenta\u00a0Averno\u00a0en Centro Danza Matadero. Dirige la pieza, firma la coreograf\u00eda y trabaja junto a la dramaturga Isabel V\u00e1zquez. La compa\u00f1\u00eda Marcat Dance produce el espect\u00e1culo en coproducci\u00f3n con el Festival Internacional It\u00e1lica de Danza y con la colaboraci\u00f3n de la Junta de Andaluc\u00eda y el INAEM.<\/p>\n<p>Marcat Dance, fundada por Berm\u00fadez y Catherine Coury \u2014responsable de los ensayos\u2014, tambi\u00e9n interpreta la obra. Ambos se subir\u00e1n al escenario junto a cinco bailarines para dar vida, desde la danza contempor\u00e1nea, a una pieza llena de s\u00edmbolos y referencias al\u00a0Infierno, la primera parte de la\u00a0Divina Comedia\u00a0de Dante Alighieri.<\/p>\n<p>Y adem\u00e1s, m\u00e1s planes de la agenda cultural para que sepas qu\u00e9 hacer en Madrid este fin de semana\u2026<\/p>\n<p>Es la \u00faltima semana para disfrutar del\u00a0\u2018<a href=\"https:\/\/festivaldejazzmadrid.com\/\" rel=\"nofollow noopener\" target=\"_blank\">Festival Internacional JAZZMADRID 2025<\/a>\u2019. En CINETECA MADRID podr\u00e1s acudir al \u2018<a href=\"https:\/\/www.mataderomadrid.org\/programacion\/festival-margenes-2025\" rel=\"nofollow noopener\" target=\"_blank\">XV Festival Internacional de Cine de Madrid M\u00e1rgenes<\/a>\u2019\u00a0dedicado al cine contempor\u00e1neo o a un ciclo sobre cine m\u00e1s antiguo como \u2018<a href=\"https:\/\/www.cinetecamadrid.com\/programacion\/comicolor-cartoons-2\" rel=\"nofollow noopener\" target=\"_blank\">Los mundos animados de Ub Iwerks<\/a>\u2019 con cortometrajes relacionados con el dibujante dise\u00f1ador de Mickey Mouse y en el que podr\u00e1n disfrutar los m\u00e1s peque\u00f1os del cine de antes. Y siguiendo dentro de Matadero Madrid para un p\u00fablico un poquito m\u00e1s mayor como son los j\u00f3venes y adultos se podr\u00e1 visitar \u2018<a href=\"https:\/\/www.mataderomadrid.org\/programacion\/exposicion-omnibus-el-futuro-se-dibuja-aqui\" rel=\"nofollow noopener\" target=\"_blank\">Omnibus. El futuro se dibuja aqu\u00ed<\/a>\u2019. En otro orden de cosas Planetario Madrid, en continuidad con su ciclo \u2018Singularities\u2019, celebra la conferencia\u00a0\u2018<a href=\"https:\/\/planetmad.es\/events\/event\/18-h-conferencia-marte-mas-cerca-ciencia-mujeres-y-sostenibilidad-en-la-exploracion-espacial\/\" rel=\"nofollow noopener\" target=\"_blank\">Marte m\u00e1s cerca: ciencia, mujeres y sostenibilidad en la exploraci\u00f3n espacial<\/a>\u2019. Y la Sala de Exposiciones Condeduque realiza una exposici\u00f3n de los finalistas del <a href=\"https:\/\/www.madrid.es\/portales\/munimadrid\/es\/Inicio\/Cultura-ocio-y-deporte\/-gestion\/40-premio-de-pintura-BMW\/?vgnextfmt=default&amp;vgnextoid=f9af0173a91a7910VgnVCM2000001f4a900aRCRD&amp;vgnextchannel=2f03f073808fe410VgnVCM2000000c205a0aRCRD\" rel=\"nofollow noopener\" target=\"_blank\">\u201840\u00ba Premio de Pintura BMW<\/a>\u2019.<\/p>\n","protected":false},"excerpt":{"rendered":"Si buscas\u00a0qu\u00e9 hacer en Madrid este fin de semana, la oferta cultural municipal llega con muchos planes atractivos.&hellip;\n","protected":false},"author":2,"featured_media":260227,"comment_status":"","ping_status":"","sticky":false,"template":"","format":"standard","meta":{"footnotes":""},"categories":[91],"tags":[146,147,25,24,23],"class_list":{"0":"post-260226","1":"post","2":"type-post","3":"status-publish","4":"format-standard","5":"has-post-thumbnail","7":"category-entretenimiento","8":"tag-entertainment","9":"tag-entretenimiento","10":"tag-es","11":"tag-espana","12":"tag-spain"},"share_on_mastodon":{"url":"https:\/\/pubeurope.com\/@es\/115627158672432127","error":""},"_links":{"self":[{"href":"https:\/\/www.europesays.com\/es\/wp-json\/wp\/v2\/posts\/260226","targetHints":{"allow":["GET"]}}],"collection":[{"href":"https:\/\/www.europesays.com\/es\/wp-json\/wp\/v2\/posts"}],"about":[{"href":"https:\/\/www.europesays.com\/es\/wp-json\/wp\/v2\/types\/post"}],"author":[{"embeddable":true,"href":"https:\/\/www.europesays.com\/es\/wp-json\/wp\/v2\/users\/2"}],"replies":[{"embeddable":true,"href":"https:\/\/www.europesays.com\/es\/wp-json\/wp\/v2\/comments?post=260226"}],"version-history":[{"count":0,"href":"https:\/\/www.europesays.com\/es\/wp-json\/wp\/v2\/posts\/260226\/revisions"}],"wp:featuredmedia":[{"embeddable":true,"href":"https:\/\/www.europesays.com\/es\/wp-json\/wp\/v2\/media\/260227"}],"wp:attachment":[{"href":"https:\/\/www.europesays.com\/es\/wp-json\/wp\/v2\/media?parent=260226"}],"wp:term":[{"taxonomy":"category","embeddable":true,"href":"https:\/\/www.europesays.com\/es\/wp-json\/wp\/v2\/categories?post=260226"},{"taxonomy":"post_tag","embeddable":true,"href":"https:\/\/www.europesays.com\/es\/wp-json\/wp\/v2\/tags?post=260226"}],"curies":[{"name":"wp","href":"https:\/\/api.w.org\/{rel}","templated":true}]}}