{"id":260228,"date":"2025-11-28T11:46:13","date_gmt":"2025-11-28T11:46:13","guid":{"rendered":"https:\/\/www.europesays.com\/es\/260228\/"},"modified":"2025-11-28T11:46:13","modified_gmt":"2025-11-28T11:46:13","slug":"flotar-de-antje-wichtrey-y-planets-de-isidro-blasco-llegan-al-benidorm-virtual","status":"publish","type":"post","link":"https:\/\/www.europesays.com\/es\/260228\/","title":{"rendered":"\u2018Flotar\u2019 de Antje Wichtrey y \u2018Planets\u2019 de Isidro Blasco llegan al Benidorm Virtual"},"content":{"rendered":"<p>Hace un a\u00f1o, el museo Boca del Calvari inauguraba \u2018Flotar\u2019 de Antje Wichtrey (1966) y \u2018Planets\u2019, de Isidro Blasco (1962), una doble exposici\u00f3n que tra\u00eda por primera a Benidorm el particular universo de color de la alemana, con estudio en Granada y las im\u00e1genes tridimensionales del madrile\u00f1o, afincado en Nueva York.<\/p>\n<p>Con esta \u201cya son nueve las exposiciones que han pasado del Boca del Calvari al Benidorm Virtual\u201d, ha se\u00f1alado la concejal de Patrimonio Hist\u00f3rico y Cultural, Ana Pellicer, adem\u00e1s de la que se incorpor\u00f3 recientemente de la iglesia de Sant Jaume y Santa Anna.<\/p>\n<p>\u201cMiles de personas \u2013ha dicho Pellicer- pudieron ver la exposici\u00f3n de manera presencial y, a partir de ahora, muchas m\u00e1s, y desde cualquier lugar del mundo, podr\u00e1 hacerlo gracias a la tecnolog\u00eda\u201d. A la muestra virtual se puede acceder desde <a href=\"https:\/\/benidormvirtual.com\/wp-content\/uploads\/BocaDelCalvari\/planets-flotar\/index.htm\" rel=\"nofollow noopener\" target=\"_blank\">benidormvirtual.com<\/a>\u00a0<\/p>\n<p>El trabajo de Wichtrey, plasmado sobre papel japon\u00e9s y muy poco peso recoge, sobre una amplia gama de colores, los elementos que, seg\u00fan la artista, \u201cflotan\u201d en el \u201cpeque\u00f1o punto azul\u201d que es nuestro planeta en el universo. Por su parte, Blasco nos ense\u00f1a su particular visi\u00f3n de grandes ciudades del mundo, entre ellas Benidorm, a trav\u00e9s de im\u00e1genes digitalizadas y el uso de material de construcci\u00f3n.<\/p>\n<p>Ana Pellicer ha recordado que acceder al Benidorm Virtual \u201ces muy sencillo\u201d. \u201cDesde nuestro tel\u00e9fono m\u00f3vil, tableta, ordenador o gafas de realidad virtual\u201d. El usuario accede a un portal web en el que \u201csolo tiene que seleccionar qu\u00e9 exposici\u00f3n quiere recorrer en un entorno de 360\u00ba, con enlaces a cada una de las creaciones, archivos sonoros o de v\u00eddeo e informaci\u00f3n de los autores y obras\u201d.<\/p>\n<p>Por \u00faltimo, la concejal ha destacado el uso de la tecnolog\u00eda para \u201cacercar el arte\u201d a las personas que no pueden acceder de manera f\u00edsica al museo. \u201cUna manera m\u00e1s \u2013ha valorado- de romper las barreras que padecen personas con movilidad reducida\u201d en sinton\u00eda con las pol\u00edticas de accesibilidad e inclusividad que desarrolla en su conjunto el Ayuntamiento de Benidorm.<br \/>\u00a0<\/p>\n","protected":false},"excerpt":{"rendered":"Hace un a\u00f1o, el museo Boca del Calvari inauguraba \u2018Flotar\u2019 de Antje Wichtrey (1966) y \u2018Planets\u2019, de Isidro&hellip;\n","protected":false},"author":2,"featured_media":260229,"comment_status":"","ping_status":"","sticky":false,"template":"","format":"standard","meta":{"footnotes":""},"categories":[81],"tags":[13234,65064,119,123,124,25,24,65063,65065,65062,117,121,122,23,118,120],"class_list":{"0":"post-260228","1":"post","2":"type-post","3":"status-publish","4":"format-standard","5":"has-post-thumbnail","7":"category-ciencia-y-tecnologia","8":"tag-ana-pellicer","9":"tag-antje-wichtrey","10":"tag-ciencia","11":"tag-ciencia-y-tecnologia","12":"tag-cienciaytecnologia","13":"tag-es","14":"tag-espana","15":"tag-exposicion-virtual","16":"tag-isidro-blasco","17":"tag-patrimonio-historico-y-cultural","18":"tag-science","19":"tag-science-and-technology","20":"tag-scienceandtechnology","21":"tag-spain","22":"tag-technology","23":"tag-tecnologia"},"share_on_mastodon":{"url":"","error":""},"_links":{"self":[{"href":"https:\/\/www.europesays.com\/es\/wp-json\/wp\/v2\/posts\/260228","targetHints":{"allow":["GET"]}}],"collection":[{"href":"https:\/\/www.europesays.com\/es\/wp-json\/wp\/v2\/posts"}],"about":[{"href":"https:\/\/www.europesays.com\/es\/wp-json\/wp\/v2\/types\/post"}],"author":[{"embeddable":true,"href":"https:\/\/www.europesays.com\/es\/wp-json\/wp\/v2\/users\/2"}],"replies":[{"embeddable":true,"href":"https:\/\/www.europesays.com\/es\/wp-json\/wp\/v2\/comments?post=260228"}],"version-history":[{"count":0,"href":"https:\/\/www.europesays.com\/es\/wp-json\/wp\/v2\/posts\/260228\/revisions"}],"wp:featuredmedia":[{"embeddable":true,"href":"https:\/\/www.europesays.com\/es\/wp-json\/wp\/v2\/media\/260229"}],"wp:attachment":[{"href":"https:\/\/www.europesays.com\/es\/wp-json\/wp\/v2\/media?parent=260228"}],"wp:term":[{"taxonomy":"category","embeddable":true,"href":"https:\/\/www.europesays.com\/es\/wp-json\/wp\/v2\/categories?post=260228"},{"taxonomy":"post_tag","embeddable":true,"href":"https:\/\/www.europesays.com\/es\/wp-json\/wp\/v2\/tags?post=260228"}],"curies":[{"name":"wp","href":"https:\/\/api.w.org\/{rel}","templated":true}]}}