{"id":260234,"date":"2025-11-28T11:49:15","date_gmt":"2025-11-28T11:49:15","guid":{"rendered":"https:\/\/www.europesays.com\/es\/260234\/"},"modified":"2025-11-28T11:49:15","modified_gmt":"2025-11-28T11:49:15","slug":"la-audiencia-nacional-absuelve-al-presunto-yihadista-de-algeciras-pero-ordena-que-entre-en-un-centro-psiquiatrico","status":"publish","type":"post","link":"https:\/\/www.europesays.com\/es\/260234\/","title":{"rendered":"La Audiencia Nacional absuelve al presunto yihadista de Algeciras pero ordena que entre en un centro psiqui\u00e1trico"},"content":{"rendered":"<p><img id=\"fotoPrincipalNoticia\" src=\"https:\/\/www.europesays.com\/es\/wp-content\/uploads\/2025\/11\/fotonoticia_20251128115313_690.jpg\" loading=\"eager\" decoding=\"async\" style=\"view-transition-name: fechor_20251128115313;\" border=\"0\" alt=\"Archivo - Yassine Kanjaa llega en una furgoneta de la Guardia Civil al juicio en la Audiencia Nacional, a 6 de octubre de 2025, en Madrid (Espa\u00f1a).\" fetchpriority=\"high\" title=\"La Audiencia Nacional absuelve al presunto yihadista de Algeciras pero ordena que entre en un centro psiqui\u00e1trico\" width=\"690\" height=\"460\" itemprop=\"image\"\/><\/p>\n<p>Archivo &#8211; Yassine Kanjaa llega en una furgoneta de la Guardia Civil al juicio en la Audiencia Nacional, a 6 de octubre de 2025, en Madrid (Espa\u00f1a). &#8211; Diego Radam\u00e9s &#8211; Europa Press &#8211; Archivo<\/p>\n<p>    MADRID 28 Nov. (EUROPA PRESS) &#8211; <\/p>\n<p>   La Audiencia Nacional (AN) ha decidido absolver a Yassine Kanjaa, el presunto yihadista acusado de asesinar a un sacrist\u00e1n en Algeciras (C\u00e1diz) el 25 de enero de 2023. Aprecia la eximente completa de alteraci\u00f3n psiqui\u00e1trica, pero ha ordenado que sea internado en un centro psiqui\u00e1trico penitenciario por un plazo m\u00e1ximo de 30 a\u00f1os.<\/p>\n<p>   En la sentencia, recogida por Europa Press, la Sala de lo Penal se\u00f1ala que tras examinar los distintos informes periciales practicados a Kanjaa, junto con el resto de las pruebas analizadas en el juicio, el acusado presentaba en el momento de cometer los hechos un \u00abcuadro de filiaci\u00f3n esquizofr\u00e9nica con una descompensaci\u00f3n psic\u00f3tica aguda con inaplicaci\u00f3n afectiva y conductual que anulaba sus facultades intelectivas y volitivas, siendo as\u00ed de apreciaci\u00f3n la eximente del art\u00edculo 20. 1 del C\u00f3digo Penal\u00bb.<\/p>\n<p>(((HABR\u00c1 AMPLIACI\u00d3N)))<\/p>\n","protected":false},"excerpt":{"rendered":"Archivo &#8211; Yassine Kanjaa llega en una furgoneta de la Guardia Civil al juicio en la Audiencia Nacional,&hellip;\n","protected":false},"author":2,"featured_media":260235,"comment_status":"","ping_status":"","sticky":false,"template":"","format":"standard","meta":{"footnotes":""},"categories":[8],"tags":[17,18,25,24,13,14,11,19,20,9,10,15,16,23,12,21,22],"class_list":{"0":"post-260234","1":"post","2":"type-post","3":"status-publish","4":"format-standard","5":"has-post-thumbnail","7":"category-espana","8":"tag-breaking-news","9":"tag-breakingnews","10":"tag-es","11":"tag-espana","12":"tag-featured-news","13":"tag-featurednews","14":"tag-headlines","15":"tag-latest-news","16":"tag-latestnews","17":"tag-news","18":"tag-noticias","19":"tag-noticias-destacadas","20":"tag-noticiasdestacadas","21":"tag-spain","22":"tag-titulares","23":"tag-ultimas-noticias","24":"tag-ultimasnoticias"},"share_on_mastodon":{"url":"https:\/\/pubeurope.com\/@es\/115627174769099796","error":""},"_links":{"self":[{"href":"https:\/\/www.europesays.com\/es\/wp-json\/wp\/v2\/posts\/260234","targetHints":{"allow":["GET"]}}],"collection":[{"href":"https:\/\/www.europesays.com\/es\/wp-json\/wp\/v2\/posts"}],"about":[{"href":"https:\/\/www.europesays.com\/es\/wp-json\/wp\/v2\/types\/post"}],"author":[{"embeddable":true,"href":"https:\/\/www.europesays.com\/es\/wp-json\/wp\/v2\/users\/2"}],"replies":[{"embeddable":true,"href":"https:\/\/www.europesays.com\/es\/wp-json\/wp\/v2\/comments?post=260234"}],"version-history":[{"count":0,"href":"https:\/\/www.europesays.com\/es\/wp-json\/wp\/v2\/posts\/260234\/revisions"}],"wp:featuredmedia":[{"embeddable":true,"href":"https:\/\/www.europesays.com\/es\/wp-json\/wp\/v2\/media\/260235"}],"wp:attachment":[{"href":"https:\/\/www.europesays.com\/es\/wp-json\/wp\/v2\/media?parent=260234"}],"wp:term":[{"taxonomy":"category","embeddable":true,"href":"https:\/\/www.europesays.com\/es\/wp-json\/wp\/v2\/categories?post=260234"},{"taxonomy":"post_tag","embeddable":true,"href":"https:\/\/www.europesays.com\/es\/wp-json\/wp\/v2\/tags?post=260234"}],"curies":[{"name":"wp","href":"https:\/\/api.w.org\/{rel}","templated":true}]}}