{"id":260238,"date":"2025-11-28T11:58:10","date_gmt":"2025-11-28T11:58:10","guid":{"rendered":"https:\/\/www.europesays.com\/es\/260238\/"},"modified":"2025-11-28T11:58:10","modified_gmt":"2025-11-28T11:58:10","slug":"la-fantasia-de-ver-juntas-a-awa-fam-y-paige-bueckers","status":"publish","type":"post","link":"https:\/\/www.europesays.com\/es\/260238\/","title":{"rendered":"La fantas\u00eda de ver juntas a Awa Fam y Paige Bueckers"},"content":{"rendered":"<p>VAL\u00c8NCIA.\u00a0La rodilla de Raquel Carrera, madre de dragones, vuelve a sufrir. La p\u00edvot gallega ha padecido mucho en su corta vida: 24 a\u00f1os y dos lesiones graves. Se ha ca\u00eddo dos veces y dos veces se ha levantado. Pero parece ser que no est\u00e1 bien. Uno, que ya ha vivido mucho, ve la nota de prensa del club sobre sus molestias en la rodilla e intuye el patr\u00f3n de otras lesiones que se han complicado y empiezan as\u00ed, con se\u00f1ales m\u00e1s leves. Ojal\u00e1 que Carrera, la octava maravilla del baloncesto europeo, se recupere pronto y vuelva a deleitarnos. No conozco a otra jugadora como ella.<\/p>\n<p>Un d\u00eda despu\u00e9s de esta noticia, el Valencia Basket anuncia que ha prescindido de Alina Iagupova. El club no lo dice as\u00ed, claro. El club dice que han llegado a un acuerdo para rescindir el contrato. Eufemismos. La ucraniana ya no estaba a la altura y, encima, hab\u00eda empezado a contaminar el vestuario. Su gran ventaja siempre ha sido su f\u00edsico. Un f\u00edsico diferente. Un f\u00edsico que recuerda, por su fortaleza, al de Alicia Fl\u00f3rez, la joven cedida al Ensino, donde se ha agigantado y desde donde parece reclamar un hueco en la plantilla de Rub\u00e9n Burgos.<\/p>\n<p>El t\u00e9cnico valenciano, a cambio, ha pedido a sus superiores que retengan a la belga Hind Ben Abdelkader. Una tiradora con mucha facilidad para anotar, una virtud que viene muy bien en muchos partidos complicados. El problema, parece ser, es que la jugadora, al conocer este inter\u00e9s, esta necesidad, se ha subido a la parra. \u00bfLe meter\u00e1n otro gol al Valencia Basket? Uno, por toda la escuadra, lleva a\u00f1os mastic\u00e1ndolo.<\/p>\n<p>El otro punto de inter\u00e9s del equipo femenino est\u00e1 en Awa Fam. La p\u00edvot de Santa Pola apunta al n\u00famero uno del draft de 2026 de la WNBA. No al dos ni al tres: al n\u00famero uno. Eso ser\u00eda historia del baloncesto espa\u00f1ol. No me sorprende. Fam, ya me lo dijo hace a\u00f1os Manolo Real, vital en su v\u00ednculo con este club, brillar\u00e1 all\u00e1 donde juegue. Ojeadores de los Dallas Wings, un equipo que solo gan\u00f3 diez partidos la \u00faltima temporada y que se ha ganado la primera elecci\u00f3n en el draft del , han estado vi\u00e9ndola jugar en Espa\u00f1a. No creo que hayan vuelto a Estados Unidos con muchas dudas. Me parece una fantas\u00eda imaginarme a Fam jugar al lado de Paige Bueckers, la rookie del a\u00f1o en la WNBA.<\/p>\n<p>Rub\u00e9n Burgos hace tiempo que tiene claro que Espa\u00f1a no puede competir con Estados Unidos. En el escal\u00f3n inferior, en la NCAA, ya hay un porr\u00f3n de jugadoras espa\u00f1olas. Se van all\u00ed y juegan en buenos equipos, les pagan la carrera, trabajan en excelentes condiciones y vuelven con un idioma y un t\u00edtulo universitario. El t\u00e9cnico valenciano sabe que es absurdo luchar contra eso en una \u00e9poca en la que los j\u00f3venes comparten piso porque no pueden comprar uno y ni siquiera alquilarlo individualmente. Burgos, siempre tan pr\u00e1ctico, prefiere animar a las j\u00f3venes y esperarlas para cuando acabe su marcha. Son las cartas que le ha tocado jugar y \u00e9l prefiere no perder el tiempo con lamentaciones que no llevan a ninguna parte.<\/p>\n<p>Pero en contra de lo que se est\u00e1 difundiendo en Espa\u00f1a, las Wings tienen m\u00e1s opciones, aparte de Fam. La alicantina no es un talento tan indiscutible como las dos anteriores n\u00famero uno: Caitlin Clark y la propia Bueckers. La franquicia tambi\u00e9n sopesa quedarse con Azzi Fudd, una excelente tiradora de tres puntos que tiene fuertes v\u00ednculos con la estrella del equipo, con quien ya coincidi\u00f3 en UConn para hacerlo campe\u00f3n de la NCAA.<\/p>\n","protected":false},"excerpt":{"rendered":"VAL\u00c8NCIA.\u00a0La rodilla de Raquel Carrera, madre de dragones, vuelve a sufrir. La p\u00edvot gallega ha padecido mucho en&hellip;\n","protected":false},"author":2,"featured_media":260239,"comment_status":"","ping_status":"","sticky":false,"template":"","format":"standard","meta":{"footnotes":""},"categories":[269],"tags":[299,298,168,25,24,23,167],"class_list":{"0":"post-260238","1":"post","2":"type-post","3":"status-publish","4":"format-standard","5":"has-post-thumbnail","7":"category-baloncesto","8":"tag-baloncesto","9":"tag-basketball","10":"tag-deportes","11":"tag-es","12":"tag-espana","13":"tag-spain","14":"tag-sports"},"share_on_mastodon":{"url":"https:\/\/pubeurope.com\/@es\/115627209819288615","error":""},"_links":{"self":[{"href":"https:\/\/www.europesays.com\/es\/wp-json\/wp\/v2\/posts\/260238","targetHints":{"allow":["GET"]}}],"collection":[{"href":"https:\/\/www.europesays.com\/es\/wp-json\/wp\/v2\/posts"}],"about":[{"href":"https:\/\/www.europesays.com\/es\/wp-json\/wp\/v2\/types\/post"}],"author":[{"embeddable":true,"href":"https:\/\/www.europesays.com\/es\/wp-json\/wp\/v2\/users\/2"}],"replies":[{"embeddable":true,"href":"https:\/\/www.europesays.com\/es\/wp-json\/wp\/v2\/comments?post=260238"}],"version-history":[{"count":0,"href":"https:\/\/www.europesays.com\/es\/wp-json\/wp\/v2\/posts\/260238\/revisions"}],"wp:featuredmedia":[{"embeddable":true,"href":"https:\/\/www.europesays.com\/es\/wp-json\/wp\/v2\/media\/260239"}],"wp:attachment":[{"href":"https:\/\/www.europesays.com\/es\/wp-json\/wp\/v2\/media?parent=260238"}],"wp:term":[{"taxonomy":"category","embeddable":true,"href":"https:\/\/www.europesays.com\/es\/wp-json\/wp\/v2\/categories?post=260238"},{"taxonomy":"post_tag","embeddable":true,"href":"https:\/\/www.europesays.com\/es\/wp-json\/wp\/v2\/tags?post=260238"}],"curies":[{"name":"wp","href":"https:\/\/api.w.org\/{rel}","templated":true}]}}