{"id":260240,"date":"2025-11-28T11:59:10","date_gmt":"2025-11-28T11:59:10","guid":{"rendered":"https:\/\/www.europesays.com\/es\/260240\/"},"modified":"2025-11-28T11:59:10","modified_gmt":"2025-11-28T11:59:10","slug":"las-claves-del-momento-dulce-que-atraviesa-ander-barrenetxea","status":"publish","type":"post","link":"https:\/\/www.europesays.com\/es\/260240\/","title":{"rendered":"Las claves del momento dulce que atraviesa Ander Barrenetxea"},"content":{"rendered":"<p data-gtm-element-container=\"modulo-texto-link\" class=\"paragraph\">La llegada de <strong>Gon\u00e7alo Guedes<\/strong> el pasado verano hac\u00eda presagiar que <strong>Ander Barrenetxea<\/strong> pod\u00eda verse perjudicado en lo que a minutos de juego se refiere, pero el aumento de la competencia por un puesto en el once titular de <strong>Sergio Francisco<\/strong> ha tenido el efecto a la inversa en el extremo donostiarra. Lejos de amedrentarse, \u2018Barrene\u2019 ha sabido desarrollar en lo que va de temporada una muy buena versi\u00f3n de s\u00ed mismo que le ha llevado a llegar al tercio del campeonato habiendo jugado m\u00e1s minutos que en ninguna de las campa\u00f1as anteriores desde que debut\u00f3 con el primer equipo de la Real Sociedad. Concretamente, <strong>Barrenetxea <\/strong>acumula ya 870\u2019 en lo que va de LaLiga EA Sports a raz\u00f3n de haber participado en 12 de los 13 encuentros disputados. Solo se perdi\u00f3 el de <strong>Elche <\/strong>tras el golpe en el muslo derecho por el que se tuvo que retirar del verde una semana antes durante el derbi ante el <strong>Athletic<\/strong>. Y ha sido titular en 11 de esas 12 veces que ha jugado. El \u00fanico partido en el que ha pisado el verde saliendo desde el banquillo con el encuentro comenzado fue el del pasado s\u00e1bado en El Sadar ante <strong>Osasuna<\/strong>, cuando volvi\u00f3 tras el mencionado problema en el muslo derecho, y su regreso no pudo ser mejor. En el 82\u2019, cuando llevaba poco m\u00e1s de un cuarto de hora jugando, se sac\u00f3 de la manga el que sin duda ser\u00e1 uno de los mejores goles de la Real Sociedad en esta edici\u00f3n de LaLiga EA Sports. \u00c9l mismo recuper\u00f3 el bal\u00f3n en campo propio y tras una breve asociaci\u00f3n con <strong>Gorrotxategi <\/strong>chut\u00f3 desde el centro del campo para superar a <strong>Sergio Herrera<\/strong>. Fue un golazo de bandera que dej\u00f3 a las claras el buen momento que atraviesa, porque el f\u00fatbol es un estado de \u00e1nimo y solo cuando se cuenta con la confianza necesaria se pueden protagonizar este tipo de goles.<\/p>\n<p data-gtm-element-container=\"modulo-texto-link\" class=\"paragraph\">El comentado fue el segundo tanto en LaLiga de un <strong>Barrenetxea <\/strong>que ya hab\u00eda visto puerta en la jornada 2 ante el <strong>Espanyol<\/strong>. De hecho, si frente a Osasuna su tanto vali\u00f3 para cerrar el que fue el primer triunfo de la Real a domicilio ante los de <strong>Manolo Gonz\u00e1lez<\/strong> puso la primera piedra para construir un valioso empate en un partido que el cuadro txuri urdin tuvo 0-2 en contra. Y a los 2 goles hay que sumar 3 asistencias, firmadas de forma consecutiva en las jornadas 5, 6 y 7 ante el <strong>Betis<\/strong>, el <strong>Mallorca <\/strong>y el <strong>Barcelona <\/strong>respectivamente. En total, participaci\u00f3n directa en un total de 5 tantos, igualado en ese sentido con<strong> Brais M\u00e9ndez<\/strong>, que suma 3 goles y 2 asistencias, y superados ambos solo por <strong>Mikel Oyarzabal,<\/strong> que ha registrado hasta la fecha 5 tantos y 3 pases que han acabado en gol de un compa\u00f1ero.<\/p>\n<p>    Lee tambi\u00e9n<\/p>\n<p data-gtm-element-container=\"modulo-texto-link\" class=\"paragraph\"><strong>Pulverizando registros<\/strong><\/p>\n<p data-gtm-element-container=\"modulo-texto-link\" class=\"paragraph\">En lo que a LaLiga se refiere, habiendo jugado en ocho diferentes con la presente desde que debut\u00f3 con el primer equipo de la <strong>Real Sociedad <\/strong>en la temporada 2018\/19, <strong>Barrenetxea <\/strong>nunca ha pasado de 5 participaciones directas en goles. Fue las que registr\u00f3 el curso 2023\/24, cuando marc\u00f3 4 goles y reparti\u00f3 1 asistencia. Todo apunta a que, con 25 jornadas todav\u00eda por disputarse, situar\u00e1 el list\u00f3n bastante m\u00e1s alto de como estaba establecido hasta la fecha. Y lo mismo se puede decir en cuanto a la cantidad de minutos de juego, situada ahora en 870 y estando el m\u00e1ximo hasta ahora en los 1.437\u2019 de los que disfrut\u00f3 precisamente en el mencionado curso 2023\/24. Si mantiene la media de minutos que viene protagonizando hasta ahora en lo que va de LaLiga, alcanzar\u00eda ese registr\u00f3 en tan solo 9 partidos m\u00e1s, por lo que a buen seguro lo conseguir\u00e1 salvo la aparici\u00f3n de una inoportuna lesi\u00f3n o un cambio dr\u00e1stico de planes no esperado por parte de un<strong> Sergio Francisco<\/strong> que ha demostrado con creces que conf\u00eda en <strong>Barrenetxea<\/strong>. En este sentido, cabe destacar que el m\u00edster no regala nada. <strong>Barrenetxea <\/strong>se lo ha currado como el que m\u00e1s para llegar a un punto como el actual en el que ya es mucho m\u00e1s que el revulsivo como era visto en el pasado. A sus 23 a\u00f1os, \u2018Barrene\u2019, aquel chico que llegaba a Anoeta en bicicleta cuando disput\u00f3 sus primeros partidos con el primer equipo siendo menor de edad, ya es Don Ander.<\/p>\n","protected":false},"excerpt":{"rendered":"La llegada de Gon\u00e7alo Guedes el pasado verano hac\u00eda presagiar que Ander Barrenetxea pod\u00eda verse perjudicado en lo&hellip;\n","protected":false},"author":2,"featured_media":260241,"comment_status":"","ping_status":"","sticky":false,"template":"","format":"standard","meta":{"footnotes":""},"categories":[268],"tags":[168,25,24,280,282,281,23,167],"class_list":{"0":"post-260240","1":"post","2":"type-post","3":"status-publish","4":"format-standard","5":"has-post-thumbnail","7":"category-futbol","8":"tag-deportes","9":"tag-es","10":"tag-espana","11":"tag-football","12":"tag-futbol","13":"tag-soccer","14":"tag-spain","15":"tag-sports"},"share_on_mastodon":{"url":"https:\/\/pubeurope.com\/@es\/115627213981902712","error":""},"_links":{"self":[{"href":"https:\/\/www.europesays.com\/es\/wp-json\/wp\/v2\/posts\/260240","targetHints":{"allow":["GET"]}}],"collection":[{"href":"https:\/\/www.europesays.com\/es\/wp-json\/wp\/v2\/posts"}],"about":[{"href":"https:\/\/www.europesays.com\/es\/wp-json\/wp\/v2\/types\/post"}],"author":[{"embeddable":true,"href":"https:\/\/www.europesays.com\/es\/wp-json\/wp\/v2\/users\/2"}],"replies":[{"embeddable":true,"href":"https:\/\/www.europesays.com\/es\/wp-json\/wp\/v2\/comments?post=260240"}],"version-history":[{"count":0,"href":"https:\/\/www.europesays.com\/es\/wp-json\/wp\/v2\/posts\/260240\/revisions"}],"wp:featuredmedia":[{"embeddable":true,"href":"https:\/\/www.europesays.com\/es\/wp-json\/wp\/v2\/media\/260241"}],"wp:attachment":[{"href":"https:\/\/www.europesays.com\/es\/wp-json\/wp\/v2\/media?parent=260240"}],"wp:term":[{"taxonomy":"category","embeddable":true,"href":"https:\/\/www.europesays.com\/es\/wp-json\/wp\/v2\/categories?post=260240"},{"taxonomy":"post_tag","embeddable":true,"href":"https:\/\/www.europesays.com\/es\/wp-json\/wp\/v2\/tags?post=260240"}],"curies":[{"name":"wp","href":"https:\/\/api.w.org\/{rel}","templated":true}]}}