{"id":260242,"date":"2025-11-28T12:00:22","date_gmt":"2025-11-28T12:00:22","guid":{"rendered":"https:\/\/www.europesays.com\/es\/260242\/"},"modified":"2025-11-28T12:00:22","modified_gmt":"2025-11-28T12:00:22","slug":"los-padrinos-que-fran-rivera-y-lourdes-montes-han-elegido-para-el-bautizo-de-su-tercer-hijo","status":"publish","type":"post","link":"https:\/\/www.europesays.com\/es\/260242\/","title":{"rendered":"Los padrinos que Fran Rivera y Lourdes Montes han elegido para el bautizo de su tercer hijo"},"content":{"rendered":"<p><a href=\"https:\/\/www.lecturas.com\/television\/fran-rivera-irrumpe-directo-claro-mensaje-a-su-mujer-lourdes-montes-me-ha-salvado_182375\" rel=\"nofollow noopener\" target=\"_blank\">Fran Rivera y Lourdes Montes<\/a> est\u00e1n hoy de <strong>celebraci\u00f3n<\/strong>. El torero y la dise\u00f1adora bautizar\u00e1n este viernes 28 de noviembre<strong> a su hijo Nicol\u00e1s<\/strong>. El peque\u00f1o, que vino al mundo el pasado abril, recibir\u00e1 las aguas bautismales en un lugar muy especial para sus padres.<strong> La iglesia de Santa Ana<\/strong>, ubicada en el barrio de <strong>Triana<\/strong>, ser\u00e1 el lugar en el que se dar\u00e1n cita familiares y amigos de los Rivera Montes.<\/p>\n<p>Un amigo muy conocido, el padrino<\/p>\n<p>Entre los asistentes al evento, no faltar\u00e1n las dos personas a las que Fran Rivera y Lourdes Montes han elegido <strong>como padrino y madrina de su beb\u00e9. <\/strong>El matrimonio ha escogido como padrino del ni\u00f1o a<strong> Jos\u00e9 Luis L\u00f3pez, \u2018El Turronero\u2019.<\/strong> Despu\u00e9s de a\u00f1os de amistad, Fran ha querido otorgarle esta responsabilidad tan especial. La madrina de Nicol\u00e1s ser\u00e1 <strong>Paloma Rojas-Marcos, una de las mejores amigas de Lourdes<\/strong>.<\/p>\n<p>\u00a0<\/p>\n<p><img loading=\"lazy\" decoding=\"async\"   src=\"https:\/\/www.europesays.com\/es\/wp-content\/uploads\/2025\/11\/fran-rivera-y-el-turronero_9e0814c6_251128095136_1200x789.webp.webp\" alt=\"Fran Rivera y El Turronero\" class=\"lazyload\" width=\"1200\" height=\"789\" data-aspectratio=\"1200\/789\"\/><\/p>\n<p>&#8216;El Turronero&#8217;, buen amigo de Fran Rivera, ejercer\u00e1 de padrino del peque\u00f1o.<\/p>\n<p>&#13;Gtres<\/p>\n<p>Adem\u00e1s de los padrinos, en el bautizo de Nicol\u00e1s <strong>se esperan invitados <\/strong>como Tana Rivera, la hija mayor de Fran fruto de su matrimonio con Eugenia Mart\u00ednez de Irujo, los otros dos hijos de Fran y Lourdes, los hermanos de Lourdes Sibi y Curro Montes\u2026 Y la gran duda est\u00e1 en <strong>si Cayetano Rivera, hermano de Fran<\/strong> y t\u00edo del peque\u00f1o protagonista, acudir\u00e1 o no a la cita.<\/p>\n<p><img loading=\"lazy\" decoding=\"async\"   src=\"https:\/\/www.europesays.com\/es\/wp-content\/uploads\/2025\/11\/cayetano-rivera-ordonez_4b6ae85b_251128095205_1200x1807.webp.webp\" alt=\"Cayetano Rivera Ordo\u00f1ez\" class=\"lazyload\" width=\"1200\" height=\"1807\" data-aspectratio=\"1200\/1807\"\/><\/p>\n<p>Cayetano habr\u00eda decidido no ir a la iglesia para evitar las c\u00e1maras.<\/p>\n<p>&#13;Gtres<br \/>\nLa decisi\u00f3n de Cayetano tras recibir la invitaci\u00f3n<\/p>\n<p>Seg\u00fan ha informado la revista \u2018\u00a1Hola!\u2019, Cayetano Rivera<strong> s\u00ed est\u00e1 invitado al bautizo<\/strong>. Pese a que los comentarios de altibajos en su relaci\u00f3n con su hermano Francisco siempre les persiguen, s\u00ed que habr\u00eda recibido la invitaci\u00f3n para el evento. Sin embargo, seg\u00fan la citada publicaci\u00f3n, Cayetano se habr\u00eda planteado declinar la invitaci\u00f3n <strong>en cuanto asistir a la iglesia<\/strong> se refiere.<\/p>\n<p>El motivo por el que Cayetano habr\u00eda decidido no ir al bautizo de su sobrino, ser\u00eda <strong>evitar enfrentarse a la prensa<\/strong>. En los \u00faltimos tiempos, est\u00e1 de actualidad por cuestiones pol\u00e9micas como el reciente <a href=\"https:\/\/www.lecturas.com\/actualidad\/cayetano-rivera-intenta-pasar-pagina-sus-ultimos-movimientos-tras-controvertido-accidente_184616\" rel=\"nofollow noopener\" target=\"_blank\">accidente de tr\u00e1fico que sufri\u00f3<\/a>. El torero ser\u00eda consciente de que si va al bautizo, las preguntas sobre este asunto aparecer\u00edan, y preferir\u00eda que la celebraci\u00f3n no se viera empa\u00f1ada por temas as\u00ed.<\/p>\n<p><img loading=\"lazy\" decoding=\"async\"   src=\"https:\/\/www.europesays.com\/es\/wp-content\/uploads\/2025\/11\/fran-cayetano-rivera-cdf2b5e6_18bc9f87_251128095249_1200x798.webp.webp\" alt=\"fran cayetano rivera cdf2b5e6\" class=\"lazyload\" width=\"1200\" height=\"798\" data-aspectratio=\"1200\/798\"\/><\/p>\n<p>Existe la posibilidad de que Cayetano s\u00ed que acuda a la hacienda en la que se festejar\u00e1 el bautizo.<\/p>\n<p>&#13;<\/p>\n<p>De no ir a la iglesia, donde s\u00ed podr\u00eda estar es <strong>en la hacienda<\/strong> donde tendr\u00e1 lugar el posterior festejo. Fran Rivera y Lourdes Montes, junto a sus hijos y sus visitados, se trasladar\u00e1n hasta la <strong>Hacienda Santa Eufemia. <\/strong>Este es un lugar ubicado a solo cinco minutos de Sevilla y con bonitas vistas a la Vega del Guadalquivir.<\/p>\n<p>Los que no estar\u00e1n en el bautizo de Nicol\u00e1s ser\u00e1n <strong>sus t\u00edos Kiko Rivera y Juli\u00e1n Contreras Jr. <\/strong>Hoy por hoy, Fran Rivera no mantiene relaci\u00f3n con sus dos hermanos. Sin ir m\u00e1s lejos, hace un par de semanas <a href=\"https:\/\/www.lecturas.com\/actualidad\/kiko-rivera-mediante-una-advertencia-revela-el-motivo-del-distanciamiento-con-su-hermano-fran_184119\" rel=\"nofollow noopener\" target=\"_blank\">Kiko habl\u00f3 de esto en televisi\u00f3n<\/a>. Asegur\u00f3 que hay cordialidad, pero nada m\u00e1s. En cuanto a Juli\u00e1n, hace ya muchos a\u00f1os que no se hablan. Por tanto, no se espera la presencia ni del uno ni del otro.<\/p>\n<p><img loading=\"lazy\" decoding=\"async\"   src=\"https:\/\/www.europesays.com\/es\/wp-content\/uploads\/2025\/11\/kiko-rivera_5af1102c_251128095419_1200x800.webp.webp\" alt=\"Kiko Rivera\" class=\"lazyload\" width=\"1200\" height=\"800\" data-aspectratio=\"1200\/800\"\/><\/p>\n<p>Kiko Rivera y Juli\u00e1n Contreras Jr., hermanos de Fran, no estar\u00e1n en la cita familiar.<\/p>\n<p>&#13;Gtres<br \/>\nCierran un a\u00f1o redondo<\/p>\n<p>Con el bautizo de Nicol\u00e1s,<strong> Fran Rivera y Lourdes Montes cierran un a\u00f1o <\/strong>muy especial para ellos, marcado por el nacimiento de su tercer hijo. Cuando naci\u00f3, concedieron una entrevista al citado medio en la que Fran cont\u00f3 que el embarazo de Lourdes fue \u00ab\u00a1una sorpresa absoluta!\u00a0Llev\u00e1bamos busc\u00e1ndolo casi cinco a\u00f1os y ya hab\u00edamos tirado la toalla. Pero la vida te da estas sorpresas y un hijo es un regalo de Dios\u00bb.<\/p>\n<p><img loading=\"lazy\" decoding=\"async\"   src=\"https:\/\/www.europesays.com\/es\/wp-content\/uploads\/2025\/11\/lourdes-montes-y-fran-rivera_712bfddf_251128095517_1200x789.webp.webp\" alt=\"Lourdes Montes y Fran Rivera \" class=\"lazyload\" width=\"1200\" height=\"789\" data-aspectratio=\"1200\/789\"\/><\/p>\n<p>Adem\u00e1s del hijo de Fran y Lourdes, en agosto lleg\u00f3 al mundo el de Sibi, la hermana de la dise\u00f1adora.<\/p>\n<p>&#13;GTRES<br \/>\n<img decoding=\"async\" src=\"https:\/\/www.europesays.com\/es\/wp-content\/uploads\/2025\/11\/santi-acosta-y-bea-archidona_d517b08f_251128094801_800x800.webp.webp\" alt=\"Santi Acosta y Bea Archidona\" class=\"image lazyload\"\/><img loading=\"lazy\" decoding=\"async\" src=\"https:\/\/www.europesays.com\/es\/wp-content\/uploads\/2025\/11\/santi-acosta-y-bea-archidona_d517b08f_251128094816_1280x720.webp.webp\" alt=\"Siete invitados con los que 'De viernes' quiere plantar cara a 'La Voz' hoy\" class=\"image lazyload\" width=\"1280\" height=\"720\" data-aspectratio=\"1280\/720\"\/><\/p>\n<p>Adem\u00e1s, no ha sido el \u00fanico miembro de la familia que ha nacido en el a\u00f1o 2025. <strong>Sibi Montes, hermana de Lourdes<\/strong>, dio a luz a su primer hijo el pasado agosto. Un peque\u00f1o que fue bautizado la semana pasada. Por tanto, este viernes, la familia Montes se ir\u00e1 de bautizo por segunda vez en muy pocos d\u00edas.\u00a0<\/p>\n<p><img loading=\"lazy\" decoding=\"async\"   src=\"https:\/\/www.europesays.com\/es\/wp-content\/uploads\/2025\/11\/lourdes-montes_cf5f73f6_251128100946_1200x1717.webp.webp\" alt=\"Lourdes Montes\" class=\"lazyload\" width=\"1200\" height=\"1717\" data-aspectratio=\"1200\/1717\"\/><\/p>\n<p>Para el bautizo de su sobrino, Lourdes llev\u00f3 un elegante traje de chaqueta de lo m\u00e1s oto\u00f1al.<\/p>\n<p>&#13;Instagram @lmontesoficial<\/p>\n<p>Una jornada que adem\u00e1s servir\u00e1 para descubrir <strong>qu\u00e9 look ha elegido Lourdes Montes como mam\u00e1 de bautizo.<\/strong> El pasado fin de semana,<a href=\"https:\/\/www.lecturas.com\/moda\/lourdes-montes-sorprende-bautizo-su-sobrino-traje-cuadros-que-es-perfecto-para-cenas-navidad_184727\" rel=\"nofollow noopener\" target=\"_blank\"> para el bautizo de su sobrino<\/a>, luci\u00f3 ideal con un traje de chaqueta de cuadros de colores borgo\u00f1a y violeta y de la firma espa\u00f1ola Panambi.<\/p>\n","protected":false},"excerpt":{"rendered":"Fran Rivera y Lourdes Montes est\u00e1n hoy de celebraci\u00f3n. El torero y la dise\u00f1adora bautizar\u00e1n este viernes 28&hellip;\n","protected":false},"author":2,"featured_media":260243,"comment_status":"","ping_status":"","sticky":false,"template":"","format":"standard","meta":{"footnotes":""},"categories":[174],"tags":[255,146,147,25,24,256,23],"class_list":{"0":"post-260242","1":"post","2":"type-post","3":"status-publish","4":"format-standard","5":"has-post-thumbnail","7":"category-famosos","8":"tag-celebrities","9":"tag-entertainment","10":"tag-entretenimiento","11":"tag-es","12":"tag-espana","13":"tag-famosos","14":"tag-spain"},"share_on_mastodon":{"url":"https:\/\/pubeurope.com\/@es\/115627218197024933","error":""},"_links":{"self":[{"href":"https:\/\/www.europesays.com\/es\/wp-json\/wp\/v2\/posts\/260242","targetHints":{"allow":["GET"]}}],"collection":[{"href":"https:\/\/www.europesays.com\/es\/wp-json\/wp\/v2\/posts"}],"about":[{"href":"https:\/\/www.europesays.com\/es\/wp-json\/wp\/v2\/types\/post"}],"author":[{"embeddable":true,"href":"https:\/\/www.europesays.com\/es\/wp-json\/wp\/v2\/users\/2"}],"replies":[{"embeddable":true,"href":"https:\/\/www.europesays.com\/es\/wp-json\/wp\/v2\/comments?post=260242"}],"version-history":[{"count":0,"href":"https:\/\/www.europesays.com\/es\/wp-json\/wp\/v2\/posts\/260242\/revisions"}],"wp:featuredmedia":[{"embeddable":true,"href":"https:\/\/www.europesays.com\/es\/wp-json\/wp\/v2\/media\/260243"}],"wp:attachment":[{"href":"https:\/\/www.europesays.com\/es\/wp-json\/wp\/v2\/media?parent=260242"}],"wp:term":[{"taxonomy":"category","embeddable":true,"href":"https:\/\/www.europesays.com\/es\/wp-json\/wp\/v2\/categories?post=260242"},{"taxonomy":"post_tag","embeddable":true,"href":"https:\/\/www.europesays.com\/es\/wp-json\/wp\/v2\/tags?post=260242"}],"curies":[{"name":"wp","href":"https:\/\/api.w.org\/{rel}","templated":true}]}}