{"id":260244,"date":"2025-11-28T12:01:11","date_gmt":"2025-11-28T12:01:11","guid":{"rendered":"https:\/\/www.europesays.com\/es\/260244\/"},"modified":"2025-11-28T12:01:11","modified_gmt":"2025-11-28T12:01:11","slug":"la-escultura-de-la-guardia-civil-cambia-de-ubicacion-en-el-puerto-de-ceuta","status":"publish","type":"post","link":"https:\/\/www.europesays.com\/es\/260244\/","title":{"rendered":"La escultura de la Guardia Civil cambia de ubicaci\u00f3n en el puerto de Ceuta"},"content":{"rendered":"<p>La <a href=\"https:\/\/elfarodeceuta.es\/sabes-ciudad-esta-ubicado-monumento-guardia-civil\/\" rel=\"nofollow noopener\" target=\"_blank\"><strong>obra dedicada a la Guardia Civil<\/strong><\/a> no abandona el puerto de Ceuta. Seguir\u00e1 en este entorno, vigilante, aunque unos 100 metros de distancia m\u00e1s lejos del que durante a\u00f1os ha sido su lugar. Contin\u00faa formando parte del paisaje del puerto de Ceuta, aunque <strong>desde hoy ocupa un punto diferente<\/strong> dentro del mismo entorno.<\/p>\n<p>Esta madrugada, operarios de la <strong>Autoridad Portuaria<\/strong> han llevado a cabo el <strong>traslado<\/strong> de esta pieza escult\u00f3rica desde el punto en donde se encontraba.<\/p>\n<p>Su nuevo espacio es el ampliado <strong>acerado frente a Decathlon.<\/strong><\/p>\n<p>Durante esta noche<strong><a href=\"https:\/\/elfarodeceuta.es\/hercules-bocana-esta-nueva-casa-estacion-maritima\/\" rel=\"nofollow noopener\" target=\"_blank\"> se ha repetido el mismo operativo<\/a><\/strong> que con el <a href=\"https:\/\/elfarodeceuta.es\/hercules-bocana-traslado-plaza-estacion-maritima\/\" rel=\"nofollow noopener\" target=\"_blank\"><strong>H\u00e9rcules<\/strong><\/a><strong>\u00a0de la bocana.<\/strong><\/p>\n<p>El objetivo: mover la escultura sin riesgos, garantizar su integridad y adaptarla al nuevo dise\u00f1o urban\u00edstico que acompa\u00f1a a la moderna <strong>estaci\u00f3n mar\u00edtima<\/strong>.<\/p>\n<p>Un operativo nocturno y minucioso<\/p>\n<p><strong>Se ha requerido de personal y medios para mover la escultura sin riesgo<\/strong> alguno, retirarla de la base en donde ha permanecido estos a\u00f1os para llevarla hasta el nuevo punto, adecuado a la obra ejecutada en todo este entorno, en donde cobra protagonismo la nueva estaci\u00f3n mar\u00edtima.<\/p>\n<p>Este operativo nocturno respondi\u00f3 a la necesidad de evitar interferencias con la actividad portuaria y garantizar la seguridad tanto de los trabajadores como de la propia obra, que <strong>forma parte del patrimonio escult\u00f3rico de la ciudad.<\/strong><\/p>\n<p>La historia y el simbolismo de la obra<\/p>\n<p><img loading=\"lazy\" decoding=\"async\" class=\"aligncenter wp-image-1302554 size-full\" src=\"https:\/\/www.europesays.com\/es\/wp-content\/uploads\/2025\/11\/escultura-guardia-civil-cambia-ubicacion-puerto-ceuta-3.png\" alt=\"escultura-guardia-civil-cambia-ubicacion-puerto-ceuta-3\" width=\"468\" height=\"814\"  \/><\/p>\n<p>Este monumento a la Guardia Civil es <strong>obra del escultor toledano Luis Mart\u00edn de Vidales G\u00f3mez<\/strong>, autor de otras de las esculturas que hay en nuestra ciudad.<\/p>\n<p>La obra<strong> pesa 1.500 kilos<\/strong> y tiene dos metros y medio de altura. Por ello, la escultura destaca por su presencia imponente y su fuerte carga simb\u00f3lica.<\/p>\n<p>Un homenaje a la Benem\u00e9rita<\/p>\n<p>Se eligi\u00f3 de protagonista a una<strong> pareja de agentes vestida a la antigua usanza<\/strong> como <strong>reflejo de la historia que atesora este Cuerpo. <\/strong>La pareja de la Guardia Civil de servicio est\u00e1 ataviada con uniforme antiguo, el caracter\u00edstico<strong> tricornio y capa,<\/strong> un gui\u00f1o a la historia del Cuerpo.<\/p>\n<p>Adem\u00e1s, detr\u00e1s de los guardias se sit\u00faa un \u00e1rbol que quiere poner de manifiesto las <strong><a href=\"https:\/\/elfarodeceuta.es\/la-ciudad-reitera-su-apoyo-y-colaboracion-a-la-guardia-civil\/\" rel=\"nofollow noopener\" target=\"_blank\">ra\u00edces que unen a la Benem\u00e9rita con Ceuta.<\/a><\/strong><\/p>\n<p>El conjunto est\u00e1 soportado en una base en donde viene representado el escudo de la Ciudad junto a un mensaje y una dedicatoria dirigida al Instituto Armado.<\/p>\n","protected":false},"excerpt":{"rendered":"La obra dedicada a la Guardia Civil no abandona el puerto de Ceuta. Seguir\u00e1 en este entorno, vigilante,&hellip;\n","protected":false},"author":2,"featured_media":260245,"comment_status":"","ping_status":"","sticky":false,"template":"","format":"standard","meta":{"footnotes":""},"categories":[173],"tags":[229,233,231,230,232,234,146,147,25,24,23],"class_list":{"0":"post-260244","1":"post","2":"type-post","3":"status-publish","4":"format-standard","5":"has-post-thumbnail","7":"category-arte-y-diseno","8":"tag-arte","9":"tag-arte-y-diseno","10":"tag-arts","11":"tag-arts-and-design","12":"tag-design","13":"tag-diseno","14":"tag-entertainment","15":"tag-entretenimiento","16":"tag-es","17":"tag-espana","18":"tag-spain"},"share_on_mastodon":{"url":"https:\/\/pubeurope.com\/@es\/115627221636907914","error":""},"_links":{"self":[{"href":"https:\/\/www.europesays.com\/es\/wp-json\/wp\/v2\/posts\/260244","targetHints":{"allow":["GET"]}}],"collection":[{"href":"https:\/\/www.europesays.com\/es\/wp-json\/wp\/v2\/posts"}],"about":[{"href":"https:\/\/www.europesays.com\/es\/wp-json\/wp\/v2\/types\/post"}],"author":[{"embeddable":true,"href":"https:\/\/www.europesays.com\/es\/wp-json\/wp\/v2\/users\/2"}],"replies":[{"embeddable":true,"href":"https:\/\/www.europesays.com\/es\/wp-json\/wp\/v2\/comments?post=260244"}],"version-history":[{"count":0,"href":"https:\/\/www.europesays.com\/es\/wp-json\/wp\/v2\/posts\/260244\/revisions"}],"wp:featuredmedia":[{"embeddable":true,"href":"https:\/\/www.europesays.com\/es\/wp-json\/wp\/v2\/media\/260245"}],"wp:attachment":[{"href":"https:\/\/www.europesays.com\/es\/wp-json\/wp\/v2\/media?parent=260244"}],"wp:term":[{"taxonomy":"category","embeddable":true,"href":"https:\/\/www.europesays.com\/es\/wp-json\/wp\/v2\/categories?post=260244"},{"taxonomy":"post_tag","embeddable":true,"href":"https:\/\/www.europesays.com\/es\/wp-json\/wp\/v2\/tags?post=260244"}],"curies":[{"name":"wp","href":"https:\/\/api.w.org\/{rel}","templated":true}]}}