{"id":260248,"date":"2025-11-28T12:04:22","date_gmt":"2025-11-28T12:04:22","guid":{"rendered":"https:\/\/www.europesays.com\/es\/260248\/"},"modified":"2025-11-28T12:04:22","modified_gmt":"2025-11-28T12:04:22","slug":"ed-sheeran-se-lanza-a-la-aventura-mas-arriesgada-de-su-carrera-kiss-fm","status":"publish","type":"post","link":"https:\/\/www.europesays.com\/es\/260248\/","title":{"rendered":"Ed Sheeran se lanza a la aventura m\u00e1s arriesgada de su carrera \u2013 KISS FM"},"content":{"rendered":"<p>El brit\u00e1nico estrena un especial de una hora rodado en una sola toma por las calles de Nueva York.<\/p>\n<p>Si pensabas que ya hab\u00edas visto todo de Ed Sheeran, <strong>prep\u00e1rate para cambiar de idea<\/strong>. Hoy llega Sin cortes, con Ed Sheeran: Una experiencia musical, un especial de una hora que combina documental, locura t\u00e9cnica y mucha espontaneidad. El propio Sheeran ha encendido el entusiasmo en redes, confesando que este es <strong>el mejor proyecto de toda su carrera<\/strong> y que grabarlo ha sido \u201cuna aut\u00e9ntica locura\u201d.<\/p>\n<p>\u00bfLa clave de su magia? Exacto: <strong>una sola toma<\/strong>, sin cortes, sin trucos de edici\u00f3n. Solo Ed, una c\u00e1mara y el coraz\u00f3n de Nueva York convertido en escenario improvisado.<\/p>\n<p>Una hora sin respirar en la Gran Manzana<\/p>\n<p>La premisa es tan simple como ambiciosa: la c\u00e1mara sigue a Sheeran durante una hora mientras atraviesa la ciudad rumbo al teatro donde dar\u00e1 un concierto. Sin guion marcado, sin pausas, solo el caos delicioso de Nueva York.<\/p>\n<p>El especial captura momentos que podr\u00edan ocurrirte si un d\u00eda te cruzaras con \u00e9l: Ed cantando Shape of You en plena Quinta Avenida, improvisando en el metro o incluso <strong>ayudando a un fan a pedir matrimonio<\/strong> en mitad de la calle. Tambi\u00e9n lo vemos colarse en una fiesta de cumplea\u00f1os en una azotea, demostrando su versi\u00f3n m\u00e1s cercana y espont\u00e1nea.<\/p>\n<p>Philip Barantini, el director perfecto para una locura as\u00ed<\/p>\n<p>Para pilotar este reto, Sheeran ha contado con <strong>Philip Barantini<\/strong>, maestro del plano secuencia y responsable de la intensa Hierve y la serie Adolescencia. El director se ha mostrado tan entusiasmado como el cantante, destacando lo incre\u00edble que ha sido rodar este proyecto tan poco convencional.<\/p>\n<p>Su sello es evidente: una c\u00e1mara que flota alrededor de Ed con precisi\u00f3n quir\u00fargica, sorteando tr\u00e1fico, gente y emociones sin perder ni un segundo del directo.<\/p>\n<p>Cameos, risas y un Ed Sheeran m\u00e1s libre que nunca<\/p>\n<p>Aunque Ed es el alma del especial, hay espacio para sorpresas. Una de las m\u00e1s comentadas es la aparici\u00f3n de <strong>Camila Cabello<\/strong>, que se cruza \u201cpor casualidad\u201d con el brit\u00e1nico y hasta le da un empujoncito a su coche, regal\u00e1ndonos un momentazo improvisado con mucha qu\u00edmica.<\/p>\n<p>Sin cortes es un regalo para los fans, un experimento cinematogr\u00e1fico y un recordatorio de lo que pasa cuando un artista se deja llevar por la calle, la gente y la m\u00fasica en estado puro. Los 60 minutos vuelan, mezclando su \u00faltimo disco con hits hist\u00f3ricos bajo la luz ca\u00f3tica y m\u00e1gica de Nueva York.<\/p>\n<p>Prepara las palomitas, sube el volumen y d\u00e9jate arrastrar por esta experiencia inmersiva que ya puedes disfrutar en Netflix.<\/p>\n<p>Redacci\u00f3n (Agencias).<\/p>\n","protected":false},"excerpt":{"rendered":"El brit\u00e1nico estrena un especial de una hora rodado en una sola toma por las calles de Nueva&hellip;\n","protected":false},"author":2,"featured_media":260249,"comment_status":"","ping_status":"","sticky":false,"template":"","format":"standard","meta":{"footnotes":""},"categories":[170],"tags":[146,147,25,24,184,185,23],"class_list":{"0":"post-260248","1":"post","2":"type-post","3":"status-publish","4":"format-standard","5":"has-post-thumbnail","7":"category-musica","8":"tag-entertainment","9":"tag-entretenimiento","10":"tag-es","11":"tag-espana","12":"tag-music","13":"tag-musica","14":"tag-spain"},"share_on_mastodon":{"url":"https:\/\/pubeurope.com\/@es\/115627233568145757","error":""},"_links":{"self":[{"href":"https:\/\/www.europesays.com\/es\/wp-json\/wp\/v2\/posts\/260248","targetHints":{"allow":["GET"]}}],"collection":[{"href":"https:\/\/www.europesays.com\/es\/wp-json\/wp\/v2\/posts"}],"about":[{"href":"https:\/\/www.europesays.com\/es\/wp-json\/wp\/v2\/types\/post"}],"author":[{"embeddable":true,"href":"https:\/\/www.europesays.com\/es\/wp-json\/wp\/v2\/users\/2"}],"replies":[{"embeddable":true,"href":"https:\/\/www.europesays.com\/es\/wp-json\/wp\/v2\/comments?post=260248"}],"version-history":[{"count":0,"href":"https:\/\/www.europesays.com\/es\/wp-json\/wp\/v2\/posts\/260248\/revisions"}],"wp:featuredmedia":[{"embeddable":true,"href":"https:\/\/www.europesays.com\/es\/wp-json\/wp\/v2\/media\/260249"}],"wp:attachment":[{"href":"https:\/\/www.europesays.com\/es\/wp-json\/wp\/v2\/media?parent=260248"}],"wp:term":[{"taxonomy":"category","embeddable":true,"href":"https:\/\/www.europesays.com\/es\/wp-json\/wp\/v2\/categories?post=260248"},{"taxonomy":"post_tag","embeddable":true,"href":"https:\/\/www.europesays.com\/es\/wp-json\/wp\/v2\/tags?post=260248"}],"curies":[{"name":"wp","href":"https:\/\/api.w.org\/{rel}","templated":true}]}}