{"id":260254,"date":"2025-11-28T12:07:08","date_gmt":"2025-11-28T12:07:08","guid":{"rendered":"https:\/\/www.europesays.com\/es\/260254\/"},"modified":"2025-11-28T12:07:08","modified_gmt":"2025-11-28T12:07:08","slug":"los-casos-de-sarampion-subieron-un-47-en-europa-y-asia-central-el-ano-pasado-segun-la-oms","status":"publish","type":"post","link":"https:\/\/www.europesays.com\/es\/260254\/","title":{"rendered":"Los casos de sarampi\u00f3n subieron un 47% en Europa y Asia Central el a\u00f1o pasado, seg\u00fan la OMS"},"content":{"rendered":"<p>\n         Publicado<br \/>\n            28\/11\/2025 &#8211; 12:37 CET\n            <\/p>\n<p>Los casos de sarampi\u00f3n aumentaron un 47% en Europa y Asia Central el a\u00f1o pasado, debido en gran medida al descenso de las tasas de vacunaci\u00f3n, seg\u00fan un nuevo informe de la Organizaci\u00f3n Mundial de la Salud (OMS).<\/p>\n<p>La advertencia llega en medio de se\u00f1ales preocupantes de que el sarampi\u00f3n est\u00e1 resurgiendo a escala global, con los avances del siglo XXI en la reducci\u00f3n de infecciones y muertes empezando a desvanecerse.<\/p>\n<p>En 2024, se estima que 95.000 personas murieron por sarampi\u00f3n en todo el mundo, en su mayor\u00eda ni\u00f1os menores de 5 a\u00f1os. Son menos que las 780.000 muertes de 2000, pero la OMS afirm\u00f3 que \u00abcada muerte por una enfermedad que puede prevenirse con una vacuna muy eficaz y de bajo coste es inaceptable\u00bb.<\/p>\n<p>A nivel global, las campa\u00f1as de vacunaci\u00f3n contra el sarampi\u00f3n han salvado casi 59 millones de vidas desde el cambio de siglo, seg\u00fan la OMS.<\/p>\n<p>Sin embargo, hoy los casos de sarampi\u00f3n vuelven a crecer en todo el mundo. Se calculan 11 millones de contagios el a\u00f1o pasado, unos 800.000 m\u00e1s que antes de la pandemia.<\/p>\n<p>A comienzos de este a\u00f1o, el organismo se\u00f1al\u00f3 que hubo <a href=\"https:\/\/www.euronews.com\/health\/2025\/03\/14\/measles-cases-in-europe-and-central-asia-at-highest-level-in-over-25-years\" rel=\"nofollow noopener\" target=\"_blank\"><strong>m\u00e1s de 120.000 casos de sarampi\u00f3n<\/strong><\/a> en Europa y Asia Central en 2024, el nivel m\u00e1s alto en m\u00e1s de 25 a\u00f1os.<\/p>\n<p>El a\u00f1o pasado se registraron grandes brotes de sarampi\u00f3n en 59 pa\u00edses, casi el triple de los notificados en 2021, seg\u00fan la OMS.<\/p>\n<p>\u00abEl sarampi\u00f3n es el virus m\u00e1s contagioso del mundo, y estos datos demuestran una vez m\u00e1s c\u00f3mo aprovechar\u00e1 cualquier brecha en nuestras defensas colectivas\u00bb, dijo en un comunicado el director de la OMS, Tedros Adhanom Ghebreyesus.<\/p>\n<p>La agencia se\u00f1al\u00f3 que el creciente n\u00famero de personas que renuncian a vacunarse es un factor clave de los brotes. El sarampi\u00f3n es tan contagioso que las autoridades sanitarias aseguran que al menos el 95% de la poblaci\u00f3n debe estar inmunizada para protegerla frente al virus.<\/p>\n<p>A nivel global, se estima que el 84% de los ni\u00f1os recibi\u00f3 la primera dosis de la vacuna contra el sarampi\u00f3n el a\u00f1o pasado, mientras que el 76% recibi\u00f3 la segunda, seg\u00fan datos de la OMS. Es un leve avance respecto al a\u00f1o anterior, con dos millones de ni\u00f1os m\u00e1s vacunados.<\/p>\n<p>Sin embargo, dej\u00f3 a m\u00e1s de 30 millones de ni\u00f1os con protecci\u00f3n insuficiente frente al sarampi\u00f3n en 2024, sobre todo en \u00c1frica y la regi\u00f3n del Mediterr\u00e1neo Oriental.<\/p>\n<p>Los brotes pueden producirse incluso en pa\u00edses con altas tasas de inmunizaci\u00f3n si existen grupos de poblaci\u00f3n sin vacunar.<\/p>\n<p>La OMS advirti\u00f3 de que el sarampi\u00f3n suele ser la primera enfermedad en reaparecer cuando decaen las tasas de vacunaci\u00f3n, y se\u00f1al\u00f3 que el aumento de brotes pone de relieve fallos en los sistemas de salud y en los programas de inmunizaci\u00f3n de todo el mundo.<\/p>\n<p>En particular, los ni\u00f1os que superan el sarampi\u00f3n corren mayor riesgo de sufrir complicaciones graves como neumon\u00eda, ceguera y encefalitis, que puede provocar inflamaci\u00f3n y da\u00f1o cerebral.<\/p>\n<p>La OMS pidi\u00f3 m\u00e1s financiaci\u00f3n y esfuerzos renovados para eliminar el sarampi\u00f3n en todo el mundo.<\/p>\n<p>\u00abEl sarampi\u00f3n no entiende de fronteras, pero cuando todos los ni\u00f1os de todas las comunidades est\u00e1n vacunados, se evitan brotes costosos, se salvan vidas y esta enfermedad puede erradicarse en pa\u00edses enteros\u00bb, afirm\u00f3 Tedros.<\/p>\n","protected":false},"excerpt":{"rendered":"Publicado 28\/11\/2025 &#8211; 12:37 CET Los casos de sarampi\u00f3n aumentaron un 47% en Europa y Asia Central el&hellip;\n","protected":false},"author":2,"featured_media":260255,"comment_status":"","ping_status":"","sticky":false,"template":"","format":"standard","meta":{"footnotes":""},"categories":[92],"tags":[16294,25,24,165,166,1452,3829,23,7589],"class_list":{"0":"post-260254","1":"post","2":"type-post","3":"status-publish","4":"format-standard","5":"has-post-thumbnail","7":"category-salud","8":"tag-controversia-de-las-vacunas","9":"tag-es","10":"tag-espana","11":"tag-health","12":"tag-salud","13":"tag-salud-publica","14":"tag-sarampion","15":"tag-spain","16":"tag-vacunacion"},"share_on_mastodon":{"url":"https:\/\/pubeurope.com\/@es\/115627245133932898","error":""},"_links":{"self":[{"href":"https:\/\/www.europesays.com\/es\/wp-json\/wp\/v2\/posts\/260254","targetHints":{"allow":["GET"]}}],"collection":[{"href":"https:\/\/www.europesays.com\/es\/wp-json\/wp\/v2\/posts"}],"about":[{"href":"https:\/\/www.europesays.com\/es\/wp-json\/wp\/v2\/types\/post"}],"author":[{"embeddable":true,"href":"https:\/\/www.europesays.com\/es\/wp-json\/wp\/v2\/users\/2"}],"replies":[{"embeddable":true,"href":"https:\/\/www.europesays.com\/es\/wp-json\/wp\/v2\/comments?post=260254"}],"version-history":[{"count":0,"href":"https:\/\/www.europesays.com\/es\/wp-json\/wp\/v2\/posts\/260254\/revisions"}],"wp:featuredmedia":[{"embeddable":true,"href":"https:\/\/www.europesays.com\/es\/wp-json\/wp\/v2\/media\/260255"}],"wp:attachment":[{"href":"https:\/\/www.europesays.com\/es\/wp-json\/wp\/v2\/media?parent=260254"}],"wp:term":[{"taxonomy":"category","embeddable":true,"href":"https:\/\/www.europesays.com\/es\/wp-json\/wp\/v2\/categories?post=260254"},{"taxonomy":"post_tag","embeddable":true,"href":"https:\/\/www.europesays.com\/es\/wp-json\/wp\/v2\/tags?post=260254"}],"curies":[{"name":"wp","href":"https:\/\/api.w.org\/{rel}","templated":true}]}}