{"id":260260,"date":"2025-11-28T12:10:12","date_gmt":"2025-11-28T12:10:12","guid":{"rendered":"https:\/\/www.europesays.com\/es\/260260\/"},"modified":"2025-11-28T12:10:12","modified_gmt":"2025-11-28T12:10:12","slug":"huelga-en-contra-de-la-estatalizacion-en-bizkaia-y-araba-ela-sindikatua","status":"publish","type":"post","link":"https:\/\/www.europesays.com\/es\/260260\/","title":{"rendered":"Huelga en contra de la estatalizaci\u00f3n en Bizkaia y Araba \u2014 ELA Sindikatua"},"content":{"rendered":"<p>\n              En Gasteiz, por ejemplo, las tiendas de Decimas, Polinesia y Woman secret, entre otras, han  cerrado sus puertas con motivo de la huelga; en Bizkaia, el Grupo Tendam, Stradivarius, Oysho, Lefties, Desigual, HyM, Zara o Berskha tambien han secundado de manera amplia la convocatoria en las movilizaciones.\n              <\/p>\n<p align=\"justify\" class=\"text-start\">La jornada de huelga convocada en el comercio de grandes marcas de Araba y Bizkaia hoy, 28 de noviembre (d\u00eda del Black Friday), ha tenido un amplio seguimiento, lo que evidencia qu todo el sector rechaza la estatalizaci\u00f3n del convenio provincial. El sindicato remarca que el seguimiento de la huelga demuestra que todo el sector est\u00e1 a favor de negociar las condiciones laborales en el \u00e1mbito propio del territorio.<\/p>\n<p align=\"justify\" class=\"text-start\">Desde primeras horas de la ma\u00f1ana, las trabajadoras y trabajadores han paralizado la actividad en establecimientos con piquetes informativos, concentraciones y movilizaciones.<\/p>\n<p align=\"justify\" class=\"text-start\">En Gasteiz, por ejemplo, las tiendas de Decimas, Polinesia y Woman secret, entre otras, han cerrado sus puertas con motivo de la huelga; en Bizkaia, el Grupo Tendam, Stradivarius, Oysho, Lefties, Desigual, HyM, Zara o Berskha tambien han secundado de manera amplia la convocatoria en las movilizaciones.<\/p>\n<p align=\"justify\" class=\"text-start\">En Bilbao, se ha realizado una manifestaci\u00f3n desde la plaza Moyua donde han defendido la importancia de salvaguardad un marco regulador propio que consideran \u201cclave para la calidad del empleo, la profesionalizaci\u00f3n y la estabilidad de las plantillas\u201d. Porque el convenio provincial \u201cno es solo un documento t\u00e9cnico, sino una herramienta que garantiza derechos, equilibra relaciones laborales y protege la especificidad del comercio de Bizkaia frente a la homogeneizaci\u00f3n estatal\u201d. Asimismo, han denunciado que la estatizaci\u00f3n \u201csupondr\u00eda un retroceso significativo\u201d en materia salarial, de jornada, conciliaci\u00f3n y otros derechos consolidados a lo largo de d\u00e9cadas de negociaci\u00f3n colectiva.<\/p>\n<p align=\"justify\" class=\"text-start\">En Araba, ser\u00e1 a la tarde cuando las trabajadoras se concentren a las 18:00h frente al Corte Ingl\u00e9s. Durante la ma\u00f1ana, los distintos piquetes han socializado el mismo mensaje de las compa\u00f1eras de Bizkaia en favor del convenio provincial y en contra de la estatalizaci\u00f3n y empeoramiento de las condicione laborales.<\/p>\n","protected":false},"excerpt":{"rendered":"En Gasteiz, por ejemplo, las tiendas de Decimas, Polinesia y Woman secret, entre otras, han cerrado sus puertas&hellip;\n","protected":false},"author":2,"featured_media":260261,"comment_status":"","ping_status":"","sticky":false,"template":"","format":"standard","meta":{"footnotes":""},"categories":[80],"tags":[82,95,94,25,24,23],"class_list":{"0":"post-260260","1":"post","2":"type-post","3":"status-publish","4":"format-standard","5":"has-post-thumbnail","7":"category-economia","8":"tag-business","9":"tag-economia","10":"tag-economy","11":"tag-es","12":"tag-espana","13":"tag-spain"},"share_on_mastodon":{"url":"https:\/\/pubeurope.com\/@es\/115627256990625946","error":""},"_links":{"self":[{"href":"https:\/\/www.europesays.com\/es\/wp-json\/wp\/v2\/posts\/260260","targetHints":{"allow":["GET"]}}],"collection":[{"href":"https:\/\/www.europesays.com\/es\/wp-json\/wp\/v2\/posts"}],"about":[{"href":"https:\/\/www.europesays.com\/es\/wp-json\/wp\/v2\/types\/post"}],"author":[{"embeddable":true,"href":"https:\/\/www.europesays.com\/es\/wp-json\/wp\/v2\/users\/2"}],"replies":[{"embeddable":true,"href":"https:\/\/www.europesays.com\/es\/wp-json\/wp\/v2\/comments?post=260260"}],"version-history":[{"count":0,"href":"https:\/\/www.europesays.com\/es\/wp-json\/wp\/v2\/posts\/260260\/revisions"}],"wp:featuredmedia":[{"embeddable":true,"href":"https:\/\/www.europesays.com\/es\/wp-json\/wp\/v2\/media\/260261"}],"wp:attachment":[{"href":"https:\/\/www.europesays.com\/es\/wp-json\/wp\/v2\/media?parent=260260"}],"wp:term":[{"taxonomy":"category","embeddable":true,"href":"https:\/\/www.europesays.com\/es\/wp-json\/wp\/v2\/categories?post=260260"},{"taxonomy":"post_tag","embeddable":true,"href":"https:\/\/www.europesays.com\/es\/wp-json\/wp\/v2\/tags?post=260260"}],"curies":[{"name":"wp","href":"https:\/\/api.w.org\/{rel}","templated":true}]}}