{"id":260264,"date":"2025-11-28T12:12:11","date_gmt":"2025-11-28T12:12:11","guid":{"rendered":"https:\/\/www.europesays.com\/es\/260264\/"},"modified":"2025-11-28T12:12:11","modified_gmt":"2025-11-28T12:12:11","slug":"homenaje-historico-de-alemania-a-las-victimas-de-guernica","status":"publish","type":"post","link":"https:\/\/www.europesays.com\/es\/260264\/","title":{"rendered":"Homenaje hist\u00f3rico de Alemania a las v\u00edctimas de Guernica"},"content":{"rendered":"<p>El presidente de Alemania, <strong>Frank-Walter Steinmeier<\/strong>, ha protagonizado una visita hist\u00f3rica al Pa\u00eds Vasco este viernes, marcando un gesto de profundo simbolismo al convertirse en el <strong>primer jefe de Estado germano<\/strong> en visitar <strong>Gernika<\/strong>, la <a href=\"https:\/\/www.cultura.gob.es\/cultura\/areas\/archivos\/mc\/archivos\/cdmh\/destacados\/2017\/bombardeo-gernika.html\" target=\"_blank\" rel=\"nofollow noopener\">villa foral que fue devastada<\/a> por el <strong>bombardeo de la Legi\u00f3n C\u00f3ndor<\/strong> alemana y la Aviaci\u00f3n Legionaria italiana el <strong>26 de abril de 1937<\/strong>. <\/p>\n<p>Esta visita, que forma parte de su <strong>viaje de Estado a Espa\u00f1a<\/strong>, tiene como acto central la <strong>ofrenda floral<\/strong> en recuerdo de las v\u00edctimas de aquel ataque, considerado el primer bombardeo a\u00e9reo masivo contra una poblaci\u00f3n civil, donde tambi\u00e9n estar\u00e1 presente el Rey <strong>Felipe VI<\/strong>.<\/p>\n<p>La jornada ha comenzado en <strong>Vitoria<\/strong>, donde el avi\u00f3n presidencial procedente de Madrid aterriz\u00f3 en el aeropuerto de Foronda con un <strong>retraso cercano a una hora<\/strong> debido a las condiciones meteorol\u00f3gicas. Desde all\u00ed, Steinmeier y su esposa, <strong>Elke B\u00fcdenbender<\/strong>, se dirigieron al palacio de <strong>Ajuria Enea<\/strong>, la residencia oficial del lehendakari, para ser recibidos por <strong>Imanol Pradales<\/strong>. <\/p>\n<p>Aurresku, makila y Agur jaunak<\/p>\n<p>El acto de bienvenida fue solemne y se desarroll\u00f3 sin declaraciones, donde el presidente alem\u00e1n fue recibido con el tradicional baile de honor, el <strong>aurresku<\/strong>, mientras sonaba el Agur jaunak, una de las canciones populares m\u00e1s <strong>emblem\u00e1ticas y tradicionales<\/strong> del Pa\u00eds Vasco.<\/p>\n<p>Dentro del palacio, el lehendakari Pradales guio a Steinmeier y a una representaci\u00f3n de las instituciones vascas y alemanas, explicando la historia del primer lehendakari, <strong>Jos\u00e9 Antonio Aguirre<\/strong>, y le hizo entrega de una <strong>makila<\/strong>, el tradicional <strong>bast\u00f3n vasco de mando<\/strong>, como obsequio. <\/p>\n<p>Tras aproximadamente media hora en Ajuria Enea, la delegaci\u00f3n parti\u00f3 hacia Gernika para llevar a cabo el <strong>emotivo homenaje<\/strong>. Una vez concluida su visita en la villa, que tambi\u00e9n incluir\u00e1 un recorrido por el <strong>Museo de la Paz<\/strong>, el presidente alem\u00e1n se trasladar\u00e1 por la tarde a <strong>Bilbao<\/strong> para visitar el Colegio Alem\u00e1n y el Museo Guggenheim.<\/p>\n","protected":false},"excerpt":{"rendered":"El presidente de Alemania, Frank-Walter Steinmeier, ha protagonizado una visita hist\u00f3rica al Pa\u00eds Vasco este viernes, marcando un&hellip;\n","protected":false},"author":2,"featured_media":260265,"comment_status":"","ping_status":"","sticky":false,"template":"","format":"standard","meta":{"footnotes":""},"categories":[8],"tags":[17,18,25,24,13,14,11,19,20,9,10,15,16,23,12,21,22],"class_list":{"0":"post-260264","1":"post","2":"type-post","3":"status-publish","4":"format-standard","5":"has-post-thumbnail","7":"category-espana","8":"tag-breaking-news","9":"tag-breakingnews","10":"tag-es","11":"tag-espana","12":"tag-featured-news","13":"tag-featurednews","14":"tag-headlines","15":"tag-latest-news","16":"tag-latestnews","17":"tag-news","18":"tag-noticias","19":"tag-noticias-destacadas","20":"tag-noticiasdestacadas","21":"tag-spain","22":"tag-titulares","23":"tag-ultimas-noticias","24":"tag-ultimasnoticias"},"share_on_mastodon":{"url":"https:\/\/pubeurope.com\/@es\/115627264853166337","error":""},"_links":{"self":[{"href":"https:\/\/www.europesays.com\/es\/wp-json\/wp\/v2\/posts\/260264","targetHints":{"allow":["GET"]}}],"collection":[{"href":"https:\/\/www.europesays.com\/es\/wp-json\/wp\/v2\/posts"}],"about":[{"href":"https:\/\/www.europesays.com\/es\/wp-json\/wp\/v2\/types\/post"}],"author":[{"embeddable":true,"href":"https:\/\/www.europesays.com\/es\/wp-json\/wp\/v2\/users\/2"}],"replies":[{"embeddable":true,"href":"https:\/\/www.europesays.com\/es\/wp-json\/wp\/v2\/comments?post=260264"}],"version-history":[{"count":0,"href":"https:\/\/www.europesays.com\/es\/wp-json\/wp\/v2\/posts\/260264\/revisions"}],"wp:featuredmedia":[{"embeddable":true,"href":"https:\/\/www.europesays.com\/es\/wp-json\/wp\/v2\/media\/260265"}],"wp:attachment":[{"href":"https:\/\/www.europesays.com\/es\/wp-json\/wp\/v2\/media?parent=260264"}],"wp:term":[{"taxonomy":"category","embeddable":true,"href":"https:\/\/www.europesays.com\/es\/wp-json\/wp\/v2\/categories?post=260264"},{"taxonomy":"post_tag","embeddable":true,"href":"https:\/\/www.europesays.com\/es\/wp-json\/wp\/v2\/tags?post=260264"}],"curies":[{"name":"wp","href":"https:\/\/api.w.org\/{rel}","templated":true}]}}