{"id":260266,"date":"2025-11-28T12:13:17","date_gmt":"2025-11-28T12:13:17","guid":{"rendered":"https:\/\/www.europesays.com\/es\/260266\/"},"modified":"2025-11-28T12:13:17","modified_gmt":"2025-11-28T12:13:17","slug":"agenda-para-el-fin-de-semana-3","status":"publish","type":"post","link":"https:\/\/www.europesays.com\/es\/260266\/","title":{"rendered":"Agenda para el fin de semana"},"content":{"rendered":"<p>                            <img width=\"1175\" height=\"985\" src=\"https:\/\/www.europesays.com\/es\/wp-content\/uploads\/2025\/10\/Agenda-2.jpg\" class=\"attachment-post-thumbnail size-post-thumbnail wp-post-image\" alt=\"\" decoding=\"async\" fetchpriority=\"high\"  \/>                            <\/p>\n<p><strong>Viernes 28 de noviembre<\/strong><\/p>\n<p><strong>Apertura del Mercado Navide\u00f1o<\/strong>.<\/p>\n<p><strong>Lugar<\/strong>: calle Grande y plaza del Raso.<\/p>\n<p><strong>Hora<\/strong>:<strong> 17:00. <\/strong><\/p>\n<p>\u00a0<\/p>\n<p><strong>Taller infantil y gratuito \u2018Bolas de \u00e1rbol navide\u00f1as\u2019<\/strong>.<\/p>\n<p><strong>Lugar<\/strong>: caseta del CJCC.<\/p>\n<p><strong>Hora<\/strong>:<strong> 18:00<\/strong>.<\/p>\n<p>Colabora: Consejo de la Juventud Comarcal de Calahorra (CJCC).<\/p>\n<p><strong>\u00a0<\/strong><\/p>\n<p><strong>Encendido de las luces de Navidad<\/strong>.<\/p>\n<p>Actuaci\u00f3n musical del coro \u2018Cantalegre\u2019 del colegio San Agust\u00edn.<\/p>\n<p><strong>Lugar<\/strong>: glorieta Quintiliano.<\/p>\n<p><strong>Hora<\/strong>:<strong> 19:00<\/strong>.<\/p>\n<p>A continuaci\u00f3n, <strong>reparto de chocolate<\/strong> del grupo Scout Nuestra S\u00aa de Guadalupe.<\/p>\n<p><strong>Lugar<\/strong>: plaza del Raso.<\/p>\n<p>\u00a0<\/p>\n<p><strong>XXXIX Jornadas de monta\u00f1a y aventura de Calahorra<\/strong>.<\/p>\n<p>Ruth Forn\u00f3s \u2018Abriendo camino Groenlandia\u2019<\/p>\n<p><strong>Lugar<\/strong>: Centro cultural Fundaci\u00f3n Caja Rioja.<\/p>\n<p><strong>Hora<\/strong>:<strong> 19:00<\/strong>.<\/p>\n<p>Organiza: Club de Monta\u00f1a Calahorra con la colaboraci\u00f3n del Ayuntamiento de Calahorra.<\/p>\n<p>\u00a0<\/p>\n<p><strong>Conferencia \u2018La obra del arquitecto Agapito del Valle en Calahorra\u2019<\/strong>.<\/p>\n<p><strong>Ponente<\/strong>: Jos\u00e9 Miguel Le\u00f3n (arquitecto)<\/p>\n<p><strong>Lugar<\/strong>: sala cultural \u2018Ermita de la Concepci\u00f3n\u2019<\/p>\n<p><strong>Hora<\/strong>:<strong> 20:00<\/strong>.<\/p>\n<p>Organiza: Instituto de Estudios Riojanos y Amigos de la Historia de Calahorra.<\/p>\n<p>\u00a0<\/p>\n<p><strong>Cierre de la primera jornada del Mercado Navide\u00f1o<\/strong>.<\/p>\n<p><strong>Hora<\/strong>:<strong> 20:30. <\/strong><\/p>\n<p>\u00a0<\/p>\n<p><strong>S\u00e1bado 29 de <\/strong><strong>noviembre<\/strong><\/p>\n<p><strong>Apertura del Mercado Navide\u00f1o<\/strong>.<\/p>\n<p><strong>Lugar<\/strong>: calle Grande y plaza del Raso.<\/p>\n<p><strong>Hora<\/strong>:<strong> 11:00. <\/strong><\/p>\n<p><strong>\u00a0<\/strong><\/p>\n<p><strong>Taller infantil y gratuito \u2018Mandalas navide\u00f1as\u2019<\/strong>.<\/p>\n<p><strong>Lugar<\/strong>: caseta del CJCC.<\/p>\n<p><strong>Hora<\/strong>:<strong> 12:00<\/strong>.<\/p>\n<p>Colabora: Consejo de la Juventud Comarcal de Calahorra (CJCC).<\/p>\n<p><strong>\u00a0<\/strong><\/p>\n<p><strong>Visita guiada a la Catedral de Santa Mar\u00eda<\/strong>.<\/p>\n<p>Incluye el Museo Diocesano y la Sacrist\u00eda.<\/p>\n<p><strong>Punto de encuentro<\/strong>: puerta del claustro.<\/p>\n<p><strong>Hora<\/strong>: <strong>12:00<\/strong>.<\/p>\n<p><strong>\u00a0<\/strong><\/p>\n<p><strong>Concierto de la Banda Juvenil de la Escuela Municipal de M\u00fasica y Artes Esc\u00e9nicas \u2018Maestro Arroyo\u2019<\/strong>.<\/p>\n<p><strong>Lugar<\/strong>: plaza del Raso. En caso de lluvia se realizar\u00e1 en la plaza de Abastos.<\/p>\n<p><strong>Hora<\/strong>: <strong>12:15<\/strong>.<\/p>\n<p>\u00a0<\/p>\n<p><strong>\u2018El mago de los globos encantados\u2019<\/strong>.<\/p>\n<p><strong>Lugar<\/strong>: plaza del Raso.<\/p>\n<p><strong>Hora<\/strong>: <strong>12:15<\/strong>.<\/p>\n<p><strong>\u00a0<\/strong><\/p>\n<p><strong>Taller navide\u00f1o de pi\u00f1as animadas. <\/strong><\/p>\n<p><strong>Lugar<\/strong>: plaza de Abastos.<\/p>\n<p><strong>Hora<\/strong>: <strong>12:30<\/strong>.<\/p>\n<p><strong>Precio<\/strong>: 1\u20ac o 1kg. De alimentos para entregar a una ONG de Calahorra.<\/p>\n<p>Organiza: club cultural y de coleccionismo \u2018El Lazarillo\u2019.<\/p>\n<p><strong>\u00a0<\/strong><\/p>\n<p><strong>Taller infantil y gratuito \u2018Devora y decora brochetas de arbolitos de Navidad\u2019<\/strong>.<\/p>\n<p><strong>Lugar<\/strong>: sede de la pe\u00f1a Philips.<\/p>\n<p><strong>Hora<\/strong>: <strong>13:15<\/strong>.<\/p>\n<p>Plazas limitadas.<\/p>\n<p>\u00a0<\/p>\n<p><strong>Taller infantil y gratuito \u2018Dise\u00f1a tu chapa navide\u00f1a<\/strong>.<\/p>\n<p><strong>Lugar<\/strong>: caseta del CJCC.<\/p>\n<p><strong>Hora<\/strong>:<strong> 18:00<\/strong>.<\/p>\n<p>Colabora: Consejo de la Juventud Comarcal de Calahorra (CJCC).<\/p>\n<p><strong>\u00a0<\/strong><\/p>\n<p><strong>\u2018Navidad m\u00e1gica: Pap\u00e1 Noel te escucha y el \u00e1rbol guarda tus deseos\u2019<\/strong>.<\/p>\n<p><strong>Lugar<\/strong>: plaza del Raso.<\/p>\n<p><strong>Hora<\/strong>: <strong>18:00 a 20:00<\/strong>.<\/p>\n<p>Sesi\u00f3n fotogr\u00e1fica. Se regalar\u00e1 la fotograf\u00eda.<\/p>\n<p>\u00a0<\/p>\n<p><strong>Concierto de Navidad \u2018Villancicos bajo las estrellas\u2019<\/strong>.<\/p>\n<p><strong>Intervienen: Marta Jim\u00e9nez (soprano l\u00edrica), Mar Ruiz Mart\u00edn (cantante de jazz) y Diego Belzunegui al piano<\/strong>.<\/p>\n<p><strong>Lugar<\/strong>: plaza del Raso (en caso de mal tiempo se celebrar\u00e1 en la plaza de Abastos).<\/p>\n<p><strong>Hora<\/strong>: <strong>18:15<\/strong>.<\/p>\n<p><strong>\u00a0<\/strong><\/p>\n<p><strong>Taller de navidad con lazos y botones<\/strong>.<\/p>\n<p><strong>Lugar<\/strong>: plaza de Abastos.<\/p>\n<p><strong>Hora<\/strong>: <strong>18:30<\/strong>.<\/p>\n<p><strong>Precio<\/strong>: 1\u20ac o 1kg. De alimentos para entregar a una ONG de Calahorra.<\/p>\n<p>Organiza: club cultural y de coleccionismo \u2018El Lazarillo\u2019.<\/p>\n<p><strong>\u00a0<\/strong><\/p>\n<p><strong>Cata gourmet de pinchos y vinos riojanos \u2018Caprichos de invierno\u2019<\/strong>.<\/p>\n<p><strong>Lugar<\/strong>: sede de la pe\u00f1a Philips.<\/p>\n<p><strong>Hora<\/strong>: <strong>19:15<\/strong>.<\/p>\n<p><strong>Precio<\/strong>: 5\u20ac<\/p>\n<p>Plazas limitadas.<\/p>\n<p>\u00a0<\/p>\n<p><strong>Taller creativo de Lego<\/strong>.<\/p>\n<p><strong>Lugar<\/strong>: plaza de Abastos.<\/p>\n<p><strong>Hora<\/strong>: <strong>19:30<\/strong>.<\/p>\n<p><strong>Precio<\/strong>: 1\u20ac o 1kg. De alimentos para entregar a una ONG de Calahorra.<\/p>\n<p>Organiza: club cultural y de coleccionismo \u2018El Lazarillo\u2019.<\/p>\n<p>\u00a0<\/p>\n<p><strong>Cierre de la segunda jornada del Mercado Navide\u00f1o<\/strong>.<\/p>\n<p><strong>Hora<\/strong>:<strong> 20:30. <\/strong><\/p>\n<p>\u00a0<\/p>\n<p><strong>Domingo 30 de noviembre<\/strong><\/p>\n<p><strong>Apertura del Mercado Navide\u00f1o<\/strong>.<\/p>\n<p><strong>Lugar<\/strong>: calle Grande y plaza del Raso.<\/p>\n<p><strong>Hora<\/strong>:<strong> 11:00. <\/strong><\/p>\n<p><strong>\u00a0<\/strong><\/p>\n<p><strong>Taller navide\u00f1o de pi\u00f1as animadas. <\/strong><\/p>\n<p><strong>Lugar<\/strong>: plaza de Abastos.<\/p>\n<p><strong>Hora<\/strong>: <strong>11:00<\/strong>.<\/p>\n<p><strong>Precio<\/strong>: 1\u20ac o 1kg. De alimentos para entregar a una ONG de Calahorra.<\/p>\n<p>Organiza: club cultural y de coleccionismo \u2018El Lazarillo\u2019.<\/p>\n<p><strong>\u00a0<\/strong><\/p>\n<p><strong>Taller infantil y gratuito \u2018Mariposas brillantes<\/strong>.<\/p>\n<p><strong>Lugar<\/strong>: caseta del CJCC.<\/p>\n<p><strong>Hora<\/strong>:<strong> 12:00<\/strong>.<\/p>\n<p>Colabora: Consejo de la Juventud Comarcal de Calahorra (CJCC).<\/p>\n<p><strong>\u00a0<\/strong><\/p>\n<p><strong>Trucos, globos y risas con el mago Juancho<\/strong>.<\/p>\n<p><strong>Lugar<\/strong>: plaza del Raso.<\/p>\n<p><strong>Hora<\/strong>: <strong>12:15<\/strong>.<\/p>\n<p>Elaboraci\u00f3n de figuras con globos y juegos para ni\u00f1os.<\/p>\n<p><strong>\u00a0<\/strong><\/p>\n<p><strong>Taller gratuito de elaboraci\u00f3n de centros de mesa navide\u00f1os \u2018Jard\u00edn de invierno\u2019<\/strong>.<\/p>\n<p><strong>Lugar<\/strong>: sede de la pe\u00f1a Philips.<\/p>\n<p><strong>Hora<\/strong>: <strong>12:30<\/strong>.<\/p>\n<p>Plazas limitadas.<\/p>\n<p><strong>\u00a0<\/strong><\/p>\n<p><strong>La visita m\u00e1s esperada \u2018Un selfie con tus mu\u00f1ecos amigos\u2019<\/strong>.<\/p>\n<p><strong>Lugar<\/strong>: calle Grande y plaza del Raso.<\/p>\n<p><strong>Hora<\/strong>:<strong> 12:30 a 14:00<\/strong>.<\/p>\n<p><strong>\u00a0<\/strong><\/p>\n<p><strong>Taller creativo de Lego<\/strong>.<\/p>\n<p><strong>Lugar<\/strong>: plaza de Abastos.<\/p>\n<p><strong>Hora<\/strong>: <strong>12:30<\/strong>.<\/p>\n<p><strong>Precio<\/strong>: 1\u20ac o 1kg. De alimentos para entregar a una ONG de Calahorra.<\/p>\n<p>Organiza: club cultural y de coleccionismo \u2018El Lazarillo\u2019.<\/p>\n<p><strong>\u2018Navidad m\u00e1gica: Pap\u00e1 Noel te escucha y el \u00e1rbol guarda tus deseos\u2019<\/strong>.<\/p>\n<p><strong>Lugar<\/strong>: plaza del Raso.<\/p>\n<p><strong>Hora<\/strong>: <strong>18:00 a 20:00<\/strong>.<\/p>\n<p>Sesi\u00f3n fotogr\u00e1fica. Se regalar\u00e1 la fotograf\u00eda.<\/p>\n<p><strong>\u00a0<\/strong><\/p>\n<p><strong>Partidas r\u00e1pidas de ajedrez con tablero navide\u00f1o y taller de imanes<\/strong>.<\/p>\n<p><strong>Lugar<\/strong>: caseta del CJCC.<\/p>\n<p><strong>Hora<\/strong>:<strong> 18:00<\/strong>.<\/p>\n<p>Colabora: Consejo de la Juventud Comarcal de Calahorra (CJCC).<\/p>\n<p><strong>\u00a0<\/strong><\/p>\n<p><strong>Animaci\u00f3n teatral \u2018La ni\u00f1era voladora y el maestro de las chimeneas\u2019<\/strong>.<\/p>\n<p><strong>Lugar<\/strong>: calle Grande y plaza del Raso.<\/p>\n<p><strong>Hora<\/strong>:<strong> 18:15<\/strong>.<\/p>\n<p><strong>\u00a0<\/strong><\/p>\n<p><strong>Espect\u00e1culo \u2018Las ratas\u2019<\/strong>.<\/p>\n<p><strong>Compa\u00f1\u00eda<\/strong>: La Rural.<\/p>\n<p><strong>Int\u00e9rprete<\/strong>: Javier Mart\u00ednez-Losa Zapata.<\/p>\n<p><strong>Lugar<\/strong>: teatro Ideal.<\/p>\n<p><strong>Hora<\/strong>:<strong> 19:00<\/strong>.<\/p>\n<p><strong>\u00a0<\/strong><\/p>\n<p><strong>\u00a0\u2018Un abrazo dulce con chocolate y bollo\u2019<\/strong>.<\/p>\n<p><strong>Lugar<\/strong>: calle Grande (en caso de mal tiempo, portales de calle Grande).<\/p>\n<p><strong>Hora<\/strong>:<strong> 19:15<\/strong>.<\/p>\n<p><strong>\u00a0<\/strong><\/p>\n<p><strong>Clausura del XIV del Mercado Navide\u00f1o<\/strong>.<\/p>\n<p><strong>Hora<\/strong>:<strong> 20:30. <\/strong><\/p>\n<p><strong>\u00a0<\/strong><\/p>\n<p><strong>OTROS EVENTOS<\/strong><\/p>\n<p><strong>HINCHABLES: \u2018El Gran Descenso Polar: \u00a130 metros de trineo, hinchables m\u00e1gicos y La Casita de Cuento!\u2019. <\/strong><\/p>\n<p><strong>Lugar: <\/strong>plaza del Mercado y aparcamiento de la calle Coliseo.<\/p>\n<p><strong>Horario: <\/strong>s\u00e1bado y domingo de 11:00 a 14:00 y 17:00 a 20:30.<\/p>\n<p>\u00a0<\/p>\n<p><strong>RASTRILLO NAVIDE\u00d1O. <\/strong><\/p>\n<p><strong>Lugar: <\/strong>plaza de Abastos.<\/p>\n<p><strong>Horario: <\/strong>s\u00e1bado de 11:00 a 14:00 horas y 17:00 a 21:00 horas. Domingo de 10:30 a 14:00 horas.<\/p>\n<p>Organiza: club cultural y de coleccionismo \u2018El Lazarillo\u2019.<\/p>\n<p>\u00a0<\/p>\n<p><strong>EXPOSICIONES<\/strong><\/p>\n<p><strong>Exposici\u00f3n \u2018V Concurso fotogr\u00e1fico de turismo de naturaleza de Calahorra\u2019. <\/strong><\/p>\n<p><strong>Lugar: <\/strong>casa de los Curas.<\/p>\n<p><strong>Horario<\/strong>: de lunes a viernes de 8:30 a 14:30 horas, los jueves, viernes y s\u00e1bado de 18:00 a 20:00 horas y los domingos y festivos de 12:00 a 14:00 horas.<\/p>\n","protected":false},"excerpt":{"rendered":"Viernes 28 de noviembre Apertura del Mercado Navide\u00f1o. Lugar: calle Grande y plaza del Raso. Hora: 17:00. \u00a0&hellip;\n","protected":false},"author":2,"featured_media":168905,"comment_status":"","ping_status":"","sticky":false,"template":"","format":"standard","meta":{"footnotes":""},"categories":[5],"tags":[17,18,25,24,13,14,11,19,20,9,10,15,16,23,12,21,22],"class_list":{"0":"post-260266","1":"post","2":"type-post","3":"status-publish","4":"format-standard","5":"has-post-thumbnail","7":"category-titulares","8":"tag-breaking-news","9":"tag-breakingnews","10":"tag-es","11":"tag-espana","12":"tag-featured-news","13":"tag-featurednews","14":"tag-headlines","15":"tag-latest-news","16":"tag-latestnews","17":"tag-news","18":"tag-noticias","19":"tag-noticias-destacadas","20":"tag-noticiasdestacadas","21":"tag-spain","22":"tag-titulares","23":"tag-ultimas-noticias","24":"tag-ultimasnoticias"},"share_on_mastodon":{"url":"https:\/\/pubeurope.com\/@es\/115627268973319164","error":""},"_links":{"self":[{"href":"https:\/\/www.europesays.com\/es\/wp-json\/wp\/v2\/posts\/260266","targetHints":{"allow":["GET"]}}],"collection":[{"href":"https:\/\/www.europesays.com\/es\/wp-json\/wp\/v2\/posts"}],"about":[{"href":"https:\/\/www.europesays.com\/es\/wp-json\/wp\/v2\/types\/post"}],"author":[{"embeddable":true,"href":"https:\/\/www.europesays.com\/es\/wp-json\/wp\/v2\/users\/2"}],"replies":[{"embeddable":true,"href":"https:\/\/www.europesays.com\/es\/wp-json\/wp\/v2\/comments?post=260266"}],"version-history":[{"count":0,"href":"https:\/\/www.europesays.com\/es\/wp-json\/wp\/v2\/posts\/260266\/revisions"}],"wp:featuredmedia":[{"embeddable":true,"href":"https:\/\/www.europesays.com\/es\/wp-json\/wp\/v2\/media\/168905"}],"wp:attachment":[{"href":"https:\/\/www.europesays.com\/es\/wp-json\/wp\/v2\/media?parent=260266"}],"wp:term":[{"taxonomy":"category","embeddable":true,"href":"https:\/\/www.europesays.com\/es\/wp-json\/wp\/v2\/categories?post=260266"},{"taxonomy":"post_tag","embeddable":true,"href":"https:\/\/www.europesays.com\/es\/wp-json\/wp\/v2\/tags?post=260266"}],"curies":[{"name":"wp","href":"https:\/\/api.w.org\/{rel}","templated":true}]}}