{"id":260267,"date":"2025-11-28T12:19:08","date_gmt":"2025-11-28T12:19:08","guid":{"rendered":"https:\/\/www.europesays.com\/es\/260267\/"},"modified":"2025-11-28T12:19:08","modified_gmt":"2025-11-28T12:19:08","slug":"evenepoel-y-van-der-poel-entrenan-juntos-en-alicante-en-el-festival-del-sufrimiento","status":"publish","type":"post","link":"https:\/\/www.europesays.com\/es\/260267\/","title":{"rendered":"Evenepoel y Van der Poel entrenan juntos en Alicante en el \u201cfestival del sufrimiento\u201d"},"content":{"rendered":"<p class=\"\"><b>Remco Evenepoel y Mathieu Van der Poel ya han comenzado su preparaci\u00f3n para la temporada 2026<\/b> por las carreteras de Alicante, donde realizar\u00e1n buena parte de entrenamientos de pretemporada junto a sus equipos para coger forma de cara al pr\u00f3ximo a\u00f1o.<\/p>\n<p class=\"\">Este jueves <b>Evenepoel, a\u00fan con el maillot del Soudal Quick-Step, y Van der Poel coincidieron en la salida que hicieron en Alicante<\/b> junto a los ciclistas Arvid de Kleijn, Luke Verburg y Freddy Ovett, que comparti\u00f3 las cifras de la actividad en Strava.<\/p>\n<p class=\"\">Una salida en la que el grupo complet\u00f3 un total de<b> 128 kil\u00f3metros en cuatro horas<\/b> y donde ascendieron cerca de 2.000 metros de desnivel positivo pasando por el frecuentado<b> Coll de Rates,<\/b> un cl\u00e1sico de cada pretemporada para muchos ciclistas del pelot\u00f3n.<\/p>\n<p>Noticias relacionadas<\/p>\n<p class=\"\">La salida tambi\u00e9n fue motivo de orgullo para Ovett por seguir a un \u201cgrupo caro\u201d, mientras que Evenepoel tambi\u00e9n comparti\u00f3 una imagen de este entrenamiento con el comentario:<b> \u201cDe vuelta al festival del sufrimiento\u201d. <\/b>Un sufrimiento inicial que tanto Evenepoel como Van der Poel esperan que d\u00e9 sus frutos a base de victorias en la temporada 2026.<\/p>\n<p class=\"\"><b>\u00a1Tus opiniones importan!<\/b> Comenta en los art\u00edculos y suscr\u00edbete gratis a nuestra <a href=\"https:\/\/asfan.as.com\/newsletters\/\" target=\"_blank\" rel=\"nofollow noopener\" title=\"https:\/\/asfan.as.com\/newsletters\/\">newsletter<\/a> y a las alertas informativas en la <a href=\"https:\/\/as.com\/aplicacion-de-as-n\/\" target=\"_blank\" rel=\"nofollow noopener\" title=\"https:\/\/as.com\/aplicacion-de-as-n\/\">App<\/a> o el canal de <a href=\"https:\/\/www.whatsapp.com\/channel\/0029VaAasdA7j6g745nz9M10\" target=\"_blank\" rel=\"nofollow noopener\" title=\"https:\/\/www.whatsapp.com\/channel\/0029VaAasdA7j6g745nz9M10\">WhatsApp<\/a>. \u00bfBuscas licenciar contenido? Haz clic <a href=\"https:\/\/profesional.elpais.com\/soluciones-sindicacion?utm_medium=interno&amp;utm_source=crosslinking&amp;utm_campaign=sindicacion_as_pie_articulos\" target=\"_blank\" rel=\"nofollow noopener\" title=\"https:\/\/profesional.elpais.com\/soluciones-sindicacion?utm_medium=interno&amp;utm_source=crosslinking&amp;utm_campaign=sindicacion_as_pie_articulos\">aqu\u00ed<\/a><\/p>\n","protected":false},"excerpt":{"rendered":"Remco Evenepoel y Mathieu Van der Poel ya han comenzado su preparaci\u00f3n para la temporada 2026 por las&hellip;\n","protected":false},"author":2,"featured_media":260268,"comment_status":"","ping_status":"","sticky":false,"template":"","format":"standard","meta":{"footnotes":""},"categories":[273],"tags":[313,312,168,25,24,23,167],"class_list":{"0":"post-260267","1":"post","2":"type-post","3":"status-publish","4":"format-standard","5":"has-post-thumbnail","7":"category-ciclismo","8":"tag-ciclismo","9":"tag-cycling","10":"tag-deportes","11":"tag-es","12":"tag-espana","13":"tag-spain","14":"tag-sports"},"share_on_mastodon":{"url":"https:\/\/pubeurope.com\/@es\/115627292285641895","error":""},"_links":{"self":[{"href":"https:\/\/www.europesays.com\/es\/wp-json\/wp\/v2\/posts\/260267","targetHints":{"allow":["GET"]}}],"collection":[{"href":"https:\/\/www.europesays.com\/es\/wp-json\/wp\/v2\/posts"}],"about":[{"href":"https:\/\/www.europesays.com\/es\/wp-json\/wp\/v2\/types\/post"}],"author":[{"embeddable":true,"href":"https:\/\/www.europesays.com\/es\/wp-json\/wp\/v2\/users\/2"}],"replies":[{"embeddable":true,"href":"https:\/\/www.europesays.com\/es\/wp-json\/wp\/v2\/comments?post=260267"}],"version-history":[{"count":0,"href":"https:\/\/www.europesays.com\/es\/wp-json\/wp\/v2\/posts\/260267\/revisions"}],"wp:featuredmedia":[{"embeddable":true,"href":"https:\/\/www.europesays.com\/es\/wp-json\/wp\/v2\/media\/260268"}],"wp:attachment":[{"href":"https:\/\/www.europesays.com\/es\/wp-json\/wp\/v2\/media?parent=260267"}],"wp:term":[{"taxonomy":"category","embeddable":true,"href":"https:\/\/www.europesays.com\/es\/wp-json\/wp\/v2\/categories?post=260267"},{"taxonomy":"post_tag","embeddable":true,"href":"https:\/\/www.europesays.com\/es\/wp-json\/wp\/v2\/tags?post=260267"}],"curies":[{"name":"wp","href":"https:\/\/api.w.org\/{rel}","templated":true}]}}