{"id":260275,"date":"2025-11-28T12:24:15","date_gmt":"2025-11-28T12:24:15","guid":{"rendered":"https:\/\/www.europesays.com\/es\/260275\/"},"modified":"2025-11-28T12:24:15","modified_gmt":"2025-11-28T12:24:15","slug":"el-centro-cultural-loac-de-alaior-se-incorpora-al-mapa-de-museos-de-arte-contemporaneo-de-espana","status":"publish","type":"post","link":"https:\/\/www.europesays.com\/es\/260275\/","title":{"rendered":"El centro cultural L\u00d4AC de Alaior se incorpora al Mapa de Museos de Arte Contempor\u00e1neo de Espa\u00f1a"},"content":{"rendered":"<p>El <strong>centro cultural L\u00d4AC de Alaior<\/strong> ha sido incorporado al <strong>Mapa de Museos de Arte Contempor\u00e1neo de Espa\u00f1a<\/strong> (Macme) que promueve la Universidad de Zaragoza, seg\u00fan ha anunciado este jueves el Ayuntamiento.<\/p>\n<p>El Macme es una <strong>herramienta de referencia para investigadores y profesionales art\u00edsticos<\/strong> que permite localizar, consultar y conocer, en una sola plataforma, los museos y espacios de arte contempor\u00e1neo distribuidos por todo el Estado.<\/p>\n<p>El alcalde, <strong>Jos\u00e9 Luis Benejam, ha celebrado que este hecho reafirme la condici\u00f3n de L\u00d4AC como referente cultural<\/strong> de Menorca y Baleares y consolide la proyecci\u00f3n de Alaior en el circuito del arte contempor\u00e1neo espa\u00f1ol.<\/p>\n<p>\u00abRepresenta un <strong>reconocimiento al trabajo hecho y a la decidida apuesta de Alaior por la cultura y el arte<\/strong> contempor\u00e1neo\u00bb, ha recalcado Benejam para quien <strong> L\u00d4AC<\/strong>\u00abes una pieza clave\u00bb del proyecto cultural y la proyecci\u00f3n del municipio.<\/p>\n","protected":false},"excerpt":{"rendered":"El centro cultural L\u00d4AC de Alaior ha sido incorporado al Mapa de Museos de Arte Contempor\u00e1neo de Espa\u00f1a&hellip;\n","protected":false},"author":2,"featured_media":260276,"comment_status":"","ping_status":"","sticky":false,"template":"","format":"standard","meta":{"footnotes":""},"categories":[173],"tags":[229,2250,233,231,230,209,232,234,146,147,25,24,65068,23],"class_list":{"0":"post-260275","1":"post","2":"type-post","3":"status-publish","4":"format-standard","5":"has-post-thumbnail","7":"category-arte-y-diseno","8":"tag-arte","9":"tag-arte-en-menorca","10":"tag-arte-y-diseno","11":"tag-arts","12":"tag-arts-and-design","13":"tag-cultura","14":"tag-design","15":"tag-diseno","16":"tag-entertainment","17":"tag-entretenimiento","18":"tag-es","19":"tag-espana","20":"tag-loac","21":"tag-spain"},"share_on_mastodon":{"url":"https:\/\/pubeurope.com\/@es\/115627311944327091","error":""},"_links":{"self":[{"href":"https:\/\/www.europesays.com\/es\/wp-json\/wp\/v2\/posts\/260275","targetHints":{"allow":["GET"]}}],"collection":[{"href":"https:\/\/www.europesays.com\/es\/wp-json\/wp\/v2\/posts"}],"about":[{"href":"https:\/\/www.europesays.com\/es\/wp-json\/wp\/v2\/types\/post"}],"author":[{"embeddable":true,"href":"https:\/\/www.europesays.com\/es\/wp-json\/wp\/v2\/users\/2"}],"replies":[{"embeddable":true,"href":"https:\/\/www.europesays.com\/es\/wp-json\/wp\/v2\/comments?post=260275"}],"version-history":[{"count":0,"href":"https:\/\/www.europesays.com\/es\/wp-json\/wp\/v2\/posts\/260275\/revisions"}],"wp:featuredmedia":[{"embeddable":true,"href":"https:\/\/www.europesays.com\/es\/wp-json\/wp\/v2\/media\/260276"}],"wp:attachment":[{"href":"https:\/\/www.europesays.com\/es\/wp-json\/wp\/v2\/media?parent=260275"}],"wp:term":[{"taxonomy":"category","embeddable":true,"href":"https:\/\/www.europesays.com\/es\/wp-json\/wp\/v2\/categories?post=260275"},{"taxonomy":"post_tag","embeddable":true,"href":"https:\/\/www.europesays.com\/es\/wp-json\/wp\/v2\/tags?post=260275"}],"curies":[{"name":"wp","href":"https:\/\/api.w.org\/{rel}","templated":true}]}}