{"id":260277,"date":"2025-11-28T12:26:13","date_gmt":"2025-11-28T12:26:13","guid":{"rendered":"https:\/\/www.europesays.com\/es\/260277\/"},"modified":"2025-11-28T12:26:13","modified_gmt":"2025-11-28T12:26:13","slug":"la-miniserie-en-netflix-que-es-un-coming-of-age-con-superpoderes","status":"publish","type":"post","link":"https:\/\/www.europesays.com\/es\/260277\/","title":{"rendered":"la miniserie en Netflix que es un &#8216;coming-of-age&#8217; con superpoderes"},"content":{"rendered":"\n<ul class=\"bodyList bodyList--unordered\">\n<li class=\"bodyList__item\"><strong><a href=\"https:\/\/www.elconfidencial.com\/television\/series-tv\/2025-10-29\/miniserie-documental-western-netflix-ed-harris-1qrt_4236737\/\" target=\"_self\" rel=\"nofollow noopener\">Solo tiene 6 cap\u00edtulos y est\u00e1 en Netflix: la miniserie sobre el Oeste narrada por Ed Harris, que devorar\u00e1s en un solo fin de semana<\/a><\/strong><\/li>\n<li class=\"bodyList__item\"><strong><a href=\"https:\/\/profile.google.com\/cp\/CgsvZy8xMjI2ZzRoMA\" target=\"_blank\" rel=\"nofollow noopener\">Sigue a El Confidencial en Google Discover para enterarte de todas las noticias<\/a><\/strong><\/li>\n<\/ul>\n<p> Tiene siete cap\u00edtulos y se ha convertido en una apuesta ideal para quienes buscan una miniserie corta en <a href=\"https:\/\/www.elconfidencial.com\/tags\/temas\/series-de-netflix-19497\/\" target=\"_self\" rel=\"nofollow noopener\">Netflix<\/a>, marcada por el tono juvenil y los elementos sobrenaturales. La historia gira en torno a una adolescente que <strong>descubre habilidades fuera de su control<\/strong>, al tiempo que lidia con amistades, duelos y primeras emociones. <\/p>\n<p> La producci\u00f3n es Esta mierda me supera, una ficci\u00f3n basada en<strong> la novela gr\u00e1fica de Charles Forsman<\/strong>, que lleg\u00f3 a la plataforma en 2020. La serie, creada por Jonathan Entwistle y Christy Hall, propone un retrato juvenil que mezcla drama cotidiano, humor negro y un componente fant\u00e1stico que avanza a medida que la protagonista afronta conflictos familiares y afectivos. La temporada fue concebida como una historia cerrada, pese a que posteriormente se estudi\u00f3 una continuaci\u00f3n cancelada en 2020, por causas vinculadas a <a href=\"https:\/\/www.elconfidencial.com\/tags\/temas\/coronavirus-20888\/\" target=\"_self\" rel=\"nofollow noopener\">la pandemia<\/a>. <\/p>\n<p>              <img decoding=\"async\" class=\"inTextNews__img\" alt=\"Foto: miniserie-skyshowtime-el-mago-de-oz-1qrt\" src=\"https:\/\/www.europesays.com\/es\/wp-content\/uploads\/2025\/11\/f.elconfidencial.com\/original\/11a\/c5c\/6a6\/11ac5c6a6f4b851216b9bcc0b057ca0e.jpg\"  \/>     <\/p>\n<p>TE PUEDE INTERESAR<\/p>\n<p>      <a class=\"inTextNews__title\" href=\"https:\/\/www.elconfidencial.com\/television\/series-tv\/2025-11-21\/miniserie-skyshowtime-el-mago-de-oz-1qrt_4251800\/\" onclick=\"window.ECCO.emit(&#039;amplitude&#039;, { dataEventName: &#039;click_related_article_module&#039;, data: { related_article_url: &#039;https:\/\/www.elconfidencial.com\/television\/series-tv\/2025-11-21\/miniserie-skyshowtime-el-mago-de-oz-1qrt_4251800\/&#039;, related_article_author: &#039;Alberto Richart&#039;, related_article_section: &#039;series-tv&#039; } })\" rel=\"nofollow noopener\" target=\"_blank\"> Si te gusta &#8216;Wicked&#8217;, esta miniserie fant\u00e1stica en SkyShowtime adapta el mismo universo, y solo tiene 10 cap\u00edtulos <\/a>   <\/p>\n<p>    A. Richart   <\/p>\n<p> El peso interpretativo recae en Sophia Lillis, quien encarna a Sydney Novak, una joven marcada por la muerte de su padre y por una convivencia tensa con su madre, papel interpretado por Kathleen Rose Perkins. La relaci\u00f3n con su hermano menor y el v\u00ednculo cambiante con sus dos apoyos m\u00e1s cercanos, Stanley Barber, interpretado por Wyatt Oleff, y su mejor amiga Dina, a quien da vida Sofia Bryant, construyen un retrato \u00edntimo donde los poderes aparecen como <strong>una met\u00e1fora del desbordamiento emocional <\/strong>propio de la adolescencia. <\/p>\n<p> Adem\u00e1s, las tramas de instituto incorporan din\u00e1micas de amistad, identidad y presi\u00f3n social que conectan con todos los p\u00fablicos. La temporada, compuesta por siete episodios dirigidos en su totalidad por Entwistle y rodada en localizaciones reales de Pensilvania, sigue la progresi\u00f3n de Sydney mientras<strong> intenta comprender el origen de sus habilidades<\/strong> y el impacto que estas tienen sobre quienes la rodean. <\/p>\n<p>Avance de &#8216;Esta mierda me supera&#8217;. (Netflix)<\/p>\n<p> Con un ritmo \u00e1gil y un final que dej\u00f3 abierta la posibilidad de profundizar en su universo, Esta mierda me supera obtuvo valoraciones positivas en los medios especializados y las webs de valoraciones de usuarios. Su combinaci\u00f3n de <a href=\"https:\/\/www.elconfidencial.com\/tags\/otros\/adolescencia-6744\/\" target=\"_self\" rel=\"nofollow noopener\">drama adolescente<\/a>, su tono ir\u00f3nico y sus poderes sobrenaturales la mantiene como una opci\u00f3n perfecta para <strong>un fin de semana de marat\u00f3n<\/strong> en la plataforma de streaming. <\/p>\n","protected":false},"excerpt":{"rendered":"Solo tiene 6 cap\u00edtulos y est\u00e1 en Netflix: la miniserie sobre el Oeste narrada por Ed Harris, que&hellip;\n","protected":false},"author":2,"featured_media":260278,"comment_status":"","ping_status":"","sticky":false,"template":"","format":"standard","meta":{"footnotes":""},"categories":[171],"tags":[146,147,25,24,23,214],"class_list":{"0":"post-260277","1":"post","2":"type-post","3":"status-publish","4":"format-standard","5":"has-post-thumbnail","7":"category-tv","8":"tag-entertainment","9":"tag-entretenimiento","10":"tag-es","11":"tag-espana","12":"tag-spain","13":"tag-tv"},"share_on_mastodon":{"url":"https:\/\/pubeurope.com\/@es\/115627320161684270","error":""},"_links":{"self":[{"href":"https:\/\/www.europesays.com\/es\/wp-json\/wp\/v2\/posts\/260277","targetHints":{"allow":["GET"]}}],"collection":[{"href":"https:\/\/www.europesays.com\/es\/wp-json\/wp\/v2\/posts"}],"about":[{"href":"https:\/\/www.europesays.com\/es\/wp-json\/wp\/v2\/types\/post"}],"author":[{"embeddable":true,"href":"https:\/\/www.europesays.com\/es\/wp-json\/wp\/v2\/users\/2"}],"replies":[{"embeddable":true,"href":"https:\/\/www.europesays.com\/es\/wp-json\/wp\/v2\/comments?post=260277"}],"version-history":[{"count":0,"href":"https:\/\/www.europesays.com\/es\/wp-json\/wp\/v2\/posts\/260277\/revisions"}],"wp:featuredmedia":[{"embeddable":true,"href":"https:\/\/www.europesays.com\/es\/wp-json\/wp\/v2\/media\/260278"}],"wp:attachment":[{"href":"https:\/\/www.europesays.com\/es\/wp-json\/wp\/v2\/media?parent=260277"}],"wp:term":[{"taxonomy":"category","embeddable":true,"href":"https:\/\/www.europesays.com\/es\/wp-json\/wp\/v2\/categories?post=260277"},{"taxonomy":"post_tag","embeddable":true,"href":"https:\/\/www.europesays.com\/es\/wp-json\/wp\/v2\/tags?post=260277"}],"curies":[{"name":"wp","href":"https:\/\/api.w.org\/{rel}","templated":true}]}}